{"id":1098,"date":"1970-01-01T00:00:00","date_gmt":"1969-12-31T22:00:00","guid":{"rendered":"https:\/\/urolake.eus\/el-urola-empato-en-campo-del-amara-berri-y-continua-quinto-en-la-clasificacion\/"},"modified":"2022-08-24T10:20:56","modified_gmt":"2022-08-24T08:20:56","slug":"el-urola-empato-en-campo-del-amara-berri-y-continua-quinto-en-la-clasificacion","status":"publish","type":"post","link":"https:\/\/urolake.eus\/es\/el-urola-empato-en-campo-del-amara-berri-y-continua-quinto-en-la-clasificacion\/","title":{"rendered":"El Urola empat\u00f3 en campo del Amara Berri y contin\u00faa quinto en la clasificaci\u00f3n."},"content":{"rendered":"<p>I\u00d1AKI URTEAGA-ZUMARRAGA-DV.- El Urola empat\u00f3 a uno en campo del Amara Berri y contin\u00faa quinto en la clasificaci\u00f3n, con 34 puntos en su haber.  Los amarillos no empezaron con buen pie. \u00abEn el primer minuto ya nos hab\u00edan metido el gol. No s\u00e9 lo que pasa, si no salimos concentrados o qu\u00e9, pero esto es algo que nos sucede frecuentemente\u00bb, sostiene I\u00f1aki Aranzadi, entrenador del Urola.  No obstante, \u00abal filo del minuto treinta empatamos merced a un gol de Ales Aristi. Adem\u00e1s tuvimos otras dos oportunidades clar\u00edsimas: un poste y un larguero\u00bb. Tambi\u00e9n hay que decir que \u00aben el primer cuarto de hora nos pod\u00edan haber metido 2 \u00f3 3 goles, aunque le dimos la vuelta\u00bb.  El entrenador da por bueno el empate ya que el segundo tiempo \u00abfue un desastre. Nos dominaron por completo\u00bb, dice.  La pr\u00f3xima jornada el Urola recibir\u00e1 al Antzuola en Argixao. \u00abVan tres puntos por delante. No s\u00e9 c\u00f3mo andaremos, al tener tantos lesionados el equipo ha bajado bastante\u00bb, explica Aranzadi.<br \/>\n\u00abEl s\u00e1bado fuimos catorce, no hab\u00eda m\u00e1s. Hemos subido a tres juveniles y andamos haciendo virger\u00edas con los que est\u00e1n. A ver si recuperamos a alguno de los lesionados\u00bb.<\/p>\n","protected":false},"excerpt":{"rendered":"<p>El Urola empat\u00f3 a uno en campo del Amara Berri y contin\u00faa quinto en la clasificaci\u00f3n, con 34 puntos en su haber.<\/p>\n","protected":false},"author":1,"featured_media":1097,"comment_status":"closed","ping_status":"closed","sticky":false,"template":"","format":"standard","meta":{"_acf_changed":false,"footnotes":""},"categories":[6],"tags":[44],"class_list":["post-1098","post","type-post","status-publish","format-standard","has-post-thumbnail","hentry","category-noticias","tag-senior-masculino-es-2"],"acf":[],"yoast_head":"<!-- This site is optimized with the Yoast SEO plugin v27.5 - https:\/\/yoast.com\/product\/yoast-seo-wordpress\/ -->\n<title>El Urola empat\u00f3 en campo del Amara Berri y contin\u00faa quinto en la clasificaci\u00f3n. - Urola K.E.<\/title>\n<meta name=\"robots\" content=\"index, follow, max-snippet:-1, max-image-preview:large, max-video-preview:-1\" \/>\n<link rel=\"canonical\" href=\"https:\/\/urolake.eus\/es\/el-urola-empato-en-campo-del-amara-berri-y-continua-quinto-en-la-clasificacion\/\" \/>\n<meta property=\"og:locale\" content=\"es_ES\" \/>\n<meta property=\"og:type\" content=\"article\" \/>\n<meta property=\"og:title\" content=\"El Urola empat\u00f3 en campo del Amara Berri y contin\u00faa quinto en la clasificaci\u00f3n. - Urola K.E.\" \/>\n<meta property=\"og:description\" content=\"El Urola empat\u00f3 a uno en campo del Amara Berri y contin\u00faa quinto en la clasificaci\u00f3n, con 34 puntos en su haber.\" \/>\n<meta property=\"og:url\" content=\"https:\/\/urolake.eus\/es\/el-urola-empato-en-campo-del-amara-berri-y-continua-quinto-en-la-clasificacion\/\" \/>\n<meta property=\"og:site_name\" content=\"Urola K.E.\" \/>\n<meta property=\"article:published_time\" content=\"1969-12-31T22:00:00+00:00\" \/>\n<meta property=\"article:modified_time\" content=\"2022-08-24T08:20:56+00:00\" \/>\n<meta property=\"og:image\" content=\"https:\/\/urolake.eus\/wp-content\/uploads\/2022\/07\/88692008191962475.279425.jpg\" \/>\n\t<meta property=\"og:image:width\" content=\"253\" \/>\n\t<meta property=\"og:image:height\" content=\"150\" \/>\n\t<meta property=\"og:image:type\" content=\"image\/jpeg\" \/>\n<meta name=\"author\" content=\"kudeatzailea\" \/>\n<meta name=\"twitter:card\" content=\"summary_large_image\" \/>\n<meta name=\"twitter:label1\" content=\"Escrito por\" \/>\n\t<meta name=\"twitter:data1\" content=\"kudeatzailea\" \/>\n\t<meta name=\"twitter:label2\" content=\"Tiempo de lectura\" \/>\n\t<meta name=\"twitter:data2\" content=\"1 minuto\" \/>\n<script type=\"application\/ld+json\" class=\"yoast-schema-graph\">{\"@context\":\"https:\\\/\\\/schema.org\",\"@graph\":[{\"@type\":\"Article\",\"@id\":\"https:\\\/\\\/urolake.eus\\\/es\\\/el-urola-empato-en-campo-del-amara-berri-y-continua-quinto-en-la-clasificacion\\\/#article\",\"isPartOf\":{\"@id\":\"https:\\\/\\\/urolake.eus\\\/es\\\/el-urola-empato-en-campo-del-amara-berri-y-continua-quinto-en-la-clasificacion\\\/\"},\"author\":{\"name\":\"kudeatzailea\",\"@id\":\"https:\\\/\\\/urolake.eus\\\/es\\\/#\\\/schema\\\/person\\\/899b849d417733bd065eefb4edc60fa5\"},\"headline\":\"El Urola empat\u00f3 en campo del Amara Berri y contin\u00faa quinto en la clasificaci\u00f3n.\",\"datePublished\":\"1969-12-31T22:00:00+00:00\",\"dateModified\":\"2022-08-24T08:20:56+00:00\",\"mainEntityOfPage\":{\"@id\":\"https:\\\/\\\/urolake.eus\\\/es\\\/el-urola-empato-en-campo-del-amara-berri-y-continua-quinto-en-la-clasificacion\\\/\"},\"wordCount\":224,\"publisher\":{\"@id\":\"https:\\\/\\\/urolake.eus\\\/es\\\/#organization\"},\"image\":{\"@id\":\"https:\\\/\\\/urolake.eus\\\/es\\\/el-urola-empato-en-campo-del-amara-berri-y-continua-quinto-en-la-clasificacion\\\/#primaryimage\"},\"thumbnailUrl\":\"https:\\\/\\\/urolake.eus\\\/wp-content\\\/uploads\\\/2022\\\/07\\\/88692008191962475.279425.jpg\",\"keywords\":[\"Senior Masculino\"],\"articleSection\":[\"Noticias\"],\"inLanguage\":\"es\"},{\"@type\":\"WebPage\",\"@id\":\"https:\\\/\\\/urolake.eus\\\/es\\\/el-urola-empato-en-campo-del-amara-berri-y-continua-quinto-en-la-clasificacion\\\/\",\"url\":\"https:\\\/\\\/urolake.eus\\\/es\\\/el-urola-empato-en-campo-del-amara-berri-y-continua-quinto-en-la-clasificacion\\\/\",\"name\":\"El Urola empat\u00f3 en campo del Amara Berri y contin\u00faa quinto en la clasificaci\u00f3n. - Urola K.E.\",\"isPartOf\":{\"@id\":\"https:\\\/\\\/urolake.eus\\\/es\\\/#website\"},\"primaryImageOfPage\":{\"@id\":\"https:\\\/\\\/urolake.eus\\\/es\\\/el-urola-empato-en-campo-del-amara-berri-y-continua-quinto-en-la-clasificacion\\\/#primaryimage\"},\"image\":{\"@id\":\"https:\\\/\\\/urolake.eus\\\/es\\\/el-urola-empato-en-campo-del-amara-berri-y-continua-quinto-en-la-clasificacion\\\/#primaryimage\"},\"thumbnailUrl\":\"https:\\\/\\\/urolake.eus\\\/wp-content\\\/uploads\\\/2022\\\/07\\\/88692008191962475.279425.jpg\",\"datePublished\":\"1969-12-31T22:00:00+00:00\",\"dateModified\":\"2022-08-24T08:20:56+00:00\",\"breadcrumb\":{\"@id\":\"https:\\\/\\\/urolake.eus\\\/es\\\/el-urola-empato-en-campo-del-amara-berri-y-continua-quinto-en-la-clasificacion\\\/#breadcrumb\"},\"inLanguage\":\"es\",\"potentialAction\":[{\"@type\":\"ReadAction\",\"target\":[\"https:\\\/\\\/urolake.eus\\\/es\\\/el-urola-empato-en-campo-del-amara-berri-y-continua-quinto-en-la-clasificacion\\\/\"]}]},{\"@type\":\"ImageObject\",\"inLanguage\":\"es\",\"@id\":\"https:\\\/\\\/urolake.eus\\\/es\\\/el-urola-empato-en-campo-del-amara-berri-y-continua-quinto-en-la-clasificacion\\\/#primaryimage\",\"url\":\"https:\\\/\\\/urolake.eus\\\/wp-content\\\/uploads\\\/2022\\\/07\\\/88692008191962475.279425.jpg\",\"contentUrl\":\"https:\\\/\\\/urolake.eus\\\/wp-content\\\/uploads\\\/2022\\\/07\\\/88692008191962475.279425.jpg\",\"width\":253,\"height\":150},{\"@type\":\"BreadcrumbList\",\"@id\":\"https:\\\/\\\/urolake.eus\\\/es\\\/el-urola-empato-en-campo-del-amara-berri-y-continua-quinto-en-la-clasificacion\\\/#breadcrumb\",\"itemListElement\":[{\"@type\":\"ListItem\",\"position\":1,\"name\":\"Inicio\",\"item\":\"https:\\\/\\\/urolake.eus\\\/es\\\/\"},{\"@type\":\"ListItem\",\"position\":2,\"name\":\"Noticias\",\"item\":\"https:\\\/\\\/urolake.eus\\\/es\\\/noticias\\\/\"},{\"@type\":\"ListItem\",\"position\":3,\"name\":\"El Urola empat\u00f3 en campo del Amara Berri y contin\u00faa quinto en la clasificaci\u00f3n.\"}]},{\"@type\":\"WebSite\",\"@id\":\"https:\\\/\\\/urolake.eus\\\/es\\\/#website\",\"url\":\"https:\\\/\\\/urolake.eus\\\/es\\\/\",\"name\":\"Urola K.E.\",\"description\":\"\",\"publisher\":{\"@id\":\"https:\\\/\\\/urolake.eus\\\/es\\\/#organization\"},\"potentialAction\":[{\"@type\":\"SearchAction\",\"target\":{\"@type\":\"EntryPoint\",\"urlTemplate\":\"https:\\\/\\\/urolake.eus\\\/es\\\/?s={search_term_string}\"},\"query-input\":{\"@type\":\"PropertyValueSpecification\",\"valueRequired\":true,\"valueName\":\"search_term_string\"}}],\"inLanguage\":\"es\"},{\"@type\":\"Organization\",\"@id\":\"https:\\\/\\\/urolake.eus\\\/es\\\/#organization\",\"name\":\"Urola K.E.\",\"url\":\"https:\\\/\\\/urolake.eus\\\/es\\\/\",\"logo\":{\"@type\":\"ImageObject\",\"inLanguage\":\"es\",\"@id\":\"https:\\\/\\\/urolake.eus\\\/es\\\/#\\\/schema\\\/logo\\\/image\\\/\",\"url\":\"https:\\\/\\\/urolake.eus\\\/wp-content\\\/uploads\\\/2022\\\/08\\\/cropped-UrolaKEtxt2.png\",\"contentUrl\":\"https:\\\/\\\/urolake.eus\\\/wp-content\\\/uploads\\\/2022\\\/08\\\/cropped-UrolaKEtxt2.png\",\"width\":1000,\"height\":357,\"caption\":\"Urola K.E.\"},\"image\":{\"@id\":\"https:\\\/\\\/urolake.eus\\\/es\\\/#\\\/schema\\\/logo\\\/image\\\/\"}},{\"@type\":\"Person\",\"@id\":\"https:\\\/\\\/urolake.eus\\\/es\\\/#\\\/schema\\\/person\\\/899b849d417733bd065eefb4edc60fa5\",\"name\":\"kudeatzailea\",\"sameAs\":[\"https:\\\/\\\/urolake.eus\"]}]}<\/script>\n<!-- \/ Yoast SEO plugin. -->","yoast_head_json":{"title":"El Urola empat\u00f3 en campo del Amara Berri y contin\u00faa quinto en la clasificaci\u00f3n. - Urola K.E.","robots":{"index":"index","follow":"follow","max-snippet":"max-snippet:-1","max-image-preview":"max-image-preview:large","max-video-preview":"max-video-preview:-1"},"canonical":"https:\/\/urolake.eus\/es\/el-urola-empato-en-campo-del-amara-berri-y-continua-quinto-en-la-clasificacion\/","og_locale":"es_ES","og_type":"article","og_title":"El Urola empat\u00f3 en campo del Amara Berri y contin\u00faa quinto en la clasificaci\u00f3n. - Urola K.E.","og_description":"El Urola empat\u00f3 a uno en campo del Amara Berri y contin\u00faa quinto en la clasificaci\u00f3n, con 34 puntos en su haber.","og_url":"https:\/\/urolake.eus\/es\/el-urola-empato-en-campo-del-amara-berri-y-continua-quinto-en-la-clasificacion\/","og_site_name":"Urola K.E.","article_published_time":"1969-12-31T22:00:00+00:00","article_modified_time":"2022-08-24T08:20:56+00:00","og_image":[{"width":253,"height":150,"url":"https:\/\/urolake.eus\/wp-content\/uploads\/2022\/07\/88692008191962475.279425.jpg","type":"image\/jpeg"}],"author":"kudeatzailea","twitter_card":"summary_large_image","twitter_misc":{"Escrito por":"kudeatzailea","Tiempo de lectura":"1 minuto"},"schema":{"@context":"https:\/\/schema.org","@graph":[{"@type":"Article","@id":"https:\/\/urolake.eus\/es\/el-urola-empato-en-campo-del-amara-berri-y-continua-quinto-en-la-clasificacion\/#article","isPartOf":{"@id":"https:\/\/urolake.eus\/es\/el-urola-empato-en-campo-del-amara-berri-y-continua-quinto-en-la-clasificacion\/"},"author":{"name":"kudeatzailea","@id":"https:\/\/urolake.eus\/es\/#\/schema\/person\/899b849d417733bd065eefb4edc60fa5"},"headline":"El Urola empat\u00f3 en campo del Amara Berri y contin\u00faa quinto en la clasificaci\u00f3n.","datePublished":"1969-12-31T22:00:00+00:00","dateModified":"2022-08-24T08:20:56+00:00","mainEntityOfPage":{"@id":"https:\/\/urolake.eus\/es\/el-urola-empato-en-campo-del-amara-berri-y-continua-quinto-en-la-clasificacion\/"},"wordCount":224,"publisher":{"@id":"https:\/\/urolake.eus\/es\/#organization"},"image":{"@id":"https:\/\/urolake.eus\/es\/el-urola-empato-en-campo-del-amara-berri-y-continua-quinto-en-la-clasificacion\/#primaryimage"},"thumbnailUrl":"https:\/\/urolake.eus\/wp-content\/uploads\/2022\/07\/88692008191962475.279425.jpg","keywords":["Senior Masculino"],"articleSection":["Noticias"],"inLanguage":"es"},{"@type":"WebPage","@id":"https:\/\/urolake.eus\/es\/el-urola-empato-en-campo-del-amara-berri-y-continua-quinto-en-la-clasificacion\/","url":"https:\/\/urolake.eus\/es\/el-urola-empato-en-campo-del-amara-berri-y-continua-quinto-en-la-clasificacion\/","name":"El Urola empat\u00f3 en campo del Amara Berri y contin\u00faa quinto en la clasificaci\u00f3n. - Urola K.E.","isPartOf":{"@id":"https:\/\/urolake.eus\/es\/#website"},"primaryImageOfPage":{"@id":"https:\/\/urolake.eus\/es\/el-urola-empato-en-campo-del-amara-berri-y-continua-quinto-en-la-clasificacion\/#primaryimage"},"image":{"@id":"https:\/\/urolake.eus\/es\/el-urola-empato-en-campo-del-amara-berri-y-continua-quinto-en-la-clasificacion\/#primaryimage"},"thumbnailUrl":"https:\/\/urolake.eus\/wp-content\/uploads\/2022\/07\/88692008191962475.279425.jpg","datePublished":"1969-12-31T22:00:00+00:00","dateModified":"2022-08-24T08:20:56+00:00","breadcrumb":{"@id":"https:\/\/urolake.eus\/es\/el-urola-empato-en-campo-del-amara-berri-y-continua-quinto-en-la-clasificacion\/#breadcrumb"},"inLanguage":"es","potentialAction":[{"@type":"ReadAction","target":["https:\/\/urolake.eus\/es\/el-urola-empato-en-campo-del-amara-berri-y-continua-quinto-en-la-clasificacion\/"]}]},{"@type":"ImageObject","inLanguage":"es","@id":"https:\/\/urolake.eus\/es\/el-urola-empato-en-campo-del-amara-berri-y-continua-quinto-en-la-clasificacion\/#primaryimage","url":"https:\/\/urolake.eus\/wp-content\/uploads\/2022\/07\/88692008191962475.279425.jpg","contentUrl":"https:\/\/urolake.eus\/wp-content\/uploads\/2022\/07\/88692008191962475.279425.jpg","width":253,"height":150},{"@type":"BreadcrumbList","@id":"https:\/\/urolake.eus\/es\/el-urola-empato-en-campo-del-amara-berri-y-continua-quinto-en-la-clasificacion\/#breadcrumb","itemListElement":[{"@type":"ListItem","position":1,"name":"Inicio","item":"https:\/\/urolake.eus\/es\/"},{"@type":"ListItem","position":2,"name":"Noticias","item":"https:\/\/urolake.eus\/es\/noticias\/"},{"@type":"ListItem","position":3,"name":"El Urola empat\u00f3 en campo del Amara Berri y contin\u00faa quinto en la clasificaci\u00f3n."}]},{"@type":"WebSite","@id":"https:\/\/urolake.eus\/es\/#website","url":"https:\/\/urolake.eus\/es\/","name":"Urola K.E.","description":"","publisher":{"@id":"https:\/\/urolake.eus\/es\/#organization"},"potentialAction":[{"@type":"SearchAction","target":{"@type":"EntryPoint","urlTemplate":"https:\/\/urolake.eus\/es\/?s={search_term_string}"},"query-input":{"@type":"PropertyValueSpecification","valueRequired":true,"valueName":"search_term_string"}}],"inLanguage":"es"},{"@type":"Organization","@id":"https:\/\/urolake.eus\/es\/#organization","name":"Urola K.E.","url":"https:\/\/urolake.eus\/es\/","logo":{"@type":"ImageObject","inLanguage":"es","@id":"https:\/\/urolake.eus\/es\/#\/schema\/logo\/image\/","url":"https:\/\/urolake.eus\/wp-content\/uploads\/2022\/08\/cropped-UrolaKEtxt2.png","contentUrl":"https:\/\/urolake.eus\/wp-content\/uploads\/2022\/08\/cropped-UrolaKEtxt2.png","width":1000,"height":357,"caption":"Urola K.E."},"image":{"@id":"https:\/\/urolake.eus\/es\/#\/schema\/logo\/image\/"}},{"@type":"Person","@id":"https:\/\/urolake.eus\/es\/#\/schema\/person\/899b849d417733bd065eefb4edc60fa5","name":"kudeatzailea","sameAs":["https:\/\/urolake.eus"]}]}},"_links":{"self":[{"href":"https:\/\/urolake.eus\/es\/wp-json\/wp\/v2\/posts\/1098","targetHints":{"allow":["GET"]}}],"collection":[{"href":"https:\/\/urolake.eus\/es\/wp-json\/wp\/v2\/posts"}],"about":[{"href":"https:\/\/urolake.eus\/es\/wp-json\/wp\/v2\/types\/post"}],"author":[{"embeddable":true,"href":"https:\/\/urolake.eus\/es\/wp-json\/wp\/v2\/users\/1"}],"replies":[{"embeddable":true,"href":"https:\/\/urolake.eus\/es\/wp-json\/wp\/v2\/comments?post=1098"}],"version-history":[{"count":1,"href":"https:\/\/urolake.eus\/es\/wp-json\/wp\/v2\/posts\/1098\/revisions"}],"predecessor-version":[{"id":2909,"href":"https:\/\/urolake.eus\/es\/wp-json\/wp\/v2\/posts\/1098\/revisions\/2909"}],"wp:featuredmedia":[{"embeddable":true,"href":"https:\/\/urolake.eus\/es\/wp-json\/wp\/v2\/media\/1097"}],"wp:attachment":[{"href":"https:\/\/urolake.eus\/es\/wp-json\/wp\/v2\/media?parent=1098"}],"wp:term":[{"taxonomy":"category","embeddable":true,"href":"https:\/\/urolake.eus\/es\/wp-json\/wp\/v2\/categories?post=1098"},{"taxonomy":"post_tag","embeddable":true,"href":"https:\/\/urolake.eus\/es\/wp-json\/wp\/v2\/tags?post=1098"}],"curies":[{"name":"wp","href":"https:\/\/api.w.org\/{rel}","templated":true}]}}