{"id":1114,"date":"1970-01-01T00:00:00","date_gmt":"1969-12-31T22:00:00","guid":{"rendered":"https:\/\/urolake.eus\/osasuna-revalido-triunfo-en-el-xiii-memorial-txugi\/"},"modified":"2022-08-24T10:20:31","modified_gmt":"2022-08-24T08:20:31","slug":"osasuna-revalido-triunfo-en-el-xiii-memorial-txugi","status":"publish","type":"post","link":"https:\/\/urolake.eus\/es\/osasuna-revalido-triunfo-en-el-xiii-memorial-txugi\/","title":{"rendered":"Osasuna revalid\u00f3 triunfo en el XIII memorial Txugi."},"content":{"rendered":"<p>I\u00d1AKI URTEAGA-ZUMARRAGA-DV.-  Osasuna revalid\u00f3 triunfo en el memorial I\u00f1aki Mendiluze &#8216;Txugi&#8217; disputado ayer en el estadio municipal de Argixao. Los rojillos se hicieron acreedores, por segundo a\u00f1o consecutivo, del torneo de f\u00fatbol alev\u00edn al imponerse en la final (7-1) al Alav\u00e9s. Lo cierto es que el torneo disputado por los rojillos fue impecable. En la fase clasificatoria ganaron a Zarautz (2-1) y Eibar (3-0), empatando con Tolosa (1-1). En semifinales ganaron con autoridad a Zubieta XXI Real Sociedad (3-1) y en la final dejaron sentenciada la contienda en la primera mitad. Jugaron con abrumadora superioridad. Ya ganaban 6-0 al descanso.<br \/>\nEl segundo puesto del torneo fue para el Alav\u00e9s, que pese a caer esprepitosamente en la final, complet\u00f3 un buen torneo, ganando en la fase clasificatoria a Urola (4&#8211;0) y Alo\u00f1a Mendi (3-1) y empatando con Zubieta XXI Real Sociedad (2-2). En semifinales gan\u00f3 (2-0) al Tolosa.<br \/>\nTercero se clasific\u00f3 Zubieta XXI Real Sociedad. Cuarto fue el Tolosa. Quinto el Zarautz. Sexto el Eibar. S\u00e9ptimo el Alo\u00f1a Mendi y octavo el Urola.<br \/>\nEl equipo amarillo, dirigido por Juanjo Rat\u00f3n e I\u00f1aki Biain, estuvo integrado por los siguientes jugadores: Aitor Burdaspar, Ander Maroto, Andoni Mart\u00ednez, Asier Hern\u00e1ndez, Cristian Defrutos, Eneko Alustiza, Eneko Ramos, Eneko Salvador, Iker Arratibel, Josu Otaegi, Imanol Mart\u00edn, Unai Biain y Unai Iriberri. Completan la plantilla Alex Granado, Ander Alustiza, Iker Altuna, Iker Mujika, Jon Etxezarreta, Jon Mendizabal y Lander Seguin.<br \/>\nLos chavales de Urretxu y Zumarraga se clasificaron en \u00faltimo lugar, pero tuvieron ocasi\u00f3n de jugar contra grandes equipos, toda una experiencia. El torneo organizado por el Urola, en colaboraci\u00f3n con los ayuntamientos, volvi\u00f3 a ser una fiesta del f\u00fatbol base. Alrededor de ciento cincuenta chavales disfrutaron de un evento que es un cl\u00e1sico del f\u00fatbol en Semana Santa.<br \/>\nDe igual modo, el estadio de Argixao cit\u00f3 a caras conocidas del f\u00fatbol guipuzcoano caso de Juan Luis Larrea, Roberto Olabe o Agust\u00edn Gajate, entre otros.<\/p>\n","protected":false},"excerpt":{"rendered":"<p>Los rojillos ganaron 7-1 al Alav\u00e9s en la final del torneo alev\u00edn en recuerdo a I\u00f1aki Mendiluze.<\/p>\n","protected":false},"author":1,"featured_media":1113,"comment_status":"closed","ping_status":"closed","sticky":false,"template":"","format":"standard","meta":{"_acf_changed":false,"footnotes":""},"categories":[6],"tags":[42],"class_list":["post-1114","post","type-post","status-publish","format-standard","has-post-thumbnail","hentry","category-noticias","tag-torneo-txugi-es-2"],"acf":[],"yoast_head":"<!-- This site is optimized with the Yoast SEO plugin v27.5 - https:\/\/yoast.com\/product\/yoast-seo-wordpress\/ -->\n<title>Osasuna revalid\u00f3 triunfo en el XIII memorial Txugi. - Urola K.E.<\/title>\n<meta name=\"robots\" content=\"index, follow, max-snippet:-1, max-image-preview:large, max-video-preview:-1\" \/>\n<link rel=\"canonical\" href=\"https:\/\/urolake.eus\/es\/osasuna-revalido-triunfo-en-el-xiii-memorial-txugi\/\" \/>\n<meta property=\"og:locale\" content=\"es_ES\" \/>\n<meta property=\"og:type\" content=\"article\" \/>\n<meta property=\"og:title\" content=\"Osasuna revalid\u00f3 triunfo en el XIII memorial Txugi. - Urola K.E.\" \/>\n<meta property=\"og:description\" content=\"Los rojillos ganaron 7-1 al Alav\u00e9s en la final del torneo alev\u00edn en recuerdo a I\u00f1aki Mendiluze.\" \/>\n<meta property=\"og:url\" content=\"https:\/\/urolake.eus\/es\/osasuna-revalido-triunfo-en-el-xiii-memorial-txugi\/\" \/>\n<meta property=\"og:site_name\" content=\"Urola K.E.\" \/>\n<meta property=\"article:published_time\" content=\"1969-12-31T22:00:00+00:00\" \/>\n<meta property=\"article:modified_time\" content=\"2022-08-24T08:20:31+00:00\" \/>\n<meta property=\"og:image\" content=\"https:\/\/urolake.eus\/wp-content\/uploads\/2022\/07\/46722008272754491.346548.jpg\" \/>\n\t<meta property=\"og:image:width\" content=\"253\" \/>\n\t<meta property=\"og:image:height\" content=\"171\" \/>\n\t<meta property=\"og:image:type\" content=\"image\/jpeg\" \/>\n<meta name=\"author\" content=\"kudeatzailea\" \/>\n<meta name=\"twitter:card\" content=\"summary_large_image\" \/>\n<meta name=\"twitter:label1\" content=\"Escrito por\" \/>\n\t<meta name=\"twitter:data1\" content=\"kudeatzailea\" \/>\n\t<meta name=\"twitter:label2\" content=\"Tiempo de lectura\" \/>\n\t<meta name=\"twitter:data2\" content=\"2 minutos\" \/>\n<script type=\"application\/ld+json\" class=\"yoast-schema-graph\">{\"@context\":\"https:\\\/\\\/schema.org\",\"@graph\":[{\"@type\":\"Article\",\"@id\":\"https:\\\/\\\/urolake.eus\\\/es\\\/osasuna-revalido-triunfo-en-el-xiii-memorial-txugi\\\/#article\",\"isPartOf\":{\"@id\":\"https:\\\/\\\/urolake.eus\\\/es\\\/osasuna-revalido-triunfo-en-el-xiii-memorial-txugi\\\/\"},\"author\":{\"name\":\"kudeatzailea\",\"@id\":\"https:\\\/\\\/urolake.eus\\\/es\\\/#\\\/schema\\\/person\\\/899b849d417733bd065eefb4edc60fa5\"},\"headline\":\"Osasuna revalid\u00f3 triunfo en el XIII memorial Txugi.\",\"datePublished\":\"1969-12-31T22:00:00+00:00\",\"dateModified\":\"2022-08-24T08:20:31+00:00\",\"mainEntityOfPage\":{\"@id\":\"https:\\\/\\\/urolake.eus\\\/es\\\/osasuna-revalido-triunfo-en-el-xiii-memorial-txugi\\\/\"},\"wordCount\":349,\"publisher\":{\"@id\":\"https:\\\/\\\/urolake.eus\\\/es\\\/#organization\"},\"image\":{\"@id\":\"https:\\\/\\\/urolake.eus\\\/es\\\/osasuna-revalido-triunfo-en-el-xiii-memorial-txugi\\\/#primaryimage\"},\"thumbnailUrl\":\"https:\\\/\\\/urolake.eus\\\/wp-content\\\/uploads\\\/2022\\\/07\\\/46722008272754491.346548.jpg\",\"keywords\":[\"Torneo Txugi\"],\"articleSection\":[\"Noticias\"],\"inLanguage\":\"es\"},{\"@type\":\"WebPage\",\"@id\":\"https:\\\/\\\/urolake.eus\\\/es\\\/osasuna-revalido-triunfo-en-el-xiii-memorial-txugi\\\/\",\"url\":\"https:\\\/\\\/urolake.eus\\\/es\\\/osasuna-revalido-triunfo-en-el-xiii-memorial-txugi\\\/\",\"name\":\"Osasuna revalid\u00f3 triunfo en el XIII memorial Txugi. - Urola K.E.\",\"isPartOf\":{\"@id\":\"https:\\\/\\\/urolake.eus\\\/es\\\/#website\"},\"primaryImageOfPage\":{\"@id\":\"https:\\\/\\\/urolake.eus\\\/es\\\/osasuna-revalido-triunfo-en-el-xiii-memorial-txugi\\\/#primaryimage\"},\"image\":{\"@id\":\"https:\\\/\\\/urolake.eus\\\/es\\\/osasuna-revalido-triunfo-en-el-xiii-memorial-txugi\\\/#primaryimage\"},\"thumbnailUrl\":\"https:\\\/\\\/urolake.eus\\\/wp-content\\\/uploads\\\/2022\\\/07\\\/46722008272754491.346548.jpg\",\"datePublished\":\"1969-12-31T22:00:00+00:00\",\"dateModified\":\"2022-08-24T08:20:31+00:00\",\"breadcrumb\":{\"@id\":\"https:\\\/\\\/urolake.eus\\\/es\\\/osasuna-revalido-triunfo-en-el-xiii-memorial-txugi\\\/#breadcrumb\"},\"inLanguage\":\"es\",\"potentialAction\":[{\"@type\":\"ReadAction\",\"target\":[\"https:\\\/\\\/urolake.eus\\\/es\\\/osasuna-revalido-triunfo-en-el-xiii-memorial-txugi\\\/\"]}]},{\"@type\":\"ImageObject\",\"inLanguage\":\"es\",\"@id\":\"https:\\\/\\\/urolake.eus\\\/es\\\/osasuna-revalido-triunfo-en-el-xiii-memorial-txugi\\\/#primaryimage\",\"url\":\"https:\\\/\\\/urolake.eus\\\/wp-content\\\/uploads\\\/2022\\\/07\\\/46722008272754491.346548.jpg\",\"contentUrl\":\"https:\\\/\\\/urolake.eus\\\/wp-content\\\/uploads\\\/2022\\\/07\\\/46722008272754491.346548.jpg\",\"width\":253,\"height\":171},{\"@type\":\"BreadcrumbList\",\"@id\":\"https:\\\/\\\/urolake.eus\\\/es\\\/osasuna-revalido-triunfo-en-el-xiii-memorial-txugi\\\/#breadcrumb\",\"itemListElement\":[{\"@type\":\"ListItem\",\"position\":1,\"name\":\"Inicio\",\"item\":\"https:\\\/\\\/urolake.eus\\\/es\\\/\"},{\"@type\":\"ListItem\",\"position\":2,\"name\":\"Noticias\",\"item\":\"https:\\\/\\\/urolake.eus\\\/es\\\/noticias\\\/\"},{\"@type\":\"ListItem\",\"position\":3,\"name\":\"Osasuna revalid\u00f3 triunfo en el XIII memorial Txugi.\"}]},{\"@type\":\"WebSite\",\"@id\":\"https:\\\/\\\/urolake.eus\\\/es\\\/#website\",\"url\":\"https:\\\/\\\/urolake.eus\\\/es\\\/\",\"name\":\"Urola K.E.\",\"description\":\"\",\"publisher\":{\"@id\":\"https:\\\/\\\/urolake.eus\\\/es\\\/#organization\"},\"potentialAction\":[{\"@type\":\"SearchAction\",\"target\":{\"@type\":\"EntryPoint\",\"urlTemplate\":\"https:\\\/\\\/urolake.eus\\\/es\\\/?s={search_term_string}\"},\"query-input\":{\"@type\":\"PropertyValueSpecification\",\"valueRequired\":true,\"valueName\":\"search_term_string\"}}],\"inLanguage\":\"es\"},{\"@type\":\"Organization\",\"@id\":\"https:\\\/\\\/urolake.eus\\\/es\\\/#organization\",\"name\":\"Urola K.E.\",\"url\":\"https:\\\/\\\/urolake.eus\\\/es\\\/\",\"logo\":{\"@type\":\"ImageObject\",\"inLanguage\":\"es\",\"@id\":\"https:\\\/\\\/urolake.eus\\\/es\\\/#\\\/schema\\\/logo\\\/image\\\/\",\"url\":\"https:\\\/\\\/urolake.eus\\\/wp-content\\\/uploads\\\/2022\\\/08\\\/cropped-UrolaKEtxt2.png\",\"contentUrl\":\"https:\\\/\\\/urolake.eus\\\/wp-content\\\/uploads\\\/2022\\\/08\\\/cropped-UrolaKEtxt2.png\",\"width\":1000,\"height\":357,\"caption\":\"Urola K.E.\"},\"image\":{\"@id\":\"https:\\\/\\\/urolake.eus\\\/es\\\/#\\\/schema\\\/logo\\\/image\\\/\"}},{\"@type\":\"Person\",\"@id\":\"https:\\\/\\\/urolake.eus\\\/es\\\/#\\\/schema\\\/person\\\/899b849d417733bd065eefb4edc60fa5\",\"name\":\"kudeatzailea\",\"sameAs\":[\"https:\\\/\\\/urolake.eus\"]}]}<\/script>\n<!-- \/ Yoast SEO plugin. -->","yoast_head_json":{"title":"Osasuna revalid\u00f3 triunfo en el XIII memorial Txugi. - Urola K.E.","robots":{"index":"index","follow":"follow","max-snippet":"max-snippet:-1","max-image-preview":"max-image-preview:large","max-video-preview":"max-video-preview:-1"},"canonical":"https:\/\/urolake.eus\/es\/osasuna-revalido-triunfo-en-el-xiii-memorial-txugi\/","og_locale":"es_ES","og_type":"article","og_title":"Osasuna revalid\u00f3 triunfo en el XIII memorial Txugi. - Urola K.E.","og_description":"Los rojillos ganaron 7-1 al Alav\u00e9s en la final del torneo alev\u00edn en recuerdo a I\u00f1aki Mendiluze.","og_url":"https:\/\/urolake.eus\/es\/osasuna-revalido-triunfo-en-el-xiii-memorial-txugi\/","og_site_name":"Urola K.E.","article_published_time":"1969-12-31T22:00:00+00:00","article_modified_time":"2022-08-24T08:20:31+00:00","og_image":[{"width":253,"height":171,"url":"https:\/\/urolake.eus\/wp-content\/uploads\/2022\/07\/46722008272754491.346548.jpg","type":"image\/jpeg"}],"author":"kudeatzailea","twitter_card":"summary_large_image","twitter_misc":{"Escrito por":"kudeatzailea","Tiempo de lectura":"2 minutos"},"schema":{"@context":"https:\/\/schema.org","@graph":[{"@type":"Article","@id":"https:\/\/urolake.eus\/es\/osasuna-revalido-triunfo-en-el-xiii-memorial-txugi\/#article","isPartOf":{"@id":"https:\/\/urolake.eus\/es\/osasuna-revalido-triunfo-en-el-xiii-memorial-txugi\/"},"author":{"name":"kudeatzailea","@id":"https:\/\/urolake.eus\/es\/#\/schema\/person\/899b849d417733bd065eefb4edc60fa5"},"headline":"Osasuna revalid\u00f3 triunfo en el XIII memorial Txugi.","datePublished":"1969-12-31T22:00:00+00:00","dateModified":"2022-08-24T08:20:31+00:00","mainEntityOfPage":{"@id":"https:\/\/urolake.eus\/es\/osasuna-revalido-triunfo-en-el-xiii-memorial-txugi\/"},"wordCount":349,"publisher":{"@id":"https:\/\/urolake.eus\/es\/#organization"},"image":{"@id":"https:\/\/urolake.eus\/es\/osasuna-revalido-triunfo-en-el-xiii-memorial-txugi\/#primaryimage"},"thumbnailUrl":"https:\/\/urolake.eus\/wp-content\/uploads\/2022\/07\/46722008272754491.346548.jpg","keywords":["Torneo Txugi"],"articleSection":["Noticias"],"inLanguage":"es"},{"@type":"WebPage","@id":"https:\/\/urolake.eus\/es\/osasuna-revalido-triunfo-en-el-xiii-memorial-txugi\/","url":"https:\/\/urolake.eus\/es\/osasuna-revalido-triunfo-en-el-xiii-memorial-txugi\/","name":"Osasuna revalid\u00f3 triunfo en el XIII memorial Txugi. - Urola K.E.","isPartOf":{"@id":"https:\/\/urolake.eus\/es\/#website"},"primaryImageOfPage":{"@id":"https:\/\/urolake.eus\/es\/osasuna-revalido-triunfo-en-el-xiii-memorial-txugi\/#primaryimage"},"image":{"@id":"https:\/\/urolake.eus\/es\/osasuna-revalido-triunfo-en-el-xiii-memorial-txugi\/#primaryimage"},"thumbnailUrl":"https:\/\/urolake.eus\/wp-content\/uploads\/2022\/07\/46722008272754491.346548.jpg","datePublished":"1969-12-31T22:00:00+00:00","dateModified":"2022-08-24T08:20:31+00:00","breadcrumb":{"@id":"https:\/\/urolake.eus\/es\/osasuna-revalido-triunfo-en-el-xiii-memorial-txugi\/#breadcrumb"},"inLanguage":"es","potentialAction":[{"@type":"ReadAction","target":["https:\/\/urolake.eus\/es\/osasuna-revalido-triunfo-en-el-xiii-memorial-txugi\/"]}]},{"@type":"ImageObject","inLanguage":"es","@id":"https:\/\/urolake.eus\/es\/osasuna-revalido-triunfo-en-el-xiii-memorial-txugi\/#primaryimage","url":"https:\/\/urolake.eus\/wp-content\/uploads\/2022\/07\/46722008272754491.346548.jpg","contentUrl":"https:\/\/urolake.eus\/wp-content\/uploads\/2022\/07\/46722008272754491.346548.jpg","width":253,"height":171},{"@type":"BreadcrumbList","@id":"https:\/\/urolake.eus\/es\/osasuna-revalido-triunfo-en-el-xiii-memorial-txugi\/#breadcrumb","itemListElement":[{"@type":"ListItem","position":1,"name":"Inicio","item":"https:\/\/urolake.eus\/es\/"},{"@type":"ListItem","position":2,"name":"Noticias","item":"https:\/\/urolake.eus\/es\/noticias\/"},{"@type":"ListItem","position":3,"name":"Osasuna revalid\u00f3 triunfo en el XIII memorial Txugi."}]},{"@type":"WebSite","@id":"https:\/\/urolake.eus\/es\/#website","url":"https:\/\/urolake.eus\/es\/","name":"Urola K.E.","description":"","publisher":{"@id":"https:\/\/urolake.eus\/es\/#organization"},"potentialAction":[{"@type":"SearchAction","target":{"@type":"EntryPoint","urlTemplate":"https:\/\/urolake.eus\/es\/?s={search_term_string}"},"query-input":{"@type":"PropertyValueSpecification","valueRequired":true,"valueName":"search_term_string"}}],"inLanguage":"es"},{"@type":"Organization","@id":"https:\/\/urolake.eus\/es\/#organization","name":"Urola K.E.","url":"https:\/\/urolake.eus\/es\/","logo":{"@type":"ImageObject","inLanguage":"es","@id":"https:\/\/urolake.eus\/es\/#\/schema\/logo\/image\/","url":"https:\/\/urolake.eus\/wp-content\/uploads\/2022\/08\/cropped-UrolaKEtxt2.png","contentUrl":"https:\/\/urolake.eus\/wp-content\/uploads\/2022\/08\/cropped-UrolaKEtxt2.png","width":1000,"height":357,"caption":"Urola K.E."},"image":{"@id":"https:\/\/urolake.eus\/es\/#\/schema\/logo\/image\/"}},{"@type":"Person","@id":"https:\/\/urolake.eus\/es\/#\/schema\/person\/899b849d417733bd065eefb4edc60fa5","name":"kudeatzailea","sameAs":["https:\/\/urolake.eus"]}]}},"_links":{"self":[{"href":"https:\/\/urolake.eus\/es\/wp-json\/wp\/v2\/posts\/1114","targetHints":{"allow":["GET"]}}],"collection":[{"href":"https:\/\/urolake.eus\/es\/wp-json\/wp\/v2\/posts"}],"about":[{"href":"https:\/\/urolake.eus\/es\/wp-json\/wp\/v2\/types\/post"}],"author":[{"embeddable":true,"href":"https:\/\/urolake.eus\/es\/wp-json\/wp\/v2\/users\/1"}],"replies":[{"embeddable":true,"href":"https:\/\/urolake.eus\/es\/wp-json\/wp\/v2\/comments?post=1114"}],"version-history":[{"count":1,"href":"https:\/\/urolake.eus\/es\/wp-json\/wp\/v2\/posts\/1114\/revisions"}],"predecessor-version":[{"id":2865,"href":"https:\/\/urolake.eus\/es\/wp-json\/wp\/v2\/posts\/1114\/revisions\/2865"}],"wp:featuredmedia":[{"embeddable":true,"href":"https:\/\/urolake.eus\/es\/wp-json\/wp\/v2\/media\/1113"}],"wp:attachment":[{"href":"https:\/\/urolake.eus\/es\/wp-json\/wp\/v2\/media?parent=1114"}],"wp:term":[{"taxonomy":"category","embeddable":true,"href":"https:\/\/urolake.eus\/es\/wp-json\/wp\/v2\/categories?post=1114"},{"taxonomy":"post_tag","embeddable":true,"href":"https:\/\/urolake.eus\/es\/wp-json\/wp\/v2\/tags?post=1114"}],"curies":[{"name":"wp","href":"https:\/\/api.w.org\/{rel}","templated":true}]}}