{"id":1126,"date":"1970-01-01T00:00:00","date_gmt":"1969-12-31T22:00:00","guid":{"rendered":"https:\/\/urolake.eus\/jugadores-del-urola-destacando-en-categorias-superiores\/"},"modified":"2022-08-24T10:20:34","modified_gmt":"2022-08-24T08:20:34","slug":"jugadores-del-urola-destacando-en-categorias-superiores","status":"publish","type":"post","link":"https:\/\/urolake.eus\/es\/jugadores-del-urola-destacando-en-categorias-superiores\/","title":{"rendered":"Jugadores del Urola destacando en categor\u00edas superiores."},"content":{"rendered":"<p>En los \u00faltimos d\u00edas estamos recibiendo gratas noticias, sobre todo por la prensa, de jugadores que se formaron en el Urola, pero que dada su calidad y proyecci\u00f3n han recalado en equipos de categor\u00edas superiores.  Y vistos los resultados que est\u00e1n dando a sus respectivos equipos la alegr\u00eda es doble, con la esperanza de que se siga oyendo el nombre del Urola y de  Zumarraga y Urretxu que est\u00e1n ligados a ellos. Ojala, estas puntas de lanza sirvan para tirar del f\u00fatbol en nuestros pueblos que pocas alegr\u00edas nos dan a nivel local.  Recordaremos algunas de las \u201cgestas\u201d logradas por nuestros convecinos:<br \/>\nDANI GARCIA acaba de ganar el titulo de liga de su grupo de Divisi\u00f3n de Honor con el equipo de  la Real Sociedad; que le da derecho a pelear contra los mejores juveniles estatales.<br \/>\nOSCAR MARTIN con sus once goles marcados con el Sestao River es el tercer goleador guipuzcoano en toda la Segunda Divisi\u00f3n B, marcando goles decisivos que le meten en la pelea para entrar en el play off de ascenso.<br \/>\nALBERTO ALEJANDRO despu\u00e9s de pasar por el Logro\u00f1es sin oportunidades, recal\u00f3 en el Ja\u00e9n y esta siendo decisivo con sus goles (en los \u00faltimos minutos) para que su equipo mantenga la categor\u00eda.<br \/>\nMIKEL BALENZIAGA es un jugador indiscutible en el once titular del Sanse; que tuvo el rumor de ir cedido al Eibar.<br \/>\nXABIER JORGE aunque empez\u00f3 la temporada en el Sanse fue cedido al Beasain de Tercera donde es uno de los pilares en la reacci\u00f3n para salir de la zona de descenso.<\/p>\n","protected":false},"excerpt":{"rendered":"<p>Dani Garc\u00eda, Oscar Mart\u00edn, Alberto Alejandro, Mikel Balenziaga, Xabier Jorge\u2026dejan alto el pabell\u00f3n de Zumarraga-Urretxu.<\/p>\n","protected":false},"author":1,"featured_media":1125,"comment_status":"closed","ping_status":"closed","sticky":false,"template":"","format":"standard","meta":{"_acf_changed":false,"footnotes":""},"categories":[6],"tags":[38],"class_list":["post-1126","post","type-post","status-publish","format-standard","has-post-thumbnail","hentry","category-noticias","tag-urola-ke-es-2"],"acf":[],"yoast_head":"<!-- This site is optimized with the Yoast SEO plugin v27.5 - https:\/\/yoast.com\/product\/yoast-seo-wordpress\/ -->\n<title>Jugadores del Urola destacando en categor\u00edas superiores. - Urola K.E.<\/title>\n<meta name=\"robots\" content=\"index, follow, max-snippet:-1, max-image-preview:large, max-video-preview:-1\" \/>\n<link rel=\"canonical\" href=\"https:\/\/urolake.eus\/es\/jugadores-del-urola-destacando-en-categorias-superiores\/\" \/>\n<meta property=\"og:locale\" content=\"es_ES\" \/>\n<meta property=\"og:type\" content=\"article\" \/>\n<meta property=\"og:title\" content=\"Jugadores del Urola destacando en categor\u00edas superiores. - Urola K.E.\" \/>\n<meta property=\"og:description\" content=\"Dani Garc\u00eda, Oscar Mart\u00edn, Alberto Alejandro, Mikel Balenziaga, Xabier Jorge\u2026dejan alto el pabell\u00f3n de Zumarraga-Urretxu.\" \/>\n<meta property=\"og:url\" content=\"https:\/\/urolake.eus\/es\/jugadores-del-urola-destacando-en-categorias-superiores\/\" \/>\n<meta property=\"og:site_name\" content=\"Urola K.E.\" \/>\n<meta property=\"article:published_time\" content=\"1969-12-31T22:00:00+00:00\" \/>\n<meta property=\"article:modified_time\" content=\"2022-08-24T08:20:34+00:00\" \/>\n<meta property=\"og:image\" content=\"https:\/\/urolake.eus\/wp-content\/uploads\/2022\/07\/20452008191946912.964429.jpg\" \/>\n\t<meta property=\"og:image:width\" content=\"253\" \/>\n\t<meta property=\"og:image:height\" content=\"147\" \/>\n\t<meta property=\"og:image:type\" content=\"image\/jpeg\" \/>\n<meta name=\"author\" content=\"kudeatzailea\" \/>\n<meta name=\"twitter:card\" content=\"summary_large_image\" \/>\n<meta name=\"twitter:label1\" content=\"Escrito por\" \/>\n\t<meta name=\"twitter:data1\" content=\"kudeatzailea\" \/>\n\t<meta name=\"twitter:label2\" content=\"Tiempo de lectura\" \/>\n\t<meta name=\"twitter:data2\" content=\"1 minuto\" \/>\n<script type=\"application\/ld+json\" class=\"yoast-schema-graph\">{\"@context\":\"https:\\\/\\\/schema.org\",\"@graph\":[{\"@type\":\"Article\",\"@id\":\"https:\\\/\\\/urolake.eus\\\/es\\\/jugadores-del-urola-destacando-en-categorias-superiores\\\/#article\",\"isPartOf\":{\"@id\":\"https:\\\/\\\/urolake.eus\\\/es\\\/jugadores-del-urola-destacando-en-categorias-superiores\\\/\"},\"author\":{\"name\":\"kudeatzailea\",\"@id\":\"https:\\\/\\\/urolake.eus\\\/es\\\/#\\\/schema\\\/person\\\/899b849d417733bd065eefb4edc60fa5\"},\"headline\":\"Jugadores del Urola destacando en categor\u00edas superiores.\",\"datePublished\":\"1969-12-31T22:00:00+00:00\",\"dateModified\":\"2022-08-24T08:20:34+00:00\",\"mainEntityOfPage\":{\"@id\":\"https:\\\/\\\/urolake.eus\\\/es\\\/jugadores-del-urola-destacando-en-categorias-superiores\\\/\"},\"wordCount\":282,\"publisher\":{\"@id\":\"https:\\\/\\\/urolake.eus\\\/es\\\/#organization\"},\"image\":{\"@id\":\"https:\\\/\\\/urolake.eus\\\/es\\\/jugadores-del-urola-destacando-en-categorias-superiores\\\/#primaryimage\"},\"thumbnailUrl\":\"https:\\\/\\\/urolake.eus\\\/wp-content\\\/uploads\\\/2022\\\/07\\\/20452008191946912.964429.jpg\",\"keywords\":[\"Urola KE\"],\"articleSection\":[\"Noticias\"],\"inLanguage\":\"es\"},{\"@type\":\"WebPage\",\"@id\":\"https:\\\/\\\/urolake.eus\\\/es\\\/jugadores-del-urola-destacando-en-categorias-superiores\\\/\",\"url\":\"https:\\\/\\\/urolake.eus\\\/es\\\/jugadores-del-urola-destacando-en-categorias-superiores\\\/\",\"name\":\"Jugadores del Urola destacando en categor\u00edas superiores. - Urola K.E.\",\"isPartOf\":{\"@id\":\"https:\\\/\\\/urolake.eus\\\/es\\\/#website\"},\"primaryImageOfPage\":{\"@id\":\"https:\\\/\\\/urolake.eus\\\/es\\\/jugadores-del-urola-destacando-en-categorias-superiores\\\/#primaryimage\"},\"image\":{\"@id\":\"https:\\\/\\\/urolake.eus\\\/es\\\/jugadores-del-urola-destacando-en-categorias-superiores\\\/#primaryimage\"},\"thumbnailUrl\":\"https:\\\/\\\/urolake.eus\\\/wp-content\\\/uploads\\\/2022\\\/07\\\/20452008191946912.964429.jpg\",\"datePublished\":\"1969-12-31T22:00:00+00:00\",\"dateModified\":\"2022-08-24T08:20:34+00:00\",\"breadcrumb\":{\"@id\":\"https:\\\/\\\/urolake.eus\\\/es\\\/jugadores-del-urola-destacando-en-categorias-superiores\\\/#breadcrumb\"},\"inLanguage\":\"es\",\"potentialAction\":[{\"@type\":\"ReadAction\",\"target\":[\"https:\\\/\\\/urolake.eus\\\/es\\\/jugadores-del-urola-destacando-en-categorias-superiores\\\/\"]}]},{\"@type\":\"ImageObject\",\"inLanguage\":\"es\",\"@id\":\"https:\\\/\\\/urolake.eus\\\/es\\\/jugadores-del-urola-destacando-en-categorias-superiores\\\/#primaryimage\",\"url\":\"https:\\\/\\\/urolake.eus\\\/wp-content\\\/uploads\\\/2022\\\/07\\\/20452008191946912.964429.jpg\",\"contentUrl\":\"https:\\\/\\\/urolake.eus\\\/wp-content\\\/uploads\\\/2022\\\/07\\\/20452008191946912.964429.jpg\",\"width\":253,\"height\":147},{\"@type\":\"BreadcrumbList\",\"@id\":\"https:\\\/\\\/urolake.eus\\\/es\\\/jugadores-del-urola-destacando-en-categorias-superiores\\\/#breadcrumb\",\"itemListElement\":[{\"@type\":\"ListItem\",\"position\":1,\"name\":\"Inicio\",\"item\":\"https:\\\/\\\/urolake.eus\\\/es\\\/\"},{\"@type\":\"ListItem\",\"position\":2,\"name\":\"Noticias\",\"item\":\"https:\\\/\\\/urolake.eus\\\/es\\\/noticias\\\/\"},{\"@type\":\"ListItem\",\"position\":3,\"name\":\"Jugadores del Urola destacando en categor\u00edas superiores.\"}]},{\"@type\":\"WebSite\",\"@id\":\"https:\\\/\\\/urolake.eus\\\/es\\\/#website\",\"url\":\"https:\\\/\\\/urolake.eus\\\/es\\\/\",\"name\":\"Urola K.E.\",\"description\":\"\",\"publisher\":{\"@id\":\"https:\\\/\\\/urolake.eus\\\/es\\\/#organization\"},\"potentialAction\":[{\"@type\":\"SearchAction\",\"target\":{\"@type\":\"EntryPoint\",\"urlTemplate\":\"https:\\\/\\\/urolake.eus\\\/es\\\/?s={search_term_string}\"},\"query-input\":{\"@type\":\"PropertyValueSpecification\",\"valueRequired\":true,\"valueName\":\"search_term_string\"}}],\"inLanguage\":\"es\"},{\"@type\":\"Organization\",\"@id\":\"https:\\\/\\\/urolake.eus\\\/es\\\/#organization\",\"name\":\"Urola K.E.\",\"url\":\"https:\\\/\\\/urolake.eus\\\/es\\\/\",\"logo\":{\"@type\":\"ImageObject\",\"inLanguage\":\"es\",\"@id\":\"https:\\\/\\\/urolake.eus\\\/es\\\/#\\\/schema\\\/logo\\\/image\\\/\",\"url\":\"https:\\\/\\\/urolake.eus\\\/wp-content\\\/uploads\\\/2022\\\/08\\\/cropped-UrolaKEtxt2.png\",\"contentUrl\":\"https:\\\/\\\/urolake.eus\\\/wp-content\\\/uploads\\\/2022\\\/08\\\/cropped-UrolaKEtxt2.png\",\"width\":1000,\"height\":357,\"caption\":\"Urola K.E.\"},\"image\":{\"@id\":\"https:\\\/\\\/urolake.eus\\\/es\\\/#\\\/schema\\\/logo\\\/image\\\/\"}},{\"@type\":\"Person\",\"@id\":\"https:\\\/\\\/urolake.eus\\\/es\\\/#\\\/schema\\\/person\\\/899b849d417733bd065eefb4edc60fa5\",\"name\":\"kudeatzailea\",\"sameAs\":[\"https:\\\/\\\/urolake.eus\"]}]}<\/script>\n<!-- \/ Yoast SEO plugin. -->","yoast_head_json":{"title":"Jugadores del Urola destacando en categor\u00edas superiores. - Urola K.E.","robots":{"index":"index","follow":"follow","max-snippet":"max-snippet:-1","max-image-preview":"max-image-preview:large","max-video-preview":"max-video-preview:-1"},"canonical":"https:\/\/urolake.eus\/es\/jugadores-del-urola-destacando-en-categorias-superiores\/","og_locale":"es_ES","og_type":"article","og_title":"Jugadores del Urola destacando en categor\u00edas superiores. - Urola K.E.","og_description":"Dani Garc\u00eda, Oscar Mart\u00edn, Alberto Alejandro, Mikel Balenziaga, Xabier Jorge\u2026dejan alto el pabell\u00f3n de Zumarraga-Urretxu.","og_url":"https:\/\/urolake.eus\/es\/jugadores-del-urola-destacando-en-categorias-superiores\/","og_site_name":"Urola K.E.","article_published_time":"1969-12-31T22:00:00+00:00","article_modified_time":"2022-08-24T08:20:34+00:00","og_image":[{"width":253,"height":147,"url":"https:\/\/urolake.eus\/wp-content\/uploads\/2022\/07\/20452008191946912.964429.jpg","type":"image\/jpeg"}],"author":"kudeatzailea","twitter_card":"summary_large_image","twitter_misc":{"Escrito por":"kudeatzailea","Tiempo de lectura":"1 minuto"},"schema":{"@context":"https:\/\/schema.org","@graph":[{"@type":"Article","@id":"https:\/\/urolake.eus\/es\/jugadores-del-urola-destacando-en-categorias-superiores\/#article","isPartOf":{"@id":"https:\/\/urolake.eus\/es\/jugadores-del-urola-destacando-en-categorias-superiores\/"},"author":{"name":"kudeatzailea","@id":"https:\/\/urolake.eus\/es\/#\/schema\/person\/899b849d417733bd065eefb4edc60fa5"},"headline":"Jugadores del Urola destacando en categor\u00edas superiores.","datePublished":"1969-12-31T22:00:00+00:00","dateModified":"2022-08-24T08:20:34+00:00","mainEntityOfPage":{"@id":"https:\/\/urolake.eus\/es\/jugadores-del-urola-destacando-en-categorias-superiores\/"},"wordCount":282,"publisher":{"@id":"https:\/\/urolake.eus\/es\/#organization"},"image":{"@id":"https:\/\/urolake.eus\/es\/jugadores-del-urola-destacando-en-categorias-superiores\/#primaryimage"},"thumbnailUrl":"https:\/\/urolake.eus\/wp-content\/uploads\/2022\/07\/20452008191946912.964429.jpg","keywords":["Urola KE"],"articleSection":["Noticias"],"inLanguage":"es"},{"@type":"WebPage","@id":"https:\/\/urolake.eus\/es\/jugadores-del-urola-destacando-en-categorias-superiores\/","url":"https:\/\/urolake.eus\/es\/jugadores-del-urola-destacando-en-categorias-superiores\/","name":"Jugadores del Urola destacando en categor\u00edas superiores. - Urola K.E.","isPartOf":{"@id":"https:\/\/urolake.eus\/es\/#website"},"primaryImageOfPage":{"@id":"https:\/\/urolake.eus\/es\/jugadores-del-urola-destacando-en-categorias-superiores\/#primaryimage"},"image":{"@id":"https:\/\/urolake.eus\/es\/jugadores-del-urola-destacando-en-categorias-superiores\/#primaryimage"},"thumbnailUrl":"https:\/\/urolake.eus\/wp-content\/uploads\/2022\/07\/20452008191946912.964429.jpg","datePublished":"1969-12-31T22:00:00+00:00","dateModified":"2022-08-24T08:20:34+00:00","breadcrumb":{"@id":"https:\/\/urolake.eus\/es\/jugadores-del-urola-destacando-en-categorias-superiores\/#breadcrumb"},"inLanguage":"es","potentialAction":[{"@type":"ReadAction","target":["https:\/\/urolake.eus\/es\/jugadores-del-urola-destacando-en-categorias-superiores\/"]}]},{"@type":"ImageObject","inLanguage":"es","@id":"https:\/\/urolake.eus\/es\/jugadores-del-urola-destacando-en-categorias-superiores\/#primaryimage","url":"https:\/\/urolake.eus\/wp-content\/uploads\/2022\/07\/20452008191946912.964429.jpg","contentUrl":"https:\/\/urolake.eus\/wp-content\/uploads\/2022\/07\/20452008191946912.964429.jpg","width":253,"height":147},{"@type":"BreadcrumbList","@id":"https:\/\/urolake.eus\/es\/jugadores-del-urola-destacando-en-categorias-superiores\/#breadcrumb","itemListElement":[{"@type":"ListItem","position":1,"name":"Inicio","item":"https:\/\/urolake.eus\/es\/"},{"@type":"ListItem","position":2,"name":"Noticias","item":"https:\/\/urolake.eus\/es\/noticias\/"},{"@type":"ListItem","position":3,"name":"Jugadores del Urola destacando en categor\u00edas superiores."}]},{"@type":"WebSite","@id":"https:\/\/urolake.eus\/es\/#website","url":"https:\/\/urolake.eus\/es\/","name":"Urola K.E.","description":"","publisher":{"@id":"https:\/\/urolake.eus\/es\/#organization"},"potentialAction":[{"@type":"SearchAction","target":{"@type":"EntryPoint","urlTemplate":"https:\/\/urolake.eus\/es\/?s={search_term_string}"},"query-input":{"@type":"PropertyValueSpecification","valueRequired":true,"valueName":"search_term_string"}}],"inLanguage":"es"},{"@type":"Organization","@id":"https:\/\/urolake.eus\/es\/#organization","name":"Urola K.E.","url":"https:\/\/urolake.eus\/es\/","logo":{"@type":"ImageObject","inLanguage":"es","@id":"https:\/\/urolake.eus\/es\/#\/schema\/logo\/image\/","url":"https:\/\/urolake.eus\/wp-content\/uploads\/2022\/08\/cropped-UrolaKEtxt2.png","contentUrl":"https:\/\/urolake.eus\/wp-content\/uploads\/2022\/08\/cropped-UrolaKEtxt2.png","width":1000,"height":357,"caption":"Urola K.E."},"image":{"@id":"https:\/\/urolake.eus\/es\/#\/schema\/logo\/image\/"}},{"@type":"Person","@id":"https:\/\/urolake.eus\/es\/#\/schema\/person\/899b849d417733bd065eefb4edc60fa5","name":"kudeatzailea","sameAs":["https:\/\/urolake.eus"]}]}},"_links":{"self":[{"href":"https:\/\/urolake.eus\/es\/wp-json\/wp\/v2\/posts\/1126","targetHints":{"allow":["GET"]}}],"collection":[{"href":"https:\/\/urolake.eus\/es\/wp-json\/wp\/v2\/posts"}],"about":[{"href":"https:\/\/urolake.eus\/es\/wp-json\/wp\/v2\/types\/post"}],"author":[{"embeddable":true,"href":"https:\/\/urolake.eus\/es\/wp-json\/wp\/v2\/users\/1"}],"replies":[{"embeddable":true,"href":"https:\/\/urolake.eus\/es\/wp-json\/wp\/v2\/comments?post=1126"}],"version-history":[{"count":1,"href":"https:\/\/urolake.eus\/es\/wp-json\/wp\/v2\/posts\/1126\/revisions"}],"predecessor-version":[{"id":2880,"href":"https:\/\/urolake.eus\/es\/wp-json\/wp\/v2\/posts\/1126\/revisions\/2880"}],"wp:featuredmedia":[{"embeddable":true,"href":"https:\/\/urolake.eus\/es\/wp-json\/wp\/v2\/media\/1125"}],"wp:attachment":[{"href":"https:\/\/urolake.eus\/es\/wp-json\/wp\/v2\/media?parent=1126"}],"wp:term":[{"taxonomy":"category","embeddable":true,"href":"https:\/\/urolake.eus\/es\/wp-json\/wp\/v2\/categories?post=1126"},{"taxonomy":"post_tag","embeddable":true,"href":"https:\/\/urolake.eus\/es\/wp-json\/wp\/v2\/tags?post=1126"}],"curies":[{"name":"wp","href":"https:\/\/api.w.org\/{rel}","templated":true}]}}