{"id":1130,"date":"2008-07-05T00:00:00","date_gmt":"2008-07-04T22:00:00","guid":{"rendered":"https:\/\/urolake.eus\/el-urola-pierde-todas-las-posibilidades-de-ascenso-tras-su-derrota-frente-al-lazkao\/"},"modified":"2022-08-24T10:20:08","modified_gmt":"2022-08-24T08:20:08","slug":"el-urola-pierde-todas-las-posibilidades-de-ascenso-tras-su-derrota-frente-al-lazkao","status":"publish","type":"post","link":"https:\/\/urolake.eus\/es\/el-urola-pierde-todas-las-posibilidades-de-ascenso-tras-su-derrota-frente-al-lazkao\/","title":{"rendered":"El Urola pierde todas las posibilidades de ascenso tras su derrota frente al Lazkao."},"content":{"rendered":"<p>I\u00d1AKI URTEAGA-ZUMARRAGA-DV.-   \u00abSe acab\u00f3, ya no hay opciones\u00bb, afirma I\u00f1aki Aranzadi, entrenador del Urola. Los amarillos han perdido las pocas posibilidades de ascenso que ten\u00edan tras su derrota frente al Lazkao (0-2). No obstante, \u00abestamos contentos de llegar hasta donde hemos llegado teniendo en cuenta las condiciones del equipo\u00bb, dice Aranzadi. \u00abHa estado bien, aunque est\u00e1 claro que las lesiones han influido totalmente\u00bb, dice en referencia a toda la temporada. \u00abLos Zufiaurre, Alex Aristi y Kepa eran cuatro jugadores imprescindibles, de los que m\u00e1s minutos estaban jugando y se lesionaron\u00bb, cita a modo de ejemplo, ya que no fueron los \u00fanicos.\u00abEl jueves est\u00e1bamos once y dos juveniles y de los once alguno incluso sin entrenar. Peor no pod\u00eda haber sido\u00bb, contin\u00faa.<br \/>\nEl partido contra el Lazkao en Argixao empez\u00f3 mal. \u00abAl medio minuto de juego metimos un gol en propia meta. Posteriormente, dispusimos de seis o siete ocasiones clar\u00edsimas para empatar, pero no entraron. A falta de cinco minutos para que terminase el partido, cuando est\u00e1bamos con cinco delanteros, al ataque total, nos marcaron el segundo\u00bb, explica el m\u00edster.<br \/>\nLa pr\u00f3xima jornada, \u00faltima de la liga, el Urola se desplazar\u00e1 a campo del l\u00edder, el Amaikak Bat. \u00abA ver c\u00f3mo vamos, igual con juveniles\u00bb, apunta I\u00f1aki Aranzadi.<\/p>\n","protected":false},"excerpt":{"rendered":"<p>La \u00faltima jornada se desplazar\u00e1 a campo del l\u00edder, el Amaikak Bat.<\/p>\n","protected":false},"author":1,"featured_media":1053,"comment_status":"closed","ping_status":"closed","sticky":false,"template":"","format":"standard","meta":{"_acf_changed":false,"footnotes":""},"categories":[6],"tags":[44],"class_list":["post-1130","post","type-post","status-publish","format-standard","has-post-thumbnail","hentry","category-noticias","tag-senior-masculino-es-2"],"acf":[],"yoast_head":"<!-- This site is optimized with the Yoast SEO plugin v25.8 - https:\/\/yoast.com\/wordpress\/plugins\/seo\/ -->\n<title>El Urola pierde todas las posibilidades de ascenso tras su derrota frente al Lazkao. - Urola K.E.<\/title>\n<meta name=\"robots\" content=\"index, follow, max-snippet:-1, max-image-preview:large, max-video-preview:-1\" \/>\n<link rel=\"canonical\" href=\"https:\/\/urolake.eus\/es\/el-urola-pierde-todas-las-posibilidades-de-ascenso-tras-su-derrota-frente-al-lazkao\/\" \/>\n<meta property=\"og:locale\" content=\"es_ES\" \/>\n<meta property=\"og:type\" content=\"article\" \/>\n<meta property=\"og:title\" content=\"El Urola pierde todas las posibilidades de ascenso tras su derrota frente al Lazkao. - Urola K.E.\" \/>\n<meta property=\"og:description\" content=\"La \u00faltima jornada se desplazar\u00e1 a campo del l\u00edder, el Amaikak Bat.\" \/>\n<meta property=\"og:url\" content=\"https:\/\/urolake.eus\/es\/el-urola-pierde-todas-las-posibilidades-de-ascenso-tras-su-derrota-frente-al-lazkao\/\" \/>\n<meta property=\"og:site_name\" content=\"Urola K.E.\" \/>\n<meta property=\"article:published_time\" content=\"2008-07-04T22:00:00+00:00\" \/>\n<meta property=\"article:modified_time\" content=\"2022-08-24T08:20:08+00:00\" \/>\n<meta property=\"og:image\" content=\"https:\/\/urolake.eus\/wp-content\/uploads\/2022\/07\/default-1.jpg\" \/>\n\t<meta property=\"og:image:width\" content=\"700\" \/>\n\t<meta property=\"og:image:height\" content=\"350\" \/>\n\t<meta property=\"og:image:type\" content=\"image\/jpeg\" \/>\n<meta name=\"author\" content=\"kudeatzailea\" \/>\n<meta name=\"twitter:card\" content=\"summary_large_image\" \/>\n<meta name=\"twitter:label1\" content=\"Escrito por\" \/>\n\t<meta name=\"twitter:data1\" content=\"kudeatzailea\" \/>\n\t<meta name=\"twitter:label2\" content=\"Tiempo de lectura\" \/>\n\t<meta name=\"twitter:data2\" content=\"1 minuto\" \/>\n<script type=\"application\/ld+json\" class=\"yoast-schema-graph\">{\"@context\":\"https:\/\/schema.org\",\"@graph\":[{\"@type\":\"Article\",\"@id\":\"https:\/\/urolake.eus\/es\/el-urola-pierde-todas-las-posibilidades-de-ascenso-tras-su-derrota-frente-al-lazkao\/#article\",\"isPartOf\":{\"@id\":\"https:\/\/urolake.eus\/es\/el-urola-pierde-todas-las-posibilidades-de-ascenso-tras-su-derrota-frente-al-lazkao\/\"},\"author\":{\"name\":\"kudeatzailea\",\"@id\":\"https:\/\/urolake.eus\/es\/#\/schema\/person\/899b849d417733bd065eefb4edc60fa5\"},\"headline\":\"El Urola pierde todas las posibilidades de ascenso tras su derrota frente al Lazkao.\",\"datePublished\":\"2008-07-04T22:00:00+00:00\",\"dateModified\":\"2022-08-24T08:20:08+00:00\",\"mainEntityOfPage\":{\"@id\":\"https:\/\/urolake.eus\/es\/el-urola-pierde-todas-las-posibilidades-de-ascenso-tras-su-derrota-frente-al-lazkao\/\"},\"wordCount\":237,\"publisher\":{\"@id\":\"https:\/\/urolake.eus\/es\/#organization\"},\"image\":{\"@id\":\"https:\/\/urolake.eus\/es\/el-urola-pierde-todas-las-posibilidades-de-ascenso-tras-su-derrota-frente-al-lazkao\/#primaryimage\"},\"thumbnailUrl\":\"https:\/\/urolake.eus\/wp-content\/uploads\/2022\/07\/default-1.jpg\",\"keywords\":[\"Senior Masculino\"],\"articleSection\":[\"Noticias\"],\"inLanguage\":\"es\"},{\"@type\":\"WebPage\",\"@id\":\"https:\/\/urolake.eus\/es\/el-urola-pierde-todas-las-posibilidades-de-ascenso-tras-su-derrota-frente-al-lazkao\/\",\"url\":\"https:\/\/urolake.eus\/es\/el-urola-pierde-todas-las-posibilidades-de-ascenso-tras-su-derrota-frente-al-lazkao\/\",\"name\":\"El Urola pierde todas las posibilidades de ascenso tras su derrota frente al Lazkao. - Urola K.E.\",\"isPartOf\":{\"@id\":\"https:\/\/urolake.eus\/es\/#website\"},\"primaryImageOfPage\":{\"@id\":\"https:\/\/urolake.eus\/es\/el-urola-pierde-todas-las-posibilidades-de-ascenso-tras-su-derrota-frente-al-lazkao\/#primaryimage\"},\"image\":{\"@id\":\"https:\/\/urolake.eus\/es\/el-urola-pierde-todas-las-posibilidades-de-ascenso-tras-su-derrota-frente-al-lazkao\/#primaryimage\"},\"thumbnailUrl\":\"https:\/\/urolake.eus\/wp-content\/uploads\/2022\/07\/default-1.jpg\",\"datePublished\":\"2008-07-04T22:00:00+00:00\",\"dateModified\":\"2022-08-24T08:20:08+00:00\",\"breadcrumb\":{\"@id\":\"https:\/\/urolake.eus\/es\/el-urola-pierde-todas-las-posibilidades-de-ascenso-tras-su-derrota-frente-al-lazkao\/#breadcrumb\"},\"inLanguage\":\"es\",\"potentialAction\":[{\"@type\":\"ReadAction\",\"target\":[\"https:\/\/urolake.eus\/es\/el-urola-pierde-todas-las-posibilidades-de-ascenso-tras-su-derrota-frente-al-lazkao\/\"]}]},{\"@type\":\"ImageObject\",\"inLanguage\":\"es\",\"@id\":\"https:\/\/urolake.eus\/es\/el-urola-pierde-todas-las-posibilidades-de-ascenso-tras-su-derrota-frente-al-lazkao\/#primaryimage\",\"url\":\"https:\/\/urolake.eus\/wp-content\/uploads\/2022\/07\/default-1.jpg\",\"contentUrl\":\"https:\/\/urolake.eus\/wp-content\/uploads\/2022\/07\/default-1.jpg\",\"width\":700,\"height\":350},{\"@type\":\"BreadcrumbList\",\"@id\":\"https:\/\/urolake.eus\/es\/el-urola-pierde-todas-las-posibilidades-de-ascenso-tras-su-derrota-frente-al-lazkao\/#breadcrumb\",\"itemListElement\":[{\"@type\":\"ListItem\",\"position\":1,\"name\":\"Inicio\",\"item\":\"https:\/\/urolake.eus\/es\/\"},{\"@type\":\"ListItem\",\"position\":2,\"name\":\"Noticias\",\"item\":\"https:\/\/urolake.eus\/es\/noticias\/\"},{\"@type\":\"ListItem\",\"position\":3,\"name\":\"El Urola pierde todas las posibilidades de ascenso tras su derrota frente al Lazkao.\"}]},{\"@type\":\"WebSite\",\"@id\":\"https:\/\/urolake.eus\/es\/#website\",\"url\":\"https:\/\/urolake.eus\/es\/\",\"name\":\"Urola K.E.\",\"description\":\"\",\"publisher\":{\"@id\":\"https:\/\/urolake.eus\/es\/#organization\"},\"potentialAction\":[{\"@type\":\"SearchAction\",\"target\":{\"@type\":\"EntryPoint\",\"urlTemplate\":\"https:\/\/urolake.eus\/es\/?s={search_term_string}\"},\"query-input\":{\"@type\":\"PropertyValueSpecification\",\"valueRequired\":true,\"valueName\":\"search_term_string\"}}],\"inLanguage\":\"es\"},{\"@type\":\"Organization\",\"@id\":\"https:\/\/urolake.eus\/es\/#organization\",\"name\":\"Urola K.E.\",\"url\":\"https:\/\/urolake.eus\/es\/\",\"logo\":{\"@type\":\"ImageObject\",\"inLanguage\":\"es\",\"@id\":\"https:\/\/urolake.eus\/es\/#\/schema\/logo\/image\/\",\"url\":\"https:\/\/urolake.eus\/wp-content\/uploads\/2022\/08\/cropped-UrolaKEtxt2.png\",\"contentUrl\":\"https:\/\/urolake.eus\/wp-content\/uploads\/2022\/08\/cropped-UrolaKEtxt2.png\",\"width\":1000,\"height\":357,\"caption\":\"Urola K.E.\"},\"image\":{\"@id\":\"https:\/\/urolake.eus\/es\/#\/schema\/logo\/image\/\"}},{\"@type\":\"Person\",\"@id\":\"https:\/\/urolake.eus\/es\/#\/schema\/person\/899b849d417733bd065eefb4edc60fa5\",\"name\":\"kudeatzailea\",\"sameAs\":[\"https:\/\/urolake.eus\"]}]}<\/script>\n<!-- \/ Yoast SEO plugin. -->","yoast_head_json":{"title":"El Urola pierde todas las posibilidades de ascenso tras su derrota frente al Lazkao. - Urola K.E.","robots":{"index":"index","follow":"follow","max-snippet":"max-snippet:-1","max-image-preview":"max-image-preview:large","max-video-preview":"max-video-preview:-1"},"canonical":"https:\/\/urolake.eus\/es\/el-urola-pierde-todas-las-posibilidades-de-ascenso-tras-su-derrota-frente-al-lazkao\/","og_locale":"es_ES","og_type":"article","og_title":"El Urola pierde todas las posibilidades de ascenso tras su derrota frente al Lazkao. - Urola K.E.","og_description":"La \u00faltima jornada se desplazar\u00e1 a campo del l\u00edder, el Amaikak Bat.","og_url":"https:\/\/urolake.eus\/es\/el-urola-pierde-todas-las-posibilidades-de-ascenso-tras-su-derrota-frente-al-lazkao\/","og_site_name":"Urola K.E.","article_published_time":"2008-07-04T22:00:00+00:00","article_modified_time":"2022-08-24T08:20:08+00:00","og_image":[{"width":700,"height":350,"url":"https:\/\/urolake.eus\/wp-content\/uploads\/2022\/07\/default-1.jpg","type":"image\/jpeg"}],"author":"kudeatzailea","twitter_card":"summary_large_image","twitter_misc":{"Escrito por":"kudeatzailea","Tiempo de lectura":"1 minuto"},"schema":{"@context":"https:\/\/schema.org","@graph":[{"@type":"Article","@id":"https:\/\/urolake.eus\/es\/el-urola-pierde-todas-las-posibilidades-de-ascenso-tras-su-derrota-frente-al-lazkao\/#article","isPartOf":{"@id":"https:\/\/urolake.eus\/es\/el-urola-pierde-todas-las-posibilidades-de-ascenso-tras-su-derrota-frente-al-lazkao\/"},"author":{"name":"kudeatzailea","@id":"https:\/\/urolake.eus\/es\/#\/schema\/person\/899b849d417733bd065eefb4edc60fa5"},"headline":"El Urola pierde todas las posibilidades de ascenso tras su derrota frente al Lazkao.","datePublished":"2008-07-04T22:00:00+00:00","dateModified":"2022-08-24T08:20:08+00:00","mainEntityOfPage":{"@id":"https:\/\/urolake.eus\/es\/el-urola-pierde-todas-las-posibilidades-de-ascenso-tras-su-derrota-frente-al-lazkao\/"},"wordCount":237,"publisher":{"@id":"https:\/\/urolake.eus\/es\/#organization"},"image":{"@id":"https:\/\/urolake.eus\/es\/el-urola-pierde-todas-las-posibilidades-de-ascenso-tras-su-derrota-frente-al-lazkao\/#primaryimage"},"thumbnailUrl":"https:\/\/urolake.eus\/wp-content\/uploads\/2022\/07\/default-1.jpg","keywords":["Senior Masculino"],"articleSection":["Noticias"],"inLanguage":"es"},{"@type":"WebPage","@id":"https:\/\/urolake.eus\/es\/el-urola-pierde-todas-las-posibilidades-de-ascenso-tras-su-derrota-frente-al-lazkao\/","url":"https:\/\/urolake.eus\/es\/el-urola-pierde-todas-las-posibilidades-de-ascenso-tras-su-derrota-frente-al-lazkao\/","name":"El Urola pierde todas las posibilidades de ascenso tras su derrota frente al Lazkao. - Urola K.E.","isPartOf":{"@id":"https:\/\/urolake.eus\/es\/#website"},"primaryImageOfPage":{"@id":"https:\/\/urolake.eus\/es\/el-urola-pierde-todas-las-posibilidades-de-ascenso-tras-su-derrota-frente-al-lazkao\/#primaryimage"},"image":{"@id":"https:\/\/urolake.eus\/es\/el-urola-pierde-todas-las-posibilidades-de-ascenso-tras-su-derrota-frente-al-lazkao\/#primaryimage"},"thumbnailUrl":"https:\/\/urolake.eus\/wp-content\/uploads\/2022\/07\/default-1.jpg","datePublished":"2008-07-04T22:00:00+00:00","dateModified":"2022-08-24T08:20:08+00:00","breadcrumb":{"@id":"https:\/\/urolake.eus\/es\/el-urola-pierde-todas-las-posibilidades-de-ascenso-tras-su-derrota-frente-al-lazkao\/#breadcrumb"},"inLanguage":"es","potentialAction":[{"@type":"ReadAction","target":["https:\/\/urolake.eus\/es\/el-urola-pierde-todas-las-posibilidades-de-ascenso-tras-su-derrota-frente-al-lazkao\/"]}]},{"@type":"ImageObject","inLanguage":"es","@id":"https:\/\/urolake.eus\/es\/el-urola-pierde-todas-las-posibilidades-de-ascenso-tras-su-derrota-frente-al-lazkao\/#primaryimage","url":"https:\/\/urolake.eus\/wp-content\/uploads\/2022\/07\/default-1.jpg","contentUrl":"https:\/\/urolake.eus\/wp-content\/uploads\/2022\/07\/default-1.jpg","width":700,"height":350},{"@type":"BreadcrumbList","@id":"https:\/\/urolake.eus\/es\/el-urola-pierde-todas-las-posibilidades-de-ascenso-tras-su-derrota-frente-al-lazkao\/#breadcrumb","itemListElement":[{"@type":"ListItem","position":1,"name":"Inicio","item":"https:\/\/urolake.eus\/es\/"},{"@type":"ListItem","position":2,"name":"Noticias","item":"https:\/\/urolake.eus\/es\/noticias\/"},{"@type":"ListItem","position":3,"name":"El Urola pierde todas las posibilidades de ascenso tras su derrota frente al Lazkao."}]},{"@type":"WebSite","@id":"https:\/\/urolake.eus\/es\/#website","url":"https:\/\/urolake.eus\/es\/","name":"Urola K.E.","description":"","publisher":{"@id":"https:\/\/urolake.eus\/es\/#organization"},"potentialAction":[{"@type":"SearchAction","target":{"@type":"EntryPoint","urlTemplate":"https:\/\/urolake.eus\/es\/?s={search_term_string}"},"query-input":{"@type":"PropertyValueSpecification","valueRequired":true,"valueName":"search_term_string"}}],"inLanguage":"es"},{"@type":"Organization","@id":"https:\/\/urolake.eus\/es\/#organization","name":"Urola K.E.","url":"https:\/\/urolake.eus\/es\/","logo":{"@type":"ImageObject","inLanguage":"es","@id":"https:\/\/urolake.eus\/es\/#\/schema\/logo\/image\/","url":"https:\/\/urolake.eus\/wp-content\/uploads\/2022\/08\/cropped-UrolaKEtxt2.png","contentUrl":"https:\/\/urolake.eus\/wp-content\/uploads\/2022\/08\/cropped-UrolaKEtxt2.png","width":1000,"height":357,"caption":"Urola K.E."},"image":{"@id":"https:\/\/urolake.eus\/es\/#\/schema\/logo\/image\/"}},{"@type":"Person","@id":"https:\/\/urolake.eus\/es\/#\/schema\/person\/899b849d417733bd065eefb4edc60fa5","name":"kudeatzailea","sameAs":["https:\/\/urolake.eus"]}]}},"_links":{"self":[{"href":"https:\/\/urolake.eus\/es\/wp-json\/wp\/v2\/posts\/1130","targetHints":{"allow":["GET"]}}],"collection":[{"href":"https:\/\/urolake.eus\/es\/wp-json\/wp\/v2\/posts"}],"about":[{"href":"https:\/\/urolake.eus\/es\/wp-json\/wp\/v2\/types\/post"}],"author":[{"embeddable":true,"href":"https:\/\/urolake.eus\/es\/wp-json\/wp\/v2\/users\/1"}],"replies":[{"embeddable":true,"href":"https:\/\/urolake.eus\/es\/wp-json\/wp\/v2\/comments?post=1130"}],"version-history":[{"count":1,"href":"https:\/\/urolake.eus\/es\/wp-json\/wp\/v2\/posts\/1130\/revisions"}],"predecessor-version":[{"id":2832,"href":"https:\/\/urolake.eus\/es\/wp-json\/wp\/v2\/posts\/1130\/revisions\/2832"}],"wp:featuredmedia":[{"embeddable":true,"href":"https:\/\/urolake.eus\/es\/wp-json\/wp\/v2\/media\/1053"}],"wp:attachment":[{"href":"https:\/\/urolake.eus\/es\/wp-json\/wp\/v2\/media?parent=1130"}],"wp:term":[{"taxonomy":"category","embeddable":true,"href":"https:\/\/urolake.eus\/es\/wp-json\/wp\/v2\/categories?post=1130"},{"taxonomy":"post_tag","embeddable":true,"href":"https:\/\/urolake.eus\/es\/wp-json\/wp\/v2\/tags?post=1130"}],"curies":[{"name":"wp","href":"https:\/\/api.w.org\/{rel}","templated":true}]}}