{"id":1136,"date":"1970-01-01T00:00:00","date_gmt":"1969-12-31T22:00:00","guid":{"rendered":"https:\/\/urolake.eus\/torneo-alevin-arin-luzien-en-san-juan-de-luz-2\/"},"modified":"2022-08-24T10:20:54","modified_gmt":"2022-08-24T08:20:54","slug":"torneo-alevin-arin-luzien-en-san-juan-de-luz-2","status":"publish","type":"post","link":"https:\/\/urolake.eus\/es\/torneo-alevin-arin-luzien-en-san-juan-de-luz-2\/","title":{"rendered":"TORNEO ALEVIN ARIN LUZIEN EN SAN JUAN DE LUZ"},"content":{"rendered":"<p>Son muchas ya las ediciones, en las que la S.D. Urola ha viajado a San Juan de Luz para participar en el torneo de futbol alev\u00edn que all\u00ed se celebra, y una vez m\u00e1s, hay que destacar, independientemente del resultado deportivo obtenido, el buen ambiente del que han disfrutado tanto los jugadores como los t\u00e9cnicos y como no, los muchos padres que han acompa\u00f1ado y formado parte de la expedici\u00f3n.<\/p>\n<p>Entre los 24 equipos participantes, se forman grupos de tres equipos, siendo uno de ellos el formado por el Urola, junto al Anglet y el Lagun Onak, obteniendose los resultados siguientes:<br \/>\n-UROLA O-ANGLET 3<br \/>\n-UROLA 0-LAGUN ONAK1<\/p>\n<p>En la fase de consolaci\u00f3n se gana un partido, se empata otro y se termina perdiendo el tercero, quedando cuartos de un grupo de ocho.<\/p>\n<p>El buen ambiente vivido y el gran entusiasmo desplegado por los Alevines de la S.D. Urola, es suficiente para poder asegurar que el a\u00f1o que viene volveremos a participar en este torneo, en el que despues de tantas participaciones, podemos afirmar que nos sentimos como en casa.<\/p>\n","protected":false},"excerpt":{"rendered":"<p>EL EQUIPO ALEVIN DEL UROLA, AL IGUAL QUE EN A\u00d1OS ANTERIORES, VIAJA A SAN JUAN DE LUZ Y PARTICIPA EN EL TORNEO DE FUTBOL ALEVIN, \u00abARIN LUZIEN\u00bb.<\/p>\n","protected":false},"author":1,"featured_media":1135,"comment_status":"closed","ping_status":"closed","sticky":false,"template":"","format":"standard","meta":{"_acf_changed":false,"footnotes":""},"categories":[6],"tags":[38],"class_list":["post-1136","post","type-post","status-publish","format-standard","has-post-thumbnail","hentry","category-noticias","tag-urola-ke-es-2"],"acf":[],"yoast_head":"<!-- This site is optimized with the Yoast SEO plugin v27.5 - https:\/\/yoast.com\/product\/yoast-seo-wordpress\/ -->\n<title>TORNEO ALEVIN ARIN LUZIEN EN SAN JUAN DE LUZ - Urola K.E.<\/title>\n<meta name=\"robots\" content=\"index, follow, max-snippet:-1, max-image-preview:large, max-video-preview:-1\" \/>\n<link rel=\"canonical\" href=\"https:\/\/urolake.eus\/es\/torneo-alevin-arin-luzien-en-san-juan-de-luz-2\/\" \/>\n<meta property=\"og:locale\" content=\"es_ES\" \/>\n<meta property=\"og:type\" content=\"article\" \/>\n<meta property=\"og:title\" content=\"TORNEO ALEVIN ARIN LUZIEN EN SAN JUAN DE LUZ - Urola K.E.\" \/>\n<meta property=\"og:description\" content=\"EL EQUIPO ALEVIN DEL UROLA, AL IGUAL QUE EN A\u00d1OS ANTERIORES, VIAJA A SAN JUAN DE LUZ Y PARTICIPA EN EL TORNEO DE FUTBOL ALEVIN, &quot;ARIN LUZIEN&quot;.\" \/>\n<meta property=\"og:url\" content=\"https:\/\/urolake.eus\/es\/torneo-alevin-arin-luzien-en-san-juan-de-luz-2\/\" \/>\n<meta property=\"og:site_name\" content=\"Urola K.E.\" \/>\n<meta property=\"article:published_time\" content=\"1969-12-31T22:00:00+00:00\" \/>\n<meta property=\"article:modified_time\" content=\"2022-08-24T08:20:54+00:00\" \/>\n<meta property=\"og:image\" content=\"https:\/\/urolake.eus\/wp-content\/uploads\/2022\/07\/71012008252561959.934105.jpg\" \/>\n\t<meta property=\"og:image:width\" content=\"400\" \/>\n\t<meta property=\"og:image:height\" content=\"300\" \/>\n\t<meta property=\"og:image:type\" content=\"image\/jpeg\" \/>\n<meta name=\"author\" content=\"kudeatzailea\" \/>\n<meta name=\"twitter:card\" content=\"summary_large_image\" \/>\n<meta name=\"twitter:label1\" content=\"Escrito por\" \/>\n\t<meta name=\"twitter:data1\" content=\"kudeatzailea\" \/>\n\t<meta name=\"twitter:label2\" content=\"Tiempo de lectura\" \/>\n\t<meta name=\"twitter:data2\" content=\"1 minuto\" \/>\n<script type=\"application\/ld+json\" class=\"yoast-schema-graph\">{\"@context\":\"https:\\\/\\\/schema.org\",\"@graph\":[{\"@type\":\"Article\",\"@id\":\"https:\\\/\\\/urolake.eus\\\/es\\\/torneo-alevin-arin-luzien-en-san-juan-de-luz-2\\\/#article\",\"isPartOf\":{\"@id\":\"https:\\\/\\\/urolake.eus\\\/es\\\/torneo-alevin-arin-luzien-en-san-juan-de-luz-2\\\/\"},\"author\":{\"name\":\"kudeatzailea\",\"@id\":\"https:\\\/\\\/urolake.eus\\\/es\\\/#\\\/schema\\\/person\\\/899b849d417733bd065eefb4edc60fa5\"},\"headline\":\"TORNEO ALEVIN ARIN LUZIEN EN SAN JUAN DE LUZ\",\"datePublished\":\"1969-12-31T22:00:00+00:00\",\"dateModified\":\"2022-08-24T08:20:54+00:00\",\"mainEntityOfPage\":{\"@id\":\"https:\\\/\\\/urolake.eus\\\/es\\\/torneo-alevin-arin-luzien-en-san-juan-de-luz-2\\\/\"},\"wordCount\":195,\"publisher\":{\"@id\":\"https:\\\/\\\/urolake.eus\\\/es\\\/#organization\"},\"image\":{\"@id\":\"https:\\\/\\\/urolake.eus\\\/es\\\/torneo-alevin-arin-luzien-en-san-juan-de-luz-2\\\/#primaryimage\"},\"thumbnailUrl\":\"https:\\\/\\\/urolake.eus\\\/wp-content\\\/uploads\\\/2022\\\/07\\\/71012008252561959.934105.jpg\",\"keywords\":[\"Urola KE\"],\"articleSection\":[\"Noticias\"],\"inLanguage\":\"es\"},{\"@type\":\"WebPage\",\"@id\":\"https:\\\/\\\/urolake.eus\\\/es\\\/torneo-alevin-arin-luzien-en-san-juan-de-luz-2\\\/\",\"url\":\"https:\\\/\\\/urolake.eus\\\/es\\\/torneo-alevin-arin-luzien-en-san-juan-de-luz-2\\\/\",\"name\":\"TORNEO ALEVIN ARIN LUZIEN EN SAN JUAN DE LUZ - Urola K.E.\",\"isPartOf\":{\"@id\":\"https:\\\/\\\/urolake.eus\\\/es\\\/#website\"},\"primaryImageOfPage\":{\"@id\":\"https:\\\/\\\/urolake.eus\\\/es\\\/torneo-alevin-arin-luzien-en-san-juan-de-luz-2\\\/#primaryimage\"},\"image\":{\"@id\":\"https:\\\/\\\/urolake.eus\\\/es\\\/torneo-alevin-arin-luzien-en-san-juan-de-luz-2\\\/#primaryimage\"},\"thumbnailUrl\":\"https:\\\/\\\/urolake.eus\\\/wp-content\\\/uploads\\\/2022\\\/07\\\/71012008252561959.934105.jpg\",\"datePublished\":\"1969-12-31T22:00:00+00:00\",\"dateModified\":\"2022-08-24T08:20:54+00:00\",\"breadcrumb\":{\"@id\":\"https:\\\/\\\/urolake.eus\\\/es\\\/torneo-alevin-arin-luzien-en-san-juan-de-luz-2\\\/#breadcrumb\"},\"inLanguage\":\"es\",\"potentialAction\":[{\"@type\":\"ReadAction\",\"target\":[\"https:\\\/\\\/urolake.eus\\\/es\\\/torneo-alevin-arin-luzien-en-san-juan-de-luz-2\\\/\"]}]},{\"@type\":\"ImageObject\",\"inLanguage\":\"es\",\"@id\":\"https:\\\/\\\/urolake.eus\\\/es\\\/torneo-alevin-arin-luzien-en-san-juan-de-luz-2\\\/#primaryimage\",\"url\":\"https:\\\/\\\/urolake.eus\\\/wp-content\\\/uploads\\\/2022\\\/07\\\/71012008252561959.934105.jpg\",\"contentUrl\":\"https:\\\/\\\/urolake.eus\\\/wp-content\\\/uploads\\\/2022\\\/07\\\/71012008252561959.934105.jpg\",\"width\":400,\"height\":300},{\"@type\":\"BreadcrumbList\",\"@id\":\"https:\\\/\\\/urolake.eus\\\/es\\\/torneo-alevin-arin-luzien-en-san-juan-de-luz-2\\\/#breadcrumb\",\"itemListElement\":[{\"@type\":\"ListItem\",\"position\":1,\"name\":\"Inicio\",\"item\":\"https:\\\/\\\/urolake.eus\\\/es\\\/\"},{\"@type\":\"ListItem\",\"position\":2,\"name\":\"Noticias\",\"item\":\"https:\\\/\\\/urolake.eus\\\/es\\\/noticias\\\/\"},{\"@type\":\"ListItem\",\"position\":3,\"name\":\"TORNEO ALEVIN ARIN LUZIEN EN SAN JUAN DE LUZ\"}]},{\"@type\":\"WebSite\",\"@id\":\"https:\\\/\\\/urolake.eus\\\/es\\\/#website\",\"url\":\"https:\\\/\\\/urolake.eus\\\/es\\\/\",\"name\":\"Urola K.E.\",\"description\":\"\",\"publisher\":{\"@id\":\"https:\\\/\\\/urolake.eus\\\/es\\\/#organization\"},\"potentialAction\":[{\"@type\":\"SearchAction\",\"target\":{\"@type\":\"EntryPoint\",\"urlTemplate\":\"https:\\\/\\\/urolake.eus\\\/es\\\/?s={search_term_string}\"},\"query-input\":{\"@type\":\"PropertyValueSpecification\",\"valueRequired\":true,\"valueName\":\"search_term_string\"}}],\"inLanguage\":\"es\"},{\"@type\":\"Organization\",\"@id\":\"https:\\\/\\\/urolake.eus\\\/es\\\/#organization\",\"name\":\"Urola K.E.\",\"url\":\"https:\\\/\\\/urolake.eus\\\/es\\\/\",\"logo\":{\"@type\":\"ImageObject\",\"inLanguage\":\"es\",\"@id\":\"https:\\\/\\\/urolake.eus\\\/es\\\/#\\\/schema\\\/logo\\\/image\\\/\",\"url\":\"https:\\\/\\\/urolake.eus\\\/wp-content\\\/uploads\\\/2022\\\/08\\\/cropped-UrolaKEtxt2.png\",\"contentUrl\":\"https:\\\/\\\/urolake.eus\\\/wp-content\\\/uploads\\\/2022\\\/08\\\/cropped-UrolaKEtxt2.png\",\"width\":1000,\"height\":357,\"caption\":\"Urola K.E.\"},\"image\":{\"@id\":\"https:\\\/\\\/urolake.eus\\\/es\\\/#\\\/schema\\\/logo\\\/image\\\/\"}},{\"@type\":\"Person\",\"@id\":\"https:\\\/\\\/urolake.eus\\\/es\\\/#\\\/schema\\\/person\\\/899b849d417733bd065eefb4edc60fa5\",\"name\":\"kudeatzailea\",\"sameAs\":[\"https:\\\/\\\/urolake.eus\"]}]}<\/script>\n<!-- \/ Yoast SEO plugin. -->","yoast_head_json":{"title":"TORNEO ALEVIN ARIN LUZIEN EN SAN JUAN DE LUZ - Urola K.E.","robots":{"index":"index","follow":"follow","max-snippet":"max-snippet:-1","max-image-preview":"max-image-preview:large","max-video-preview":"max-video-preview:-1"},"canonical":"https:\/\/urolake.eus\/es\/torneo-alevin-arin-luzien-en-san-juan-de-luz-2\/","og_locale":"es_ES","og_type":"article","og_title":"TORNEO ALEVIN ARIN LUZIEN EN SAN JUAN DE LUZ - Urola K.E.","og_description":"EL EQUIPO ALEVIN DEL UROLA, AL IGUAL QUE EN A\u00d1OS ANTERIORES, VIAJA A SAN JUAN DE LUZ Y PARTICIPA EN EL TORNEO DE FUTBOL ALEVIN, \"ARIN LUZIEN\".","og_url":"https:\/\/urolake.eus\/es\/torneo-alevin-arin-luzien-en-san-juan-de-luz-2\/","og_site_name":"Urola K.E.","article_published_time":"1969-12-31T22:00:00+00:00","article_modified_time":"2022-08-24T08:20:54+00:00","og_image":[{"width":400,"height":300,"url":"https:\/\/urolake.eus\/wp-content\/uploads\/2022\/07\/71012008252561959.934105.jpg","type":"image\/jpeg"}],"author":"kudeatzailea","twitter_card":"summary_large_image","twitter_misc":{"Escrito por":"kudeatzailea","Tiempo de lectura":"1 minuto"},"schema":{"@context":"https:\/\/schema.org","@graph":[{"@type":"Article","@id":"https:\/\/urolake.eus\/es\/torneo-alevin-arin-luzien-en-san-juan-de-luz-2\/#article","isPartOf":{"@id":"https:\/\/urolake.eus\/es\/torneo-alevin-arin-luzien-en-san-juan-de-luz-2\/"},"author":{"name":"kudeatzailea","@id":"https:\/\/urolake.eus\/es\/#\/schema\/person\/899b849d417733bd065eefb4edc60fa5"},"headline":"TORNEO ALEVIN ARIN LUZIEN EN SAN JUAN DE LUZ","datePublished":"1969-12-31T22:00:00+00:00","dateModified":"2022-08-24T08:20:54+00:00","mainEntityOfPage":{"@id":"https:\/\/urolake.eus\/es\/torneo-alevin-arin-luzien-en-san-juan-de-luz-2\/"},"wordCount":195,"publisher":{"@id":"https:\/\/urolake.eus\/es\/#organization"},"image":{"@id":"https:\/\/urolake.eus\/es\/torneo-alevin-arin-luzien-en-san-juan-de-luz-2\/#primaryimage"},"thumbnailUrl":"https:\/\/urolake.eus\/wp-content\/uploads\/2022\/07\/71012008252561959.934105.jpg","keywords":["Urola KE"],"articleSection":["Noticias"],"inLanguage":"es"},{"@type":"WebPage","@id":"https:\/\/urolake.eus\/es\/torneo-alevin-arin-luzien-en-san-juan-de-luz-2\/","url":"https:\/\/urolake.eus\/es\/torneo-alevin-arin-luzien-en-san-juan-de-luz-2\/","name":"TORNEO ALEVIN ARIN LUZIEN EN SAN JUAN DE LUZ - Urola K.E.","isPartOf":{"@id":"https:\/\/urolake.eus\/es\/#website"},"primaryImageOfPage":{"@id":"https:\/\/urolake.eus\/es\/torneo-alevin-arin-luzien-en-san-juan-de-luz-2\/#primaryimage"},"image":{"@id":"https:\/\/urolake.eus\/es\/torneo-alevin-arin-luzien-en-san-juan-de-luz-2\/#primaryimage"},"thumbnailUrl":"https:\/\/urolake.eus\/wp-content\/uploads\/2022\/07\/71012008252561959.934105.jpg","datePublished":"1969-12-31T22:00:00+00:00","dateModified":"2022-08-24T08:20:54+00:00","breadcrumb":{"@id":"https:\/\/urolake.eus\/es\/torneo-alevin-arin-luzien-en-san-juan-de-luz-2\/#breadcrumb"},"inLanguage":"es","potentialAction":[{"@type":"ReadAction","target":["https:\/\/urolake.eus\/es\/torneo-alevin-arin-luzien-en-san-juan-de-luz-2\/"]}]},{"@type":"ImageObject","inLanguage":"es","@id":"https:\/\/urolake.eus\/es\/torneo-alevin-arin-luzien-en-san-juan-de-luz-2\/#primaryimage","url":"https:\/\/urolake.eus\/wp-content\/uploads\/2022\/07\/71012008252561959.934105.jpg","contentUrl":"https:\/\/urolake.eus\/wp-content\/uploads\/2022\/07\/71012008252561959.934105.jpg","width":400,"height":300},{"@type":"BreadcrumbList","@id":"https:\/\/urolake.eus\/es\/torneo-alevin-arin-luzien-en-san-juan-de-luz-2\/#breadcrumb","itemListElement":[{"@type":"ListItem","position":1,"name":"Inicio","item":"https:\/\/urolake.eus\/es\/"},{"@type":"ListItem","position":2,"name":"Noticias","item":"https:\/\/urolake.eus\/es\/noticias\/"},{"@type":"ListItem","position":3,"name":"TORNEO ALEVIN ARIN LUZIEN EN SAN JUAN DE LUZ"}]},{"@type":"WebSite","@id":"https:\/\/urolake.eus\/es\/#website","url":"https:\/\/urolake.eus\/es\/","name":"Urola K.E.","description":"","publisher":{"@id":"https:\/\/urolake.eus\/es\/#organization"},"potentialAction":[{"@type":"SearchAction","target":{"@type":"EntryPoint","urlTemplate":"https:\/\/urolake.eus\/es\/?s={search_term_string}"},"query-input":{"@type":"PropertyValueSpecification","valueRequired":true,"valueName":"search_term_string"}}],"inLanguage":"es"},{"@type":"Organization","@id":"https:\/\/urolake.eus\/es\/#organization","name":"Urola K.E.","url":"https:\/\/urolake.eus\/es\/","logo":{"@type":"ImageObject","inLanguage":"es","@id":"https:\/\/urolake.eus\/es\/#\/schema\/logo\/image\/","url":"https:\/\/urolake.eus\/wp-content\/uploads\/2022\/08\/cropped-UrolaKEtxt2.png","contentUrl":"https:\/\/urolake.eus\/wp-content\/uploads\/2022\/08\/cropped-UrolaKEtxt2.png","width":1000,"height":357,"caption":"Urola K.E."},"image":{"@id":"https:\/\/urolake.eus\/es\/#\/schema\/logo\/image\/"}},{"@type":"Person","@id":"https:\/\/urolake.eus\/es\/#\/schema\/person\/899b849d417733bd065eefb4edc60fa5","name":"kudeatzailea","sameAs":["https:\/\/urolake.eus"]}]}},"_links":{"self":[{"href":"https:\/\/urolake.eus\/es\/wp-json\/wp\/v2\/posts\/1136","targetHints":{"allow":["GET"]}}],"collection":[{"href":"https:\/\/urolake.eus\/es\/wp-json\/wp\/v2\/posts"}],"about":[{"href":"https:\/\/urolake.eus\/es\/wp-json\/wp\/v2\/types\/post"}],"author":[{"embeddable":true,"href":"https:\/\/urolake.eus\/es\/wp-json\/wp\/v2\/users\/1"}],"replies":[{"embeddable":true,"href":"https:\/\/urolake.eus\/es\/wp-json\/wp\/v2\/comments?post=1136"}],"version-history":[{"count":1,"href":"https:\/\/urolake.eus\/es\/wp-json\/wp\/v2\/posts\/1136\/revisions"}],"predecessor-version":[{"id":2901,"href":"https:\/\/urolake.eus\/es\/wp-json\/wp\/v2\/posts\/1136\/revisions\/2901"}],"wp:featuredmedia":[{"embeddable":true,"href":"https:\/\/urolake.eus\/es\/wp-json\/wp\/v2\/media\/1135"}],"wp:attachment":[{"href":"https:\/\/urolake.eus\/es\/wp-json\/wp\/v2\/media?parent=1136"}],"wp:term":[{"taxonomy":"category","embeddable":true,"href":"https:\/\/urolake.eus\/es\/wp-json\/wp\/v2\/categories?post=1136"},{"taxonomy":"post_tag","embeddable":true,"href":"https:\/\/urolake.eus\/es\/wp-json\/wp\/v2\/tags?post=1136"}],"curies":[{"name":"wp","href":"https:\/\/api.w.org\/{rel}","templated":true}]}}