{"id":1238,"date":"2010-12-03T00:00:00","date_gmt":"2010-12-02T22:00:00","guid":{"rendered":"https:\/\/urolake.eus\/1-de-abril-xv-memorial-txugi\/"},"modified":"2022-08-24T10:19:46","modified_gmt":"2022-08-24T08:19:46","slug":"1-de-abril-xv-memorial-txugi","status":"publish","type":"post","link":"https:\/\/urolake.eus\/es\/1-de-abril-xv-memorial-txugi\/","title":{"rendered":"1 de Abril &#8211; XV Memorial TXUGI"},"content":{"rendered":"<p>El XV Memorial I\u00f1aki Mendiluce &#8216;Txugi&#8217; de f\u00fatbol alev\u00edn volver\u00e1 a contar con un interesante cartel el pr\u00f3ximo d\u00eda 1 de Abril, dia de Jueves Santo, en el estadio municipal Argixao. <\/p>\n<p>El torneo que se realiza en recuerdo del que fuera jugador de la S.D. Urola K.E., I\u00f1aki Mendiluce , a la vez que se homenajea a su familia, comenzar\u00e1 a las 9.20 horas con una ofrenda floral en el monolito situado en la entrada del estadio. A las 9:30 comenzar\u00e1 el marat\u00f3n de partidos (20)  los cuales finalizar\u00e1n sobre las 13:25 horas, hora de la final. La entrega de trofeos ser\u00e1 a las 14.00 horas.  El campeonato se jugar\u00e1 en la modalidad de f\u00fatbol 8, esto es, se alinear\u00e1n siete jugadores de campo m\u00e1s el portero.<\/p>\n<p>La competici\u00f3n acoger\u00e1 dos fases: la clasificatoria y la final. En la primera de ellas se crear\u00e1n dos grupos de cuatro equipos que disputar\u00e1n una liguilla. Los partidos, de s\u00f3lo un tiempo, tendr\u00e1n una duraci\u00f3n de veinte minutos. Despu\u00e9s de cada partido se lanzar\u00e1n tres penaltis. El partido ganado valdr\u00e1 tres puntos y el empate uno. En la fase final optar\u00e1n por los puestos del 1\u00ba al 4\u00ba, los dos primeros equipos clasificados de cada grupo, que se cruzar\u00e1n en semifinales. Los dos \u00faltimos clasificados por cada grupo tambi\u00e9n jugar\u00e1n por los puestos que van del 5\u00ba al 8\u00ba.<br \/>\nTodos los equipos participantes tendr\u00e1n su trofeo y cada jugador, una medalla conmemorativa. <\/p>\n","protected":false},"excerpt":{"rendered":"<p>Los equipos alevines de la Real Sociedad, S.D. Eibar, Zarautz K.E, Athletic Club, C.D. Mirand\u00e9s, C.A. Osasuna, Tolosa C.F. y S.D.Urola K.E. ser\u00e1n los que se unan a la cita del 1 de Abril.<\/p>\n","protected":false},"author":1,"featured_media":1237,"comment_status":"closed","ping_status":"closed","sticky":false,"template":"","format":"standard","meta":{"_acf_changed":false,"footnotes":""},"categories":[6],"tags":[42],"class_list":["post-1238","post","type-post","status-publish","format-standard","has-post-thumbnail","hentry","category-noticias","tag-torneo-txugi-es-2"],"acf":[],"yoast_head":"<!-- This site is optimized with the Yoast SEO plugin v27.5 - https:\/\/yoast.com\/product\/yoast-seo-wordpress\/ -->\n<title>1 de Abril - XV Memorial TXUGI - Urola K.E.<\/title>\n<meta name=\"robots\" content=\"index, follow, max-snippet:-1, max-image-preview:large, max-video-preview:-1\" \/>\n<link rel=\"canonical\" href=\"https:\/\/urolake.eus\/es\/1-de-abril-xv-memorial-txugi\/\" \/>\n<meta property=\"og:locale\" content=\"es_ES\" \/>\n<meta property=\"og:type\" content=\"article\" \/>\n<meta property=\"og:title\" content=\"1 de Abril - XV Memorial TXUGI - Urola K.E.\" \/>\n<meta property=\"og:description\" content=\"Los equipos alevines de la Real Sociedad, S.D. Eibar, Zarautz K.E, Athletic Club, C.D. Mirand\u00e9s, C.A. Osasuna, Tolosa C.F. y S.D.Urola K.E. ser\u00e1n los que se unan a la cita del 1 de Abril.\" \/>\n<meta property=\"og:url\" content=\"https:\/\/urolake.eus\/es\/1-de-abril-xv-memorial-txugi\/\" \/>\n<meta property=\"og:site_name\" content=\"Urola K.E.\" \/>\n<meta property=\"article:published_time\" content=\"2010-12-02T22:00:00+00:00\" \/>\n<meta property=\"article:modified_time\" content=\"2022-08-24T08:19:46+00:00\" \/>\n<meta property=\"og:image\" content=\"https:\/\/urolake.eus\/wp-content\/uploads\/2022\/07\/16772010121231853.73970.jpg\" \/>\n\t<meta property=\"og:image:width\" content=\"172\" \/>\n\t<meta property=\"og:image:height\" content=\"242\" \/>\n\t<meta property=\"og:image:type\" content=\"image\/jpeg\" \/>\n<meta name=\"author\" content=\"kudeatzailea\" \/>\n<meta name=\"twitter:card\" content=\"summary_large_image\" \/>\n<meta name=\"twitter:label1\" content=\"Escrito por\" \/>\n\t<meta name=\"twitter:data1\" content=\"kudeatzailea\" \/>\n\t<meta name=\"twitter:label2\" content=\"Tiempo de lectura\" \/>\n\t<meta name=\"twitter:data2\" content=\"1 minuto\" \/>\n<script type=\"application\/ld+json\" class=\"yoast-schema-graph\">{\"@context\":\"https:\\\/\\\/schema.org\",\"@graph\":[{\"@type\":\"Article\",\"@id\":\"https:\\\/\\\/urolake.eus\\\/es\\\/1-de-abril-xv-memorial-txugi\\\/#article\",\"isPartOf\":{\"@id\":\"https:\\\/\\\/urolake.eus\\\/es\\\/1-de-abril-xv-memorial-txugi\\\/\"},\"author\":{\"name\":\"kudeatzailea\",\"@id\":\"https:\\\/\\\/urolake.eus\\\/es\\\/#\\\/schema\\\/person\\\/899b849d417733bd065eefb4edc60fa5\"},\"headline\":\"1 de Abril &#8211; XV Memorial TXUGI\",\"datePublished\":\"2010-12-02T22:00:00+00:00\",\"dateModified\":\"2022-08-24T08:19:46+00:00\",\"mainEntityOfPage\":{\"@id\":\"https:\\\/\\\/urolake.eus\\\/es\\\/1-de-abril-xv-memorial-txugi\\\/\"},\"wordCount\":259,\"publisher\":{\"@id\":\"https:\\\/\\\/urolake.eus\\\/es\\\/#organization\"},\"image\":{\"@id\":\"https:\\\/\\\/urolake.eus\\\/es\\\/1-de-abril-xv-memorial-txugi\\\/#primaryimage\"},\"thumbnailUrl\":\"https:\\\/\\\/urolake.eus\\\/wp-content\\\/uploads\\\/2022\\\/07\\\/16772010121231853.73970.jpg\",\"keywords\":[\"Torneo Txugi\"],\"articleSection\":[\"Noticias\"],\"inLanguage\":\"es\"},{\"@type\":\"WebPage\",\"@id\":\"https:\\\/\\\/urolake.eus\\\/es\\\/1-de-abril-xv-memorial-txugi\\\/\",\"url\":\"https:\\\/\\\/urolake.eus\\\/es\\\/1-de-abril-xv-memorial-txugi\\\/\",\"name\":\"1 de Abril - XV Memorial TXUGI - Urola K.E.\",\"isPartOf\":{\"@id\":\"https:\\\/\\\/urolake.eus\\\/es\\\/#website\"},\"primaryImageOfPage\":{\"@id\":\"https:\\\/\\\/urolake.eus\\\/es\\\/1-de-abril-xv-memorial-txugi\\\/#primaryimage\"},\"image\":{\"@id\":\"https:\\\/\\\/urolake.eus\\\/es\\\/1-de-abril-xv-memorial-txugi\\\/#primaryimage\"},\"thumbnailUrl\":\"https:\\\/\\\/urolake.eus\\\/wp-content\\\/uploads\\\/2022\\\/07\\\/16772010121231853.73970.jpg\",\"datePublished\":\"2010-12-02T22:00:00+00:00\",\"dateModified\":\"2022-08-24T08:19:46+00:00\",\"breadcrumb\":{\"@id\":\"https:\\\/\\\/urolake.eus\\\/es\\\/1-de-abril-xv-memorial-txugi\\\/#breadcrumb\"},\"inLanguage\":\"es\",\"potentialAction\":[{\"@type\":\"ReadAction\",\"target\":[\"https:\\\/\\\/urolake.eus\\\/es\\\/1-de-abril-xv-memorial-txugi\\\/\"]}]},{\"@type\":\"ImageObject\",\"inLanguage\":\"es\",\"@id\":\"https:\\\/\\\/urolake.eus\\\/es\\\/1-de-abril-xv-memorial-txugi\\\/#primaryimage\",\"url\":\"https:\\\/\\\/urolake.eus\\\/wp-content\\\/uploads\\\/2022\\\/07\\\/16772010121231853.73970.jpg\",\"contentUrl\":\"https:\\\/\\\/urolake.eus\\\/wp-content\\\/uploads\\\/2022\\\/07\\\/16772010121231853.73970.jpg\",\"width\":172,\"height\":242},{\"@type\":\"BreadcrumbList\",\"@id\":\"https:\\\/\\\/urolake.eus\\\/es\\\/1-de-abril-xv-memorial-txugi\\\/#breadcrumb\",\"itemListElement\":[{\"@type\":\"ListItem\",\"position\":1,\"name\":\"Inicio\",\"item\":\"https:\\\/\\\/urolake.eus\\\/es\\\/\"},{\"@type\":\"ListItem\",\"position\":2,\"name\":\"Noticias\",\"item\":\"https:\\\/\\\/urolake.eus\\\/es\\\/noticias\\\/\"},{\"@type\":\"ListItem\",\"position\":3,\"name\":\"1 de Abril &#8211; XV Memorial TXUGI\"}]},{\"@type\":\"WebSite\",\"@id\":\"https:\\\/\\\/urolake.eus\\\/es\\\/#website\",\"url\":\"https:\\\/\\\/urolake.eus\\\/es\\\/\",\"name\":\"Urola K.E.\",\"description\":\"\",\"publisher\":{\"@id\":\"https:\\\/\\\/urolake.eus\\\/es\\\/#organization\"},\"potentialAction\":[{\"@type\":\"SearchAction\",\"target\":{\"@type\":\"EntryPoint\",\"urlTemplate\":\"https:\\\/\\\/urolake.eus\\\/es\\\/?s={search_term_string}\"},\"query-input\":{\"@type\":\"PropertyValueSpecification\",\"valueRequired\":true,\"valueName\":\"search_term_string\"}}],\"inLanguage\":\"es\"},{\"@type\":\"Organization\",\"@id\":\"https:\\\/\\\/urolake.eus\\\/es\\\/#organization\",\"name\":\"Urola K.E.\",\"url\":\"https:\\\/\\\/urolake.eus\\\/es\\\/\",\"logo\":{\"@type\":\"ImageObject\",\"inLanguage\":\"es\",\"@id\":\"https:\\\/\\\/urolake.eus\\\/es\\\/#\\\/schema\\\/logo\\\/image\\\/\",\"url\":\"https:\\\/\\\/urolake.eus\\\/wp-content\\\/uploads\\\/2022\\\/08\\\/cropped-UrolaKEtxt2.png\",\"contentUrl\":\"https:\\\/\\\/urolake.eus\\\/wp-content\\\/uploads\\\/2022\\\/08\\\/cropped-UrolaKEtxt2.png\",\"width\":1000,\"height\":357,\"caption\":\"Urola K.E.\"},\"image\":{\"@id\":\"https:\\\/\\\/urolake.eus\\\/es\\\/#\\\/schema\\\/logo\\\/image\\\/\"}},{\"@type\":\"Person\",\"@id\":\"https:\\\/\\\/urolake.eus\\\/es\\\/#\\\/schema\\\/person\\\/899b849d417733bd065eefb4edc60fa5\",\"name\":\"kudeatzailea\",\"sameAs\":[\"https:\\\/\\\/urolake.eus\"]}]}<\/script>\n<!-- \/ Yoast SEO plugin. -->","yoast_head_json":{"title":"1 de Abril - XV Memorial TXUGI - Urola K.E.","robots":{"index":"index","follow":"follow","max-snippet":"max-snippet:-1","max-image-preview":"max-image-preview:large","max-video-preview":"max-video-preview:-1"},"canonical":"https:\/\/urolake.eus\/es\/1-de-abril-xv-memorial-txugi\/","og_locale":"es_ES","og_type":"article","og_title":"1 de Abril - XV Memorial TXUGI - Urola K.E.","og_description":"Los equipos alevines de la Real Sociedad, S.D. Eibar, Zarautz K.E, Athletic Club, C.D. Mirand\u00e9s, C.A. Osasuna, Tolosa C.F. y S.D.Urola K.E. ser\u00e1n los que se unan a la cita del 1 de Abril.","og_url":"https:\/\/urolake.eus\/es\/1-de-abril-xv-memorial-txugi\/","og_site_name":"Urola K.E.","article_published_time":"2010-12-02T22:00:00+00:00","article_modified_time":"2022-08-24T08:19:46+00:00","og_image":[{"width":172,"height":242,"url":"https:\/\/urolake.eus\/wp-content\/uploads\/2022\/07\/16772010121231853.73970.jpg","type":"image\/jpeg"}],"author":"kudeatzailea","twitter_card":"summary_large_image","twitter_misc":{"Escrito por":"kudeatzailea","Tiempo de lectura":"1 minuto"},"schema":{"@context":"https:\/\/schema.org","@graph":[{"@type":"Article","@id":"https:\/\/urolake.eus\/es\/1-de-abril-xv-memorial-txugi\/#article","isPartOf":{"@id":"https:\/\/urolake.eus\/es\/1-de-abril-xv-memorial-txugi\/"},"author":{"name":"kudeatzailea","@id":"https:\/\/urolake.eus\/es\/#\/schema\/person\/899b849d417733bd065eefb4edc60fa5"},"headline":"1 de Abril &#8211; XV Memorial TXUGI","datePublished":"2010-12-02T22:00:00+00:00","dateModified":"2022-08-24T08:19:46+00:00","mainEntityOfPage":{"@id":"https:\/\/urolake.eus\/es\/1-de-abril-xv-memorial-txugi\/"},"wordCount":259,"publisher":{"@id":"https:\/\/urolake.eus\/es\/#organization"},"image":{"@id":"https:\/\/urolake.eus\/es\/1-de-abril-xv-memorial-txugi\/#primaryimage"},"thumbnailUrl":"https:\/\/urolake.eus\/wp-content\/uploads\/2022\/07\/16772010121231853.73970.jpg","keywords":["Torneo Txugi"],"articleSection":["Noticias"],"inLanguage":"es"},{"@type":"WebPage","@id":"https:\/\/urolake.eus\/es\/1-de-abril-xv-memorial-txugi\/","url":"https:\/\/urolake.eus\/es\/1-de-abril-xv-memorial-txugi\/","name":"1 de Abril - XV Memorial TXUGI - Urola K.E.","isPartOf":{"@id":"https:\/\/urolake.eus\/es\/#website"},"primaryImageOfPage":{"@id":"https:\/\/urolake.eus\/es\/1-de-abril-xv-memorial-txugi\/#primaryimage"},"image":{"@id":"https:\/\/urolake.eus\/es\/1-de-abril-xv-memorial-txugi\/#primaryimage"},"thumbnailUrl":"https:\/\/urolake.eus\/wp-content\/uploads\/2022\/07\/16772010121231853.73970.jpg","datePublished":"2010-12-02T22:00:00+00:00","dateModified":"2022-08-24T08:19:46+00:00","breadcrumb":{"@id":"https:\/\/urolake.eus\/es\/1-de-abril-xv-memorial-txugi\/#breadcrumb"},"inLanguage":"es","potentialAction":[{"@type":"ReadAction","target":["https:\/\/urolake.eus\/es\/1-de-abril-xv-memorial-txugi\/"]}]},{"@type":"ImageObject","inLanguage":"es","@id":"https:\/\/urolake.eus\/es\/1-de-abril-xv-memorial-txugi\/#primaryimage","url":"https:\/\/urolake.eus\/wp-content\/uploads\/2022\/07\/16772010121231853.73970.jpg","contentUrl":"https:\/\/urolake.eus\/wp-content\/uploads\/2022\/07\/16772010121231853.73970.jpg","width":172,"height":242},{"@type":"BreadcrumbList","@id":"https:\/\/urolake.eus\/es\/1-de-abril-xv-memorial-txugi\/#breadcrumb","itemListElement":[{"@type":"ListItem","position":1,"name":"Inicio","item":"https:\/\/urolake.eus\/es\/"},{"@type":"ListItem","position":2,"name":"Noticias","item":"https:\/\/urolake.eus\/es\/noticias\/"},{"@type":"ListItem","position":3,"name":"1 de Abril &#8211; XV Memorial TXUGI"}]},{"@type":"WebSite","@id":"https:\/\/urolake.eus\/es\/#website","url":"https:\/\/urolake.eus\/es\/","name":"Urola K.E.","description":"","publisher":{"@id":"https:\/\/urolake.eus\/es\/#organization"},"potentialAction":[{"@type":"SearchAction","target":{"@type":"EntryPoint","urlTemplate":"https:\/\/urolake.eus\/es\/?s={search_term_string}"},"query-input":{"@type":"PropertyValueSpecification","valueRequired":true,"valueName":"search_term_string"}}],"inLanguage":"es"},{"@type":"Organization","@id":"https:\/\/urolake.eus\/es\/#organization","name":"Urola K.E.","url":"https:\/\/urolake.eus\/es\/","logo":{"@type":"ImageObject","inLanguage":"es","@id":"https:\/\/urolake.eus\/es\/#\/schema\/logo\/image\/","url":"https:\/\/urolake.eus\/wp-content\/uploads\/2022\/08\/cropped-UrolaKEtxt2.png","contentUrl":"https:\/\/urolake.eus\/wp-content\/uploads\/2022\/08\/cropped-UrolaKEtxt2.png","width":1000,"height":357,"caption":"Urola K.E."},"image":{"@id":"https:\/\/urolake.eus\/es\/#\/schema\/logo\/image\/"}},{"@type":"Person","@id":"https:\/\/urolake.eus\/es\/#\/schema\/person\/899b849d417733bd065eefb4edc60fa5","name":"kudeatzailea","sameAs":["https:\/\/urolake.eus"]}]}},"_links":{"self":[{"href":"https:\/\/urolake.eus\/es\/wp-json\/wp\/v2\/posts\/1238","targetHints":{"allow":["GET"]}}],"collection":[{"href":"https:\/\/urolake.eus\/es\/wp-json\/wp\/v2\/posts"}],"about":[{"href":"https:\/\/urolake.eus\/es\/wp-json\/wp\/v2\/types\/post"}],"author":[{"embeddable":true,"href":"https:\/\/urolake.eus\/es\/wp-json\/wp\/v2\/users\/1"}],"replies":[{"embeddable":true,"href":"https:\/\/urolake.eus\/es\/wp-json\/wp\/v2\/comments?post=1238"}],"version-history":[{"count":1,"href":"https:\/\/urolake.eus\/es\/wp-json\/wp\/v2\/posts\/1238\/revisions"}],"predecessor-version":[{"id":2796,"href":"https:\/\/urolake.eus\/es\/wp-json\/wp\/v2\/posts\/1238\/revisions\/2796"}],"wp:featuredmedia":[{"embeddable":true,"href":"https:\/\/urolake.eus\/es\/wp-json\/wp\/v2\/media\/1237"}],"wp:attachment":[{"href":"https:\/\/urolake.eus\/es\/wp-json\/wp\/v2\/media?parent=1238"}],"wp:term":[{"taxonomy":"category","embeddable":true,"href":"https:\/\/urolake.eus\/es\/wp-json\/wp\/v2\/categories?post=1238"},{"taxonomy":"post_tag","embeddable":true,"href":"https:\/\/urolake.eus\/es\/wp-json\/wp\/v2\/tags?post=1238"}],"curies":[{"name":"wp","href":"https:\/\/api.w.org\/{rel}","templated":true}]}}