{"id":1459,"date":"2014-04-07T00:00:00","date_gmt":"2014-04-06T22:00:00","guid":{"rendered":"https:\/\/urolake.eus\/el-xix-memorial-txugi-llevara-el-mejor-futbol-alevin-a-argixao-en-jueves-santo\/"},"modified":"2022-08-24T10:17:42","modified_gmt":"2022-08-24T08:17:42","slug":"el-xix-memorial-txugi-llevara-el-mejor-futbol-alevin-a-argixao-en-jueves-santo-2","status":"publish","type":"post","link":"https:\/\/urolake.eus\/es\/el-xix-memorial-txugi-llevara-el-mejor-futbol-alevin-a-argixao-en-jueves-santo-2\/","title":{"rendered":"El XIX Memorial Txugi llevar\u00e1 el mejor f\u00fatbol alev\u00edn a Argixao en Jueves Santo"},"content":{"rendered":"<p>El XIX Memorial Txugi llevar\u00e1 el mejor f\u00fatbol alev\u00edn al estadio Argixao en Jueves Santo. Este a\u00f1o, el torneo organizado por la S.D. Urola en colaboraci\u00f3n con los ayuntamientos de Zumarraga y Urretxu, contar\u00e1 con la participaci\u00f3n de equipos como el Athletic de Bilbao, Real Sociedad, Tudelano, Eibar, Zarautz, Alo\u00f1a Mendi, Urola y Ardoi. Para este \u00faltimo club la participaci\u00f3n del pr\u00f3ximo d\u00eda 17 supondr\u00e1 su debut en el Memorial Txugi. \u00abParticipan los mismos equipos que en la anterior edici\u00f3n, a excepci\u00f3n del Ardoi. Este equipo navarro, de Zizur y convenido con el Osasuna, viene precisamente en sustituci\u00f3n de los rojillos, que ten\u00edan otro compromiso\u00bb, explica Jon Alustiza, presidente del Urola.<br \/>\nEl a\u00f1o pasado el ganador del Memorial Txugi fue, por tercer a\u00f1o consecutivo, el Athletic. Los rojiblancos acabaron en 2011 con el dominio de Osasuna, ya que los navarros hab\u00edan cosechado cuatro victorias consecutivas desde 2007 a 2010.<br \/>\nComo en ediciones anteriores el Memorial Txugi busca recordar la figura de I\u00f1aki Mendiluze y ofrecer f\u00fatbol de calidad en categor\u00eda alev\u00edn. \u00abLos chavales lo pasan muy bien, es una jornada muy bonita para ellos, con muy buen ambiente, en la que los resultados son lo de menos\u00bb, apunta Alustiza. Para los chavales del Urola el torneo supone todo un aliciente, ya que se muestran especialmente ilusionados de jugar contra equipos como la Real Sociedad o el Athletic.<br \/>\nEl campeonato del pr\u00f3ximo d\u00eda 17, se jugar\u00e1 en la modalidad de f\u00fatbol 8, esto es, se alinear\u00e1n siete jugadores de campo m\u00e1s el portero. Todos ellos ser\u00e1n nacidos en 2002, alevines de \u00faltimo a\u00f1o. Los partidos, veinte en total, arrancar\u00e1n a las 9.30 horas. Ser\u00e1n de un solo tiempo y tendr\u00e1n una duraci\u00f3n de veinte minutos. La gran final se disputar\u00e1 a las 13.25 horas, y posteriormente, tendr\u00e1 lugar la entrega de premios.<br \/>\nComo es habitual, a jornada finalizar\u00e1 con una comida para las directivas de los clubes participantes en el torneo.<br \/>\nDV<\/p>\n","protected":false},"excerpt":{"rendered":"<p>Busca \u00abrecordar la figura de Mendiluze y ofrecer f\u00fatbol de calidad de esta categor\u00eda\u00bb. Participar\u00e1n Athletic de Bilbao, Real Sociedad, Tudelano, Eibar, Zarautz, Alo\u00f1a Mendi, Urola y Ardoi<br \/>\nDV<\/p>\n","protected":false},"author":1,"featured_media":1458,"comment_status":"closed","ping_status":"closed","sticky":false,"template":"","format":"standard","meta":{"_acf_changed":false,"footnotes":""},"categories":[6],"tags":[38],"class_list":["post-1459","post","type-post","status-publish","format-standard","has-post-thumbnail","hentry","category-noticias","tag-urola-ke-es-2"],"acf":[],"yoast_head":"<!-- This site is optimized with the Yoast SEO plugin v27.5 - https:\/\/yoast.com\/product\/yoast-seo-wordpress\/ -->\n<title>El XIX Memorial Txugi llevar\u00e1 el mejor f\u00fatbol alev\u00edn a Argixao en Jueves Santo - Urola K.E.<\/title>\n<meta name=\"robots\" content=\"index, follow, max-snippet:-1, max-image-preview:large, max-video-preview:-1\" \/>\n<link rel=\"canonical\" href=\"https:\/\/urolake.eus\/es\/el-xix-memorial-txugi-llevara-el-mejor-futbol-alevin-a-argixao-en-jueves-santo-2\/\" \/>\n<meta property=\"og:locale\" content=\"es_ES\" \/>\n<meta property=\"og:type\" content=\"article\" \/>\n<meta property=\"og:title\" content=\"El XIX Memorial Txugi llevar\u00e1 el mejor f\u00fatbol alev\u00edn a Argixao en Jueves Santo - Urola K.E.\" \/>\n<meta property=\"og:description\" content=\"Busca \u00abrecordar la figura de Mendiluze y ofrecer f\u00fatbol de calidad de esta categor\u00eda\u00bb. Participar\u00e1n Athletic de Bilbao, Real Sociedad, Tudelano, Eibar, Zarautz, Alo\u00f1a Mendi, Urola y Ardoi   DV\" \/>\n<meta property=\"og:url\" content=\"https:\/\/urolake.eus\/es\/el-xix-memorial-txugi-llevara-el-mejor-futbol-alevin-a-argixao-en-jueves-santo-2\/\" \/>\n<meta property=\"og:site_name\" content=\"Urola K.E.\" \/>\n<meta property=\"article:published_time\" content=\"2014-04-06T22:00:00+00:00\" \/>\n<meta property=\"article:modified_time\" content=\"2022-08-24T08:17:42+00:00\" \/>\n<meta property=\"og:image\" content=\"https:\/\/urolake.eus\/wp-content\/uploads\/2022\/07\/51962014040439081174506.jpg\" \/>\n\t<meta property=\"og:image:width\" content=\"276\" \/>\n\t<meta property=\"og:image:height\" content=\"183\" \/>\n\t<meta property=\"og:image:type\" content=\"image\/jpeg\" \/>\n<meta name=\"author\" content=\"kudeatzailea\" \/>\n<meta name=\"twitter:card\" content=\"summary_large_image\" \/>\n<meta name=\"twitter:label1\" content=\"Escrito por\" \/>\n\t<meta name=\"twitter:data1\" content=\"kudeatzailea\" \/>\n\t<meta name=\"twitter:label2\" content=\"Tiempo de lectura\" \/>\n\t<meta name=\"twitter:data2\" content=\"2 minutos\" \/>\n<script type=\"application\/ld+json\" class=\"yoast-schema-graph\">{\"@context\":\"https:\\\/\\\/schema.org\",\"@graph\":[{\"@type\":\"Article\",\"@id\":\"https:\\\/\\\/urolake.eus\\\/es\\\/el-xix-memorial-txugi-llevara-el-mejor-futbol-alevin-a-argixao-en-jueves-santo-2\\\/#article\",\"isPartOf\":{\"@id\":\"https:\\\/\\\/urolake.eus\\\/es\\\/el-xix-memorial-txugi-llevara-el-mejor-futbol-alevin-a-argixao-en-jueves-santo-2\\\/\"},\"author\":{\"name\":\"kudeatzailea\",\"@id\":\"https:\\\/\\\/urolake.eus\\\/es\\\/#\\\/schema\\\/person\\\/899b849d417733bd065eefb4edc60fa5\"},\"headline\":\"El XIX Memorial Txugi llevar\u00e1 el mejor f\u00fatbol alev\u00edn a Argixao en Jueves Santo\",\"datePublished\":\"2014-04-06T22:00:00+00:00\",\"dateModified\":\"2022-08-24T08:17:42+00:00\",\"mainEntityOfPage\":{\"@id\":\"https:\\\/\\\/urolake.eus\\\/es\\\/el-xix-memorial-txugi-llevara-el-mejor-futbol-alevin-a-argixao-en-jueves-santo-2\\\/\"},\"wordCount\":360,\"publisher\":{\"@id\":\"https:\\\/\\\/urolake.eus\\\/es\\\/#organization\"},\"image\":{\"@id\":\"https:\\\/\\\/urolake.eus\\\/es\\\/el-xix-memorial-txugi-llevara-el-mejor-futbol-alevin-a-argixao-en-jueves-santo-2\\\/#primaryimage\"},\"thumbnailUrl\":\"https:\\\/\\\/urolake.eus\\\/wp-content\\\/uploads\\\/2022\\\/07\\\/51962014040439081174506.jpg\",\"keywords\":[\"Urola KE\"],\"articleSection\":[\"Noticias\"],\"inLanguage\":\"es\"},{\"@type\":\"WebPage\",\"@id\":\"https:\\\/\\\/urolake.eus\\\/es\\\/el-xix-memorial-txugi-llevara-el-mejor-futbol-alevin-a-argixao-en-jueves-santo-2\\\/\",\"url\":\"https:\\\/\\\/urolake.eus\\\/es\\\/el-xix-memorial-txugi-llevara-el-mejor-futbol-alevin-a-argixao-en-jueves-santo-2\\\/\",\"name\":\"El XIX Memorial Txugi llevar\u00e1 el mejor f\u00fatbol alev\u00edn a Argixao en Jueves Santo - Urola K.E.\",\"isPartOf\":{\"@id\":\"https:\\\/\\\/urolake.eus\\\/es\\\/#website\"},\"primaryImageOfPage\":{\"@id\":\"https:\\\/\\\/urolake.eus\\\/es\\\/el-xix-memorial-txugi-llevara-el-mejor-futbol-alevin-a-argixao-en-jueves-santo-2\\\/#primaryimage\"},\"image\":{\"@id\":\"https:\\\/\\\/urolake.eus\\\/es\\\/el-xix-memorial-txugi-llevara-el-mejor-futbol-alevin-a-argixao-en-jueves-santo-2\\\/#primaryimage\"},\"thumbnailUrl\":\"https:\\\/\\\/urolake.eus\\\/wp-content\\\/uploads\\\/2022\\\/07\\\/51962014040439081174506.jpg\",\"datePublished\":\"2014-04-06T22:00:00+00:00\",\"dateModified\":\"2022-08-24T08:17:42+00:00\",\"breadcrumb\":{\"@id\":\"https:\\\/\\\/urolake.eus\\\/es\\\/el-xix-memorial-txugi-llevara-el-mejor-futbol-alevin-a-argixao-en-jueves-santo-2\\\/#breadcrumb\"},\"inLanguage\":\"es\",\"potentialAction\":[{\"@type\":\"ReadAction\",\"target\":[\"https:\\\/\\\/urolake.eus\\\/es\\\/el-xix-memorial-txugi-llevara-el-mejor-futbol-alevin-a-argixao-en-jueves-santo-2\\\/\"]}]},{\"@type\":\"ImageObject\",\"inLanguage\":\"es\",\"@id\":\"https:\\\/\\\/urolake.eus\\\/es\\\/el-xix-memorial-txugi-llevara-el-mejor-futbol-alevin-a-argixao-en-jueves-santo-2\\\/#primaryimage\",\"url\":\"https:\\\/\\\/urolake.eus\\\/wp-content\\\/uploads\\\/2022\\\/07\\\/51962014040439081174506.jpg\",\"contentUrl\":\"https:\\\/\\\/urolake.eus\\\/wp-content\\\/uploads\\\/2022\\\/07\\\/51962014040439081174506.jpg\",\"width\":276,\"height\":183},{\"@type\":\"BreadcrumbList\",\"@id\":\"https:\\\/\\\/urolake.eus\\\/es\\\/el-xix-memorial-txugi-llevara-el-mejor-futbol-alevin-a-argixao-en-jueves-santo-2\\\/#breadcrumb\",\"itemListElement\":[{\"@type\":\"ListItem\",\"position\":1,\"name\":\"Inicio\",\"item\":\"https:\\\/\\\/urolake.eus\\\/es\\\/\"},{\"@type\":\"ListItem\",\"position\":2,\"name\":\"Noticias\",\"item\":\"https:\\\/\\\/urolake.eus\\\/es\\\/noticias\\\/\"},{\"@type\":\"ListItem\",\"position\":3,\"name\":\"El XIX Memorial Txugi llevar\u00e1 el mejor f\u00fatbol alev\u00edn a Argixao en Jueves Santo\"}]},{\"@type\":\"WebSite\",\"@id\":\"https:\\\/\\\/urolake.eus\\\/es\\\/#website\",\"url\":\"https:\\\/\\\/urolake.eus\\\/es\\\/\",\"name\":\"Urola K.E.\",\"description\":\"\",\"publisher\":{\"@id\":\"https:\\\/\\\/urolake.eus\\\/es\\\/#organization\"},\"potentialAction\":[{\"@type\":\"SearchAction\",\"target\":{\"@type\":\"EntryPoint\",\"urlTemplate\":\"https:\\\/\\\/urolake.eus\\\/es\\\/?s={search_term_string}\"},\"query-input\":{\"@type\":\"PropertyValueSpecification\",\"valueRequired\":true,\"valueName\":\"search_term_string\"}}],\"inLanguage\":\"es\"},{\"@type\":\"Organization\",\"@id\":\"https:\\\/\\\/urolake.eus\\\/es\\\/#organization\",\"name\":\"Urola K.E.\",\"url\":\"https:\\\/\\\/urolake.eus\\\/es\\\/\",\"logo\":{\"@type\":\"ImageObject\",\"inLanguage\":\"es\",\"@id\":\"https:\\\/\\\/urolake.eus\\\/es\\\/#\\\/schema\\\/logo\\\/image\\\/\",\"url\":\"https:\\\/\\\/urolake.eus\\\/wp-content\\\/uploads\\\/2022\\\/08\\\/cropped-UrolaKEtxt2.png\",\"contentUrl\":\"https:\\\/\\\/urolake.eus\\\/wp-content\\\/uploads\\\/2022\\\/08\\\/cropped-UrolaKEtxt2.png\",\"width\":1000,\"height\":357,\"caption\":\"Urola K.E.\"},\"image\":{\"@id\":\"https:\\\/\\\/urolake.eus\\\/es\\\/#\\\/schema\\\/logo\\\/image\\\/\"}},{\"@type\":\"Person\",\"@id\":\"https:\\\/\\\/urolake.eus\\\/es\\\/#\\\/schema\\\/person\\\/899b849d417733bd065eefb4edc60fa5\",\"name\":\"kudeatzailea\",\"sameAs\":[\"https:\\\/\\\/urolake.eus\"]}]}<\/script>\n<!-- \/ Yoast SEO plugin. -->","yoast_head_json":{"title":"El XIX Memorial Txugi llevar\u00e1 el mejor f\u00fatbol alev\u00edn a Argixao en Jueves Santo - Urola K.E.","robots":{"index":"index","follow":"follow","max-snippet":"max-snippet:-1","max-image-preview":"max-image-preview:large","max-video-preview":"max-video-preview:-1"},"canonical":"https:\/\/urolake.eus\/es\/el-xix-memorial-txugi-llevara-el-mejor-futbol-alevin-a-argixao-en-jueves-santo-2\/","og_locale":"es_ES","og_type":"article","og_title":"El XIX Memorial Txugi llevar\u00e1 el mejor f\u00fatbol alev\u00edn a Argixao en Jueves Santo - Urola K.E.","og_description":"Busca \u00abrecordar la figura de Mendiluze y ofrecer f\u00fatbol de calidad de esta categor\u00eda\u00bb. Participar\u00e1n Athletic de Bilbao, Real Sociedad, Tudelano, Eibar, Zarautz, Alo\u00f1a Mendi, Urola y Ardoi   DV","og_url":"https:\/\/urolake.eus\/es\/el-xix-memorial-txugi-llevara-el-mejor-futbol-alevin-a-argixao-en-jueves-santo-2\/","og_site_name":"Urola K.E.","article_published_time":"2014-04-06T22:00:00+00:00","article_modified_time":"2022-08-24T08:17:42+00:00","og_image":[{"width":276,"height":183,"url":"https:\/\/urolake.eus\/wp-content\/uploads\/2022\/07\/51962014040439081174506.jpg","type":"image\/jpeg"}],"author":"kudeatzailea","twitter_card":"summary_large_image","twitter_misc":{"Escrito por":"kudeatzailea","Tiempo de lectura":"2 minutos"},"schema":{"@context":"https:\/\/schema.org","@graph":[{"@type":"Article","@id":"https:\/\/urolake.eus\/es\/el-xix-memorial-txugi-llevara-el-mejor-futbol-alevin-a-argixao-en-jueves-santo-2\/#article","isPartOf":{"@id":"https:\/\/urolake.eus\/es\/el-xix-memorial-txugi-llevara-el-mejor-futbol-alevin-a-argixao-en-jueves-santo-2\/"},"author":{"name":"kudeatzailea","@id":"https:\/\/urolake.eus\/es\/#\/schema\/person\/899b849d417733bd065eefb4edc60fa5"},"headline":"El XIX Memorial Txugi llevar\u00e1 el mejor f\u00fatbol alev\u00edn a Argixao en Jueves Santo","datePublished":"2014-04-06T22:00:00+00:00","dateModified":"2022-08-24T08:17:42+00:00","mainEntityOfPage":{"@id":"https:\/\/urolake.eus\/es\/el-xix-memorial-txugi-llevara-el-mejor-futbol-alevin-a-argixao-en-jueves-santo-2\/"},"wordCount":360,"publisher":{"@id":"https:\/\/urolake.eus\/es\/#organization"},"image":{"@id":"https:\/\/urolake.eus\/es\/el-xix-memorial-txugi-llevara-el-mejor-futbol-alevin-a-argixao-en-jueves-santo-2\/#primaryimage"},"thumbnailUrl":"https:\/\/urolake.eus\/wp-content\/uploads\/2022\/07\/51962014040439081174506.jpg","keywords":["Urola KE"],"articleSection":["Noticias"],"inLanguage":"es"},{"@type":"WebPage","@id":"https:\/\/urolake.eus\/es\/el-xix-memorial-txugi-llevara-el-mejor-futbol-alevin-a-argixao-en-jueves-santo-2\/","url":"https:\/\/urolake.eus\/es\/el-xix-memorial-txugi-llevara-el-mejor-futbol-alevin-a-argixao-en-jueves-santo-2\/","name":"El XIX Memorial Txugi llevar\u00e1 el mejor f\u00fatbol alev\u00edn a Argixao en Jueves Santo - Urola K.E.","isPartOf":{"@id":"https:\/\/urolake.eus\/es\/#website"},"primaryImageOfPage":{"@id":"https:\/\/urolake.eus\/es\/el-xix-memorial-txugi-llevara-el-mejor-futbol-alevin-a-argixao-en-jueves-santo-2\/#primaryimage"},"image":{"@id":"https:\/\/urolake.eus\/es\/el-xix-memorial-txugi-llevara-el-mejor-futbol-alevin-a-argixao-en-jueves-santo-2\/#primaryimage"},"thumbnailUrl":"https:\/\/urolake.eus\/wp-content\/uploads\/2022\/07\/51962014040439081174506.jpg","datePublished":"2014-04-06T22:00:00+00:00","dateModified":"2022-08-24T08:17:42+00:00","breadcrumb":{"@id":"https:\/\/urolake.eus\/es\/el-xix-memorial-txugi-llevara-el-mejor-futbol-alevin-a-argixao-en-jueves-santo-2\/#breadcrumb"},"inLanguage":"es","potentialAction":[{"@type":"ReadAction","target":["https:\/\/urolake.eus\/es\/el-xix-memorial-txugi-llevara-el-mejor-futbol-alevin-a-argixao-en-jueves-santo-2\/"]}]},{"@type":"ImageObject","inLanguage":"es","@id":"https:\/\/urolake.eus\/es\/el-xix-memorial-txugi-llevara-el-mejor-futbol-alevin-a-argixao-en-jueves-santo-2\/#primaryimage","url":"https:\/\/urolake.eus\/wp-content\/uploads\/2022\/07\/51962014040439081174506.jpg","contentUrl":"https:\/\/urolake.eus\/wp-content\/uploads\/2022\/07\/51962014040439081174506.jpg","width":276,"height":183},{"@type":"BreadcrumbList","@id":"https:\/\/urolake.eus\/es\/el-xix-memorial-txugi-llevara-el-mejor-futbol-alevin-a-argixao-en-jueves-santo-2\/#breadcrumb","itemListElement":[{"@type":"ListItem","position":1,"name":"Inicio","item":"https:\/\/urolake.eus\/es\/"},{"@type":"ListItem","position":2,"name":"Noticias","item":"https:\/\/urolake.eus\/es\/noticias\/"},{"@type":"ListItem","position":3,"name":"El XIX Memorial Txugi llevar\u00e1 el mejor f\u00fatbol alev\u00edn a Argixao en Jueves Santo"}]},{"@type":"WebSite","@id":"https:\/\/urolake.eus\/es\/#website","url":"https:\/\/urolake.eus\/es\/","name":"Urola K.E.","description":"","publisher":{"@id":"https:\/\/urolake.eus\/es\/#organization"},"potentialAction":[{"@type":"SearchAction","target":{"@type":"EntryPoint","urlTemplate":"https:\/\/urolake.eus\/es\/?s={search_term_string}"},"query-input":{"@type":"PropertyValueSpecification","valueRequired":true,"valueName":"search_term_string"}}],"inLanguage":"es"},{"@type":"Organization","@id":"https:\/\/urolake.eus\/es\/#organization","name":"Urola K.E.","url":"https:\/\/urolake.eus\/es\/","logo":{"@type":"ImageObject","inLanguage":"es","@id":"https:\/\/urolake.eus\/es\/#\/schema\/logo\/image\/","url":"https:\/\/urolake.eus\/wp-content\/uploads\/2022\/08\/cropped-UrolaKEtxt2.png","contentUrl":"https:\/\/urolake.eus\/wp-content\/uploads\/2022\/08\/cropped-UrolaKEtxt2.png","width":1000,"height":357,"caption":"Urola K.E."},"image":{"@id":"https:\/\/urolake.eus\/es\/#\/schema\/logo\/image\/"}},{"@type":"Person","@id":"https:\/\/urolake.eus\/es\/#\/schema\/person\/899b849d417733bd065eefb4edc60fa5","name":"kudeatzailea","sameAs":["https:\/\/urolake.eus"]}]}},"_links":{"self":[{"href":"https:\/\/urolake.eus\/es\/wp-json\/wp\/v2\/posts\/1459","targetHints":{"allow":["GET"]}}],"collection":[{"href":"https:\/\/urolake.eus\/es\/wp-json\/wp\/v2\/posts"}],"about":[{"href":"https:\/\/urolake.eus\/es\/wp-json\/wp\/v2\/types\/post"}],"author":[{"embeddable":true,"href":"https:\/\/urolake.eus\/es\/wp-json\/wp\/v2\/users\/1"}],"replies":[{"embeddable":true,"href":"https:\/\/urolake.eus\/es\/wp-json\/wp\/v2\/comments?post=1459"}],"version-history":[{"count":1,"href":"https:\/\/urolake.eus\/es\/wp-json\/wp\/v2\/posts\/1459\/revisions"}],"predecessor-version":[{"id":2669,"href":"https:\/\/urolake.eus\/es\/wp-json\/wp\/v2\/posts\/1459\/revisions\/2669"}],"wp:featuredmedia":[{"embeddable":true,"href":"https:\/\/urolake.eus\/es\/wp-json\/wp\/v2\/media\/1458"}],"wp:attachment":[{"href":"https:\/\/urolake.eus\/es\/wp-json\/wp\/v2\/media?parent=1459"}],"wp:term":[{"taxonomy":"category","embeddable":true,"href":"https:\/\/urolake.eus\/es\/wp-json\/wp\/v2\/categories?post=1459"},{"taxonomy":"post_tag","embeddable":true,"href":"https:\/\/urolake.eus\/es\/wp-json\/wp\/v2\/tags?post=1459"}],"curies":[{"name":"wp","href":"https:\/\/api.w.org\/{rel}","templated":true}]}}