{"id":1540,"date":"2014-07-18T00:00:00","date_gmt":"2014-07-17T22:00:00","guid":{"rendered":"https:\/\/urolake.eus\/el-anexo-del-estadio-argixao-sera-acondicionado-el-ano-que-viene-2\/"},"modified":"2022-08-24T10:16:45","modified_gmt":"2022-08-24T08:16:45","slug":"el-anexo-del-estadio-argixao-sera-acondicionado-el-ano-que-viene-2","status":"publish","type":"post","link":"https:\/\/urolake.eus\/es\/el-anexo-del-estadio-argixao-sera-acondicionado-el-ano-que-viene-2\/","title":{"rendered":"El anexo del estadio Argixao ser\u00e1 acondicionado \u00abel a\u00f1o que viene\u00bb"},"content":{"rendered":"<p>El anexo del estadio Argixao ser\u00e1 acondicionado \u00abel a\u00f1o que viene\u00bb, adelanta el alcalde Mikel Serrano. Se har\u00e1 un campo de f\u00fatbol \u00abreglamentario con hierba artificial que cubrir\u00e1 las necesidades del Urola. Tambi\u00e9n dispondr\u00e1 de un per\u00edmetro de asfalto que los vecinos podr\u00e1n utilizar para andar\u00bb, explica. Est\u00e1 previsto que los trabajos comiencen \u00aba principios del pr\u00f3ximo a\u00f1o ya que no estamos condicionados al par\u00f3n liguero\u00bb, sostiene el primer edil.<\/p>\n<p>La obra del anexo es fruto \u00abde un mont\u00f3n de reuniones tanto con Diputaci\u00f3n como con la Federaci\u00f3n de F\u00fatbol. El Ayuntamiento viene trabajando este tema desde la anterior legislatura y siempre lo hemos planteado como un proyecto a tercios con ambos entes. El proyecto tiene un presupuesto de unos 450.000 euros. El Ayuntamiento se har\u00e1 cargo de 150.000. Tenemos la confirmaci\u00f3n de que la Diputaci\u00f3n colaborar\u00e1 con otros 163.000 con cargo a los presupuestos de 2015 y 2016 y nos falta la confirmaci\u00f3n de la Federaci\u00f3n. No obstante, nos han comunicado que despu\u00e9s de haber hecho frente a los compromisos que hab\u00edan adquirido, el proyecto del anexo de Argixao es prioritario. Estamos bastante bien encaminados\u00bb, sostiene Serrano.<\/p>\n<p>El acondicionamiento del anexo del estadio Argixao fue uno de los temas que abord\u00f3 la asamblea general de la S.D. Urola, celebrada recientemente en la casa torre Legazpi. No fue el \u00fanico. La reuni\u00f3n tambi\u00e9n sirvio para aprobar las cuentas de la temporada 2013-2014 \u00abcon un super\u00e1vit de 21.000 euros\u00bb, explican desde el club amarillo. De cara a la pr\u00f3xima temporada manejan un presupuesto de \u00ab192.000 euros\u00bb.<\/p>\n<p>En el terreno deportivo se hizo un repaso de los resultados cosechados por los diferentes equipos, destacando que \u00abel mayor estuvo a punto de subir de categor\u00eda. Qued\u00f3 tercero a un punto del primero\u00bb. Militar\u00e1 de nuevo en la Regional Preferente. \u00abEl Infantil txiki ha hecho una buena temporada, quedando entre los primeros de Gipuzkoa\u00bb y \u00abel femenino de F\u00fatbol-8 ha logrado meterse en la fase de ascenso a\u00fan siendo su primer a\u00f1o\u00bb.<br \/>\nDV<\/p>\n","protected":false},"excerpt":{"rendered":"<p>Serrano avanza que se har\u00e1 un campo de f\u00fatbol reglamentario con hierba artificial. Fue uno de los puntos del orden del d\u00eda de la asamblea general del Urola<br \/>\nDV<\/p>\n","protected":false},"author":1,"featured_media":1539,"comment_status":"closed","ping_status":"closed","sticky":false,"template":"","format":"standard","meta":{"_acf_changed":false,"footnotes":""},"categories":[6],"tags":[38],"class_list":["post-1540","post","type-post","status-publish","format-standard","has-post-thumbnail","hentry","category-noticias","tag-urola-ke-es-2"],"acf":[],"yoast_head":"<!-- This site is optimized with the Yoast SEO plugin v27.5 - https:\/\/yoast.com\/product\/yoast-seo-wordpress\/ -->\n<title>El anexo del estadio Argixao ser\u00e1 acondicionado \u00abel a\u00f1o que viene\u00bb - Urola K.E.<\/title>\n<meta name=\"robots\" content=\"index, follow, max-snippet:-1, max-image-preview:large, max-video-preview:-1\" \/>\n<link rel=\"canonical\" href=\"https:\/\/urolake.eus\/es\/el-anexo-del-estadio-argixao-sera-acondicionado-el-ano-que-viene-2\/\" \/>\n<meta property=\"og:locale\" content=\"es_ES\" \/>\n<meta property=\"og:type\" content=\"article\" \/>\n<meta property=\"og:title\" content=\"El anexo del estadio Argixao ser\u00e1 acondicionado \u00abel a\u00f1o que viene\u00bb - Urola K.E.\" \/>\n<meta property=\"og:description\" content=\"Serrano avanza que se har\u00e1 un campo de f\u00fatbol reglamentario con hierba artificial. Fue uno de los puntos del orden del d\u00eda de la asamblea general del Urola DV\" \/>\n<meta property=\"og:url\" content=\"https:\/\/urolake.eus\/es\/el-anexo-del-estadio-argixao-sera-acondicionado-el-ano-que-viene-2\/\" \/>\n<meta property=\"og:site_name\" content=\"Urola K.E.\" \/>\n<meta property=\"article:published_time\" content=\"2014-07-17T22:00:00+00:00\" \/>\n<meta property=\"article:modified_time\" content=\"2022-08-24T08:16:45+00:00\" \/>\n<meta property=\"og:image\" content=\"https:\/\/urolake.eus\/wp-content\/uploads\/2022\/07\/46042014070748110842065.jpg\" \/>\n\t<meta property=\"og:image:width\" content=\"575\" \/>\n\t<meta property=\"og:image:height\" content=\"417\" \/>\n\t<meta property=\"og:image:type\" content=\"image\/jpeg\" \/>\n<meta name=\"author\" content=\"kudeatzailea\" \/>\n<meta name=\"twitter:card\" content=\"summary_large_image\" \/>\n<meta name=\"twitter:label1\" content=\"Escrito por\" \/>\n\t<meta name=\"twitter:data1\" content=\"kudeatzailea\" \/>\n\t<meta name=\"twitter:label2\" content=\"Tiempo de lectura\" \/>\n\t<meta name=\"twitter:data2\" content=\"2 minutos\" \/>\n<script type=\"application\/ld+json\" class=\"yoast-schema-graph\">{\"@context\":\"https:\\\/\\\/schema.org\",\"@graph\":[{\"@type\":\"Article\",\"@id\":\"https:\\\/\\\/urolake.eus\\\/es\\\/el-anexo-del-estadio-argixao-sera-acondicionado-el-ano-que-viene-2\\\/#article\",\"isPartOf\":{\"@id\":\"https:\\\/\\\/urolake.eus\\\/es\\\/el-anexo-del-estadio-argixao-sera-acondicionado-el-ano-que-viene-2\\\/\"},\"author\":{\"name\":\"kudeatzailea\",\"@id\":\"https:\\\/\\\/urolake.eus\\\/es\\\/#\\\/schema\\\/person\\\/899b849d417733bd065eefb4edc60fa5\"},\"headline\":\"El anexo del estadio Argixao ser\u00e1 acondicionado \u00abel a\u00f1o que viene\u00bb\",\"datePublished\":\"2014-07-17T22:00:00+00:00\",\"dateModified\":\"2022-08-24T08:16:45+00:00\",\"mainEntityOfPage\":{\"@id\":\"https:\\\/\\\/urolake.eus\\\/es\\\/el-anexo-del-estadio-argixao-sera-acondicionado-el-ano-que-viene-2\\\/\"},\"wordCount\":361,\"publisher\":{\"@id\":\"https:\\\/\\\/urolake.eus\\\/es\\\/#organization\"},\"image\":{\"@id\":\"https:\\\/\\\/urolake.eus\\\/es\\\/el-anexo-del-estadio-argixao-sera-acondicionado-el-ano-que-viene-2\\\/#primaryimage\"},\"thumbnailUrl\":\"https:\\\/\\\/urolake.eus\\\/wp-content\\\/uploads\\\/2022\\\/07\\\/46042014070748110842065.jpg\",\"keywords\":[\"Urola KE\"],\"articleSection\":[\"Noticias\"],\"inLanguage\":\"es\"},{\"@type\":\"WebPage\",\"@id\":\"https:\\\/\\\/urolake.eus\\\/es\\\/el-anexo-del-estadio-argixao-sera-acondicionado-el-ano-que-viene-2\\\/\",\"url\":\"https:\\\/\\\/urolake.eus\\\/es\\\/el-anexo-del-estadio-argixao-sera-acondicionado-el-ano-que-viene-2\\\/\",\"name\":\"El anexo del estadio Argixao ser\u00e1 acondicionado \u00abel a\u00f1o que viene\u00bb - Urola K.E.\",\"isPartOf\":{\"@id\":\"https:\\\/\\\/urolake.eus\\\/es\\\/#website\"},\"primaryImageOfPage\":{\"@id\":\"https:\\\/\\\/urolake.eus\\\/es\\\/el-anexo-del-estadio-argixao-sera-acondicionado-el-ano-que-viene-2\\\/#primaryimage\"},\"image\":{\"@id\":\"https:\\\/\\\/urolake.eus\\\/es\\\/el-anexo-del-estadio-argixao-sera-acondicionado-el-ano-que-viene-2\\\/#primaryimage\"},\"thumbnailUrl\":\"https:\\\/\\\/urolake.eus\\\/wp-content\\\/uploads\\\/2022\\\/07\\\/46042014070748110842065.jpg\",\"datePublished\":\"2014-07-17T22:00:00+00:00\",\"dateModified\":\"2022-08-24T08:16:45+00:00\",\"breadcrumb\":{\"@id\":\"https:\\\/\\\/urolake.eus\\\/es\\\/el-anexo-del-estadio-argixao-sera-acondicionado-el-ano-que-viene-2\\\/#breadcrumb\"},\"inLanguage\":\"es\",\"potentialAction\":[{\"@type\":\"ReadAction\",\"target\":[\"https:\\\/\\\/urolake.eus\\\/es\\\/el-anexo-del-estadio-argixao-sera-acondicionado-el-ano-que-viene-2\\\/\"]}]},{\"@type\":\"ImageObject\",\"inLanguage\":\"es\",\"@id\":\"https:\\\/\\\/urolake.eus\\\/es\\\/el-anexo-del-estadio-argixao-sera-acondicionado-el-ano-que-viene-2\\\/#primaryimage\",\"url\":\"https:\\\/\\\/urolake.eus\\\/wp-content\\\/uploads\\\/2022\\\/07\\\/46042014070748110842065.jpg\",\"contentUrl\":\"https:\\\/\\\/urolake.eus\\\/wp-content\\\/uploads\\\/2022\\\/07\\\/46042014070748110842065.jpg\",\"width\":575,\"height\":417},{\"@type\":\"BreadcrumbList\",\"@id\":\"https:\\\/\\\/urolake.eus\\\/es\\\/el-anexo-del-estadio-argixao-sera-acondicionado-el-ano-que-viene-2\\\/#breadcrumb\",\"itemListElement\":[{\"@type\":\"ListItem\",\"position\":1,\"name\":\"Inicio\",\"item\":\"https:\\\/\\\/urolake.eus\\\/es\\\/\"},{\"@type\":\"ListItem\",\"position\":2,\"name\":\"Noticias\",\"item\":\"https:\\\/\\\/urolake.eus\\\/es\\\/noticias\\\/\"},{\"@type\":\"ListItem\",\"position\":3,\"name\":\"El anexo del estadio Argixao ser\u00e1 acondicionado \u00abel a\u00f1o que viene\u00bb\"}]},{\"@type\":\"WebSite\",\"@id\":\"https:\\\/\\\/urolake.eus\\\/es\\\/#website\",\"url\":\"https:\\\/\\\/urolake.eus\\\/es\\\/\",\"name\":\"Urola K.E.\",\"description\":\"\",\"publisher\":{\"@id\":\"https:\\\/\\\/urolake.eus\\\/es\\\/#organization\"},\"potentialAction\":[{\"@type\":\"SearchAction\",\"target\":{\"@type\":\"EntryPoint\",\"urlTemplate\":\"https:\\\/\\\/urolake.eus\\\/es\\\/?s={search_term_string}\"},\"query-input\":{\"@type\":\"PropertyValueSpecification\",\"valueRequired\":true,\"valueName\":\"search_term_string\"}}],\"inLanguage\":\"es\"},{\"@type\":\"Organization\",\"@id\":\"https:\\\/\\\/urolake.eus\\\/es\\\/#organization\",\"name\":\"Urola K.E.\",\"url\":\"https:\\\/\\\/urolake.eus\\\/es\\\/\",\"logo\":{\"@type\":\"ImageObject\",\"inLanguage\":\"es\",\"@id\":\"https:\\\/\\\/urolake.eus\\\/es\\\/#\\\/schema\\\/logo\\\/image\\\/\",\"url\":\"https:\\\/\\\/urolake.eus\\\/wp-content\\\/uploads\\\/2022\\\/08\\\/cropped-UrolaKEtxt2.png\",\"contentUrl\":\"https:\\\/\\\/urolake.eus\\\/wp-content\\\/uploads\\\/2022\\\/08\\\/cropped-UrolaKEtxt2.png\",\"width\":1000,\"height\":357,\"caption\":\"Urola K.E.\"},\"image\":{\"@id\":\"https:\\\/\\\/urolake.eus\\\/es\\\/#\\\/schema\\\/logo\\\/image\\\/\"}},{\"@type\":\"Person\",\"@id\":\"https:\\\/\\\/urolake.eus\\\/es\\\/#\\\/schema\\\/person\\\/899b849d417733bd065eefb4edc60fa5\",\"name\":\"kudeatzailea\",\"sameAs\":[\"https:\\\/\\\/urolake.eus\"]}]}<\/script>\n<!-- \/ Yoast SEO plugin. -->","yoast_head_json":{"title":"El anexo del estadio Argixao ser\u00e1 acondicionado \u00abel a\u00f1o que viene\u00bb - Urola K.E.","robots":{"index":"index","follow":"follow","max-snippet":"max-snippet:-1","max-image-preview":"max-image-preview:large","max-video-preview":"max-video-preview:-1"},"canonical":"https:\/\/urolake.eus\/es\/el-anexo-del-estadio-argixao-sera-acondicionado-el-ano-que-viene-2\/","og_locale":"es_ES","og_type":"article","og_title":"El anexo del estadio Argixao ser\u00e1 acondicionado \u00abel a\u00f1o que viene\u00bb - Urola K.E.","og_description":"Serrano avanza que se har\u00e1 un campo de f\u00fatbol reglamentario con hierba artificial. Fue uno de los puntos del orden del d\u00eda de la asamblea general del Urola DV","og_url":"https:\/\/urolake.eus\/es\/el-anexo-del-estadio-argixao-sera-acondicionado-el-ano-que-viene-2\/","og_site_name":"Urola K.E.","article_published_time":"2014-07-17T22:00:00+00:00","article_modified_time":"2022-08-24T08:16:45+00:00","og_image":[{"width":575,"height":417,"url":"https:\/\/urolake.eus\/wp-content\/uploads\/2022\/07\/46042014070748110842065.jpg","type":"image\/jpeg"}],"author":"kudeatzailea","twitter_card":"summary_large_image","twitter_misc":{"Escrito por":"kudeatzailea","Tiempo de lectura":"2 minutos"},"schema":{"@context":"https:\/\/schema.org","@graph":[{"@type":"Article","@id":"https:\/\/urolake.eus\/es\/el-anexo-del-estadio-argixao-sera-acondicionado-el-ano-que-viene-2\/#article","isPartOf":{"@id":"https:\/\/urolake.eus\/es\/el-anexo-del-estadio-argixao-sera-acondicionado-el-ano-que-viene-2\/"},"author":{"name":"kudeatzailea","@id":"https:\/\/urolake.eus\/es\/#\/schema\/person\/899b849d417733bd065eefb4edc60fa5"},"headline":"El anexo del estadio Argixao ser\u00e1 acondicionado \u00abel a\u00f1o que viene\u00bb","datePublished":"2014-07-17T22:00:00+00:00","dateModified":"2022-08-24T08:16:45+00:00","mainEntityOfPage":{"@id":"https:\/\/urolake.eus\/es\/el-anexo-del-estadio-argixao-sera-acondicionado-el-ano-que-viene-2\/"},"wordCount":361,"publisher":{"@id":"https:\/\/urolake.eus\/es\/#organization"},"image":{"@id":"https:\/\/urolake.eus\/es\/el-anexo-del-estadio-argixao-sera-acondicionado-el-ano-que-viene-2\/#primaryimage"},"thumbnailUrl":"https:\/\/urolake.eus\/wp-content\/uploads\/2022\/07\/46042014070748110842065.jpg","keywords":["Urola KE"],"articleSection":["Noticias"],"inLanguage":"es"},{"@type":"WebPage","@id":"https:\/\/urolake.eus\/es\/el-anexo-del-estadio-argixao-sera-acondicionado-el-ano-que-viene-2\/","url":"https:\/\/urolake.eus\/es\/el-anexo-del-estadio-argixao-sera-acondicionado-el-ano-que-viene-2\/","name":"El anexo del estadio Argixao ser\u00e1 acondicionado \u00abel a\u00f1o que viene\u00bb - Urola K.E.","isPartOf":{"@id":"https:\/\/urolake.eus\/es\/#website"},"primaryImageOfPage":{"@id":"https:\/\/urolake.eus\/es\/el-anexo-del-estadio-argixao-sera-acondicionado-el-ano-que-viene-2\/#primaryimage"},"image":{"@id":"https:\/\/urolake.eus\/es\/el-anexo-del-estadio-argixao-sera-acondicionado-el-ano-que-viene-2\/#primaryimage"},"thumbnailUrl":"https:\/\/urolake.eus\/wp-content\/uploads\/2022\/07\/46042014070748110842065.jpg","datePublished":"2014-07-17T22:00:00+00:00","dateModified":"2022-08-24T08:16:45+00:00","breadcrumb":{"@id":"https:\/\/urolake.eus\/es\/el-anexo-del-estadio-argixao-sera-acondicionado-el-ano-que-viene-2\/#breadcrumb"},"inLanguage":"es","potentialAction":[{"@type":"ReadAction","target":["https:\/\/urolake.eus\/es\/el-anexo-del-estadio-argixao-sera-acondicionado-el-ano-que-viene-2\/"]}]},{"@type":"ImageObject","inLanguage":"es","@id":"https:\/\/urolake.eus\/es\/el-anexo-del-estadio-argixao-sera-acondicionado-el-ano-que-viene-2\/#primaryimage","url":"https:\/\/urolake.eus\/wp-content\/uploads\/2022\/07\/46042014070748110842065.jpg","contentUrl":"https:\/\/urolake.eus\/wp-content\/uploads\/2022\/07\/46042014070748110842065.jpg","width":575,"height":417},{"@type":"BreadcrumbList","@id":"https:\/\/urolake.eus\/es\/el-anexo-del-estadio-argixao-sera-acondicionado-el-ano-que-viene-2\/#breadcrumb","itemListElement":[{"@type":"ListItem","position":1,"name":"Inicio","item":"https:\/\/urolake.eus\/es\/"},{"@type":"ListItem","position":2,"name":"Noticias","item":"https:\/\/urolake.eus\/es\/noticias\/"},{"@type":"ListItem","position":3,"name":"El anexo del estadio Argixao ser\u00e1 acondicionado \u00abel a\u00f1o que viene\u00bb"}]},{"@type":"WebSite","@id":"https:\/\/urolake.eus\/es\/#website","url":"https:\/\/urolake.eus\/es\/","name":"Urola K.E.","description":"","publisher":{"@id":"https:\/\/urolake.eus\/es\/#organization"},"potentialAction":[{"@type":"SearchAction","target":{"@type":"EntryPoint","urlTemplate":"https:\/\/urolake.eus\/es\/?s={search_term_string}"},"query-input":{"@type":"PropertyValueSpecification","valueRequired":true,"valueName":"search_term_string"}}],"inLanguage":"es"},{"@type":"Organization","@id":"https:\/\/urolake.eus\/es\/#organization","name":"Urola K.E.","url":"https:\/\/urolake.eus\/es\/","logo":{"@type":"ImageObject","inLanguage":"es","@id":"https:\/\/urolake.eus\/es\/#\/schema\/logo\/image\/","url":"https:\/\/urolake.eus\/wp-content\/uploads\/2022\/08\/cropped-UrolaKEtxt2.png","contentUrl":"https:\/\/urolake.eus\/wp-content\/uploads\/2022\/08\/cropped-UrolaKEtxt2.png","width":1000,"height":357,"caption":"Urola K.E."},"image":{"@id":"https:\/\/urolake.eus\/es\/#\/schema\/logo\/image\/"}},{"@type":"Person","@id":"https:\/\/urolake.eus\/es\/#\/schema\/person\/899b849d417733bd065eefb4edc60fa5","name":"kudeatzailea","sameAs":["https:\/\/urolake.eus"]}]}},"_links":{"self":[{"href":"https:\/\/urolake.eus\/es\/wp-json\/wp\/v2\/posts\/1540","targetHints":{"allow":["GET"]}}],"collection":[{"href":"https:\/\/urolake.eus\/es\/wp-json\/wp\/v2\/posts"}],"about":[{"href":"https:\/\/urolake.eus\/es\/wp-json\/wp\/v2\/types\/post"}],"author":[{"embeddable":true,"href":"https:\/\/urolake.eus\/es\/wp-json\/wp\/v2\/users\/1"}],"replies":[{"embeddable":true,"href":"https:\/\/urolake.eus\/es\/wp-json\/wp\/v2\/comments?post=1540"}],"version-history":[{"count":1,"href":"https:\/\/urolake.eus\/es\/wp-json\/wp\/v2\/posts\/1540\/revisions"}],"predecessor-version":[{"id":2605,"href":"https:\/\/urolake.eus\/es\/wp-json\/wp\/v2\/posts\/1540\/revisions\/2605"}],"wp:featuredmedia":[{"embeddable":true,"href":"https:\/\/urolake.eus\/es\/wp-json\/wp\/v2\/media\/1539"}],"wp:attachment":[{"href":"https:\/\/urolake.eus\/es\/wp-json\/wp\/v2\/media?parent=1540"}],"wp:term":[{"taxonomy":"category","embeddable":true,"href":"https:\/\/urolake.eus\/es\/wp-json\/wp\/v2\/categories?post=1540"},{"taxonomy":"post_tag","embeddable":true,"href":"https:\/\/urolake.eus\/es\/wp-json\/wp\/v2\/tags?post=1540"}],"curies":[{"name":"wp","href":"https:\/\/api.w.org\/{rel}","templated":true}]}}