{"id":1548,"date":"2014-07-22T00:00:00","date_gmt":"2014-07-21T22:00:00","guid":{"rendered":"https:\/\/urolake.eus\/el-objetivo-para-la-proxima-temporada-pasa-por-crecer-y-mejorar-dia-a-dia-2\/"},"modified":"2022-08-24T10:16:45","modified_gmt":"2022-08-24T08:16:45","slug":"el-objetivo-para-la-proxima-temporada-pasa-por-crecer-y-mejorar-dia-a-dia-2","status":"publish","type":"post","link":"https:\/\/urolake.eus\/es\/el-objetivo-para-la-proxima-temporada-pasa-por-crecer-y-mejorar-dia-a-dia-2\/","title":{"rendered":"El objetivo para la pr\u00f3xima temporada pasa por \u00abcrecer y mejorar d\u00eda a d\u00eda\u00bb"},"content":{"rendered":"<p>Su objetivo para la pr\u00f3xima temporada pasa por \u00abcrecer y mejorar d\u00eda a d\u00eda\u00bb, afirma Iv\u00e1n L\u00f3pez, el nuevo entrenador del Urola. \u00abNo soy persona de objetivos a largo plazo, me gusta exprimirme d\u00eda a d\u00eda. Me importa que los chavales crezcan como chavales y como jugadores. El querer subir, subir&#8230; te puede confundir y llegar a estresar. Le doy m\u00e1s importancia al d\u00eda a d\u00eda y al partido a partido. La pasada temporada el Eibar, con Gaizka Garitano, ten\u00eda como primer objetivo la permanencia y al final fue el ascenso. En principio hay que mantener la categor\u00eda y despu\u00e9s, no tengo l\u00edmites\u00bb, afirma.<\/p>\n<p>Iv\u00e1n L\u00f3pez acaba de coger las riendas del primer equipo amarillo. A sus 31 a\u00f1os, este eibarr\u00e9s viene de entrenar al Iurretako de Divisi\u00f3n Honor. Anteriormente, entren\u00f3 al Elgoibar y tambi\u00e9n, a categor\u00edas inferiores del Eibar. Cara a la pr\u00f3xima temporada \u00abten\u00eda dos o tres opciones\u00bb y se decidi\u00f3 por el club amarillo. \u00abRafa Mart\u00ednez de Lezea iba a ser el entrenador, pero finalmente no pudo ser por un problema de conciliaci\u00f3n laboral. A m\u00ed me llam\u00f3 un directivo que me conoc\u00eda, nos reunimos y acept\u00e9. Estoy encantado de la vida. Ten\u00eda buenas referencias del equipo. Tanto Juanan Cruz como Igor son amigos y siempre me han hablado muy bien del equipo. Es una oportunidad, un paso adelante. Lo considero una oportunidad que debo aprovechar para progresar\u00bb, afirma. Por su parte, Rafa Mart\u00ednez de Lezea ser\u00e1 el segundo entrenador del equipo.<\/p>\n<p>Tres sesiones<\/p>\n<p>El Urola ha comenzado a entrenar esta semana. Han llevado a cabo tres sesiones. \u00abLa verdad, he visto un vestuario muy ilusionado. Las primeras impresiones han sido muy buenas en cuanto a intensidad de entrenamientos, les he visto muy disciplinados y con ganas. Considero muy importante el tema del entrenamiento y as\u00ed se lo he hecho saber al equipo mediante unas charlas\u00bb.<\/p>\n<p>El entrenador \u00abpr\u00e1cticamente desconoc\u00eda a la plantilla, exceptuando a Ioritz y a Asier Mart\u00edn. La directiva y el coordinador, Jon Caballero, me ha comunicado que el grueso del equipo contin\u00faa. Yo he hecho una incorporaci\u00f3n, Aitor Azpiazu, del Eibar y ,a lo mejor, habr\u00e1 que hacer alguna otra. Arriba, en la zona delantera, es donde m\u00e1s falta de efectivos tenemos. Hay un rumano a prueba que no lo est\u00e1 haciendo mal, igual se queda\u00bb.<\/p>\n<p>Asimismo, \u00abhay cuatro chavales del Regional que van a hacer la pretemporada con nosotros. Estoy abierto. Si el que entra logra convencerme se puede quedar en la primera plantilla\u00bb, dice L\u00f3pez.<\/p>\n<p>\u00abConocernos\u00bb<\/p>\n<p>Los amarillos continuar\u00e1n la pr\u00f3xima semana con otros tres entrenamientos antes del par\u00f3n vacacional. \u00abA d\u00eda de hoy el tema f\u00edsico no lo estoy tocando. Hacemos entrenamientos amenos, divertidos&#8230; con connotaci\u00f3n t\u00e9cnico-t\u00e1ctica. Hay que ir viendo. La idea es ir poco a poco estas dos semanas, conocernos e implantar unas bases de funcionamiento y de trabajo\u00bb.<\/p>\n<p>El Urola se tomar\u00e1 vacaciones hasta el 18 de agosto. A partir de esa fecha \u00abtenemos planificados cinco amistosos hasta el 21 de septiembre, fecha de inicio de la liga. El primero ser\u00e1 el 24 de agosto contra el Alo\u00f1a Mendi, en O\u00f1ati\u00bb.<\/p>\n","protected":false},"excerpt":{"rendered":"<p>El Urola ha comenzado a entrenar bajo las \u00f3rdenes del eibarr\u00e9s Iv\u00e1n L\u00f3pez. \u00abLas primeras impresiones son buenas. He visto un vestuario muy ilusionado, disciplinado y con ganas\u00bb, afirma<br \/>\nDV-FOTO ARESTI<\/p>\n","protected":false},"author":1,"featured_media":1547,"comment_status":"closed","ping_status":"closed","sticky":false,"template":"","format":"standard","meta":{"_acf_changed":false,"footnotes":""},"categories":[6],"tags":[38],"class_list":["post-1548","post","type-post","status-publish","format-standard","has-post-thumbnail","hentry","category-noticias","tag-urola-ke-es-2"],"acf":[],"yoast_head":"<!-- This site is optimized with the Yoast SEO plugin v27.5 - https:\/\/yoast.com\/product\/yoast-seo-wordpress\/ -->\n<title>El objetivo para la pr\u00f3xima temporada pasa por \u00abcrecer y mejorar d\u00eda a d\u00eda\u00bb - Urola K.E.<\/title>\n<meta name=\"robots\" content=\"index, follow, max-snippet:-1, max-image-preview:large, max-video-preview:-1\" \/>\n<link rel=\"canonical\" href=\"https:\/\/urolake.eus\/es\/el-objetivo-para-la-proxima-temporada-pasa-por-crecer-y-mejorar-dia-a-dia-2\/\" \/>\n<meta property=\"og:locale\" content=\"es_ES\" \/>\n<meta property=\"og:type\" content=\"article\" \/>\n<meta property=\"og:title\" content=\"El objetivo para la pr\u00f3xima temporada pasa por \u00abcrecer y mejorar d\u00eda a d\u00eda\u00bb - Urola K.E.\" \/>\n<meta property=\"og:description\" content=\"El Urola ha comenzado a entrenar bajo las \u00f3rdenes del eibarr\u00e9s Iv\u00e1n L\u00f3pez. \u00abLas primeras impresiones son buenas. He visto un vestuario muy ilusionado, disciplinado y con ganas\u00bb, afirma DV-FOTO ARESTI\" \/>\n<meta property=\"og:url\" content=\"https:\/\/urolake.eus\/es\/el-objetivo-para-la-proxima-temporada-pasa-por-crecer-y-mejorar-dia-a-dia-2\/\" \/>\n<meta property=\"og:site_name\" content=\"Urola K.E.\" \/>\n<meta property=\"article:published_time\" content=\"2014-07-21T22:00:00+00:00\" \/>\n<meta property=\"article:modified_time\" content=\"2022-08-24T08:16:45+00:00\" \/>\n<meta property=\"og:image\" content=\"https:\/\/urolake.eus\/wp-content\/uploads\/2022\/07\/64092014070718190757431.jpg\" \/>\n\t<meta property=\"og:image:width\" content=\"575\" \/>\n\t<meta property=\"og:image:height\" content=\"389\" \/>\n\t<meta property=\"og:image:type\" content=\"image\/jpeg\" \/>\n<meta name=\"author\" content=\"kudeatzailea\" \/>\n<meta name=\"twitter:card\" content=\"summary_large_image\" \/>\n<meta name=\"twitter:label1\" content=\"Escrito por\" \/>\n\t<meta name=\"twitter:data1\" content=\"kudeatzailea\" \/>\n\t<meta name=\"twitter:label2\" content=\"Tiempo de lectura\" \/>\n\t<meta name=\"twitter:data2\" content=\"3 minutos\" \/>\n<script type=\"application\/ld+json\" class=\"yoast-schema-graph\">{\"@context\":\"https:\\\/\\\/schema.org\",\"@graph\":[{\"@type\":\"Article\",\"@id\":\"https:\\\/\\\/urolake.eus\\\/es\\\/el-objetivo-para-la-proxima-temporada-pasa-por-crecer-y-mejorar-dia-a-dia-2\\\/#article\",\"isPartOf\":{\"@id\":\"https:\\\/\\\/urolake.eus\\\/es\\\/el-objetivo-para-la-proxima-temporada-pasa-por-crecer-y-mejorar-dia-a-dia-2\\\/\"},\"author\":{\"name\":\"kudeatzailea\",\"@id\":\"https:\\\/\\\/urolake.eus\\\/es\\\/#\\\/schema\\\/person\\\/899b849d417733bd065eefb4edc60fa5\"},\"headline\":\"El objetivo para la pr\u00f3xima temporada pasa por \u00abcrecer y mejorar d\u00eda a d\u00eda\u00bb\",\"datePublished\":\"2014-07-21T22:00:00+00:00\",\"dateModified\":\"2022-08-24T08:16:45+00:00\",\"mainEntityOfPage\":{\"@id\":\"https:\\\/\\\/urolake.eus\\\/es\\\/el-objetivo-para-la-proxima-temporada-pasa-por-crecer-y-mejorar-dia-a-dia-2\\\/\"},\"wordCount\":572,\"publisher\":{\"@id\":\"https:\\\/\\\/urolake.eus\\\/es\\\/#organization\"},\"image\":{\"@id\":\"https:\\\/\\\/urolake.eus\\\/es\\\/el-objetivo-para-la-proxima-temporada-pasa-por-crecer-y-mejorar-dia-a-dia-2\\\/#primaryimage\"},\"thumbnailUrl\":\"https:\\\/\\\/urolake.eus\\\/wp-content\\\/uploads\\\/2022\\\/07\\\/64092014070718190757431.jpg\",\"keywords\":[\"Urola KE\"],\"articleSection\":[\"Noticias\"],\"inLanguage\":\"es\"},{\"@type\":\"WebPage\",\"@id\":\"https:\\\/\\\/urolake.eus\\\/es\\\/el-objetivo-para-la-proxima-temporada-pasa-por-crecer-y-mejorar-dia-a-dia-2\\\/\",\"url\":\"https:\\\/\\\/urolake.eus\\\/es\\\/el-objetivo-para-la-proxima-temporada-pasa-por-crecer-y-mejorar-dia-a-dia-2\\\/\",\"name\":\"El objetivo para la pr\u00f3xima temporada pasa por \u00abcrecer y mejorar d\u00eda a d\u00eda\u00bb - Urola K.E.\",\"isPartOf\":{\"@id\":\"https:\\\/\\\/urolake.eus\\\/es\\\/#website\"},\"primaryImageOfPage\":{\"@id\":\"https:\\\/\\\/urolake.eus\\\/es\\\/el-objetivo-para-la-proxima-temporada-pasa-por-crecer-y-mejorar-dia-a-dia-2\\\/#primaryimage\"},\"image\":{\"@id\":\"https:\\\/\\\/urolake.eus\\\/es\\\/el-objetivo-para-la-proxima-temporada-pasa-por-crecer-y-mejorar-dia-a-dia-2\\\/#primaryimage\"},\"thumbnailUrl\":\"https:\\\/\\\/urolake.eus\\\/wp-content\\\/uploads\\\/2022\\\/07\\\/64092014070718190757431.jpg\",\"datePublished\":\"2014-07-21T22:00:00+00:00\",\"dateModified\":\"2022-08-24T08:16:45+00:00\",\"breadcrumb\":{\"@id\":\"https:\\\/\\\/urolake.eus\\\/es\\\/el-objetivo-para-la-proxima-temporada-pasa-por-crecer-y-mejorar-dia-a-dia-2\\\/#breadcrumb\"},\"inLanguage\":\"es\",\"potentialAction\":[{\"@type\":\"ReadAction\",\"target\":[\"https:\\\/\\\/urolake.eus\\\/es\\\/el-objetivo-para-la-proxima-temporada-pasa-por-crecer-y-mejorar-dia-a-dia-2\\\/\"]}]},{\"@type\":\"ImageObject\",\"inLanguage\":\"es\",\"@id\":\"https:\\\/\\\/urolake.eus\\\/es\\\/el-objetivo-para-la-proxima-temporada-pasa-por-crecer-y-mejorar-dia-a-dia-2\\\/#primaryimage\",\"url\":\"https:\\\/\\\/urolake.eus\\\/wp-content\\\/uploads\\\/2022\\\/07\\\/64092014070718190757431.jpg\",\"contentUrl\":\"https:\\\/\\\/urolake.eus\\\/wp-content\\\/uploads\\\/2022\\\/07\\\/64092014070718190757431.jpg\",\"width\":575,\"height\":389},{\"@type\":\"BreadcrumbList\",\"@id\":\"https:\\\/\\\/urolake.eus\\\/es\\\/el-objetivo-para-la-proxima-temporada-pasa-por-crecer-y-mejorar-dia-a-dia-2\\\/#breadcrumb\",\"itemListElement\":[{\"@type\":\"ListItem\",\"position\":1,\"name\":\"Inicio\",\"item\":\"https:\\\/\\\/urolake.eus\\\/es\\\/\"},{\"@type\":\"ListItem\",\"position\":2,\"name\":\"Noticias\",\"item\":\"https:\\\/\\\/urolake.eus\\\/es\\\/noticias\\\/\"},{\"@type\":\"ListItem\",\"position\":3,\"name\":\"El objetivo para la pr\u00f3xima temporada pasa por \u00abcrecer y mejorar d\u00eda a d\u00eda\u00bb\"}]},{\"@type\":\"WebSite\",\"@id\":\"https:\\\/\\\/urolake.eus\\\/es\\\/#website\",\"url\":\"https:\\\/\\\/urolake.eus\\\/es\\\/\",\"name\":\"Urola K.E.\",\"description\":\"\",\"publisher\":{\"@id\":\"https:\\\/\\\/urolake.eus\\\/es\\\/#organization\"},\"potentialAction\":[{\"@type\":\"SearchAction\",\"target\":{\"@type\":\"EntryPoint\",\"urlTemplate\":\"https:\\\/\\\/urolake.eus\\\/es\\\/?s={search_term_string}\"},\"query-input\":{\"@type\":\"PropertyValueSpecification\",\"valueRequired\":true,\"valueName\":\"search_term_string\"}}],\"inLanguage\":\"es\"},{\"@type\":\"Organization\",\"@id\":\"https:\\\/\\\/urolake.eus\\\/es\\\/#organization\",\"name\":\"Urola K.E.\",\"url\":\"https:\\\/\\\/urolake.eus\\\/es\\\/\",\"logo\":{\"@type\":\"ImageObject\",\"inLanguage\":\"es\",\"@id\":\"https:\\\/\\\/urolake.eus\\\/es\\\/#\\\/schema\\\/logo\\\/image\\\/\",\"url\":\"https:\\\/\\\/urolake.eus\\\/wp-content\\\/uploads\\\/2022\\\/08\\\/cropped-UrolaKEtxt2.png\",\"contentUrl\":\"https:\\\/\\\/urolake.eus\\\/wp-content\\\/uploads\\\/2022\\\/08\\\/cropped-UrolaKEtxt2.png\",\"width\":1000,\"height\":357,\"caption\":\"Urola K.E.\"},\"image\":{\"@id\":\"https:\\\/\\\/urolake.eus\\\/es\\\/#\\\/schema\\\/logo\\\/image\\\/\"}},{\"@type\":\"Person\",\"@id\":\"https:\\\/\\\/urolake.eus\\\/es\\\/#\\\/schema\\\/person\\\/899b849d417733bd065eefb4edc60fa5\",\"name\":\"kudeatzailea\",\"sameAs\":[\"https:\\\/\\\/urolake.eus\"]}]}<\/script>\n<!-- \/ Yoast SEO plugin. -->","yoast_head_json":{"title":"El objetivo para la pr\u00f3xima temporada pasa por \u00abcrecer y mejorar d\u00eda a d\u00eda\u00bb - Urola K.E.","robots":{"index":"index","follow":"follow","max-snippet":"max-snippet:-1","max-image-preview":"max-image-preview:large","max-video-preview":"max-video-preview:-1"},"canonical":"https:\/\/urolake.eus\/es\/el-objetivo-para-la-proxima-temporada-pasa-por-crecer-y-mejorar-dia-a-dia-2\/","og_locale":"es_ES","og_type":"article","og_title":"El objetivo para la pr\u00f3xima temporada pasa por \u00abcrecer y mejorar d\u00eda a d\u00eda\u00bb - Urola K.E.","og_description":"El Urola ha comenzado a entrenar bajo las \u00f3rdenes del eibarr\u00e9s Iv\u00e1n L\u00f3pez. \u00abLas primeras impresiones son buenas. He visto un vestuario muy ilusionado, disciplinado y con ganas\u00bb, afirma DV-FOTO ARESTI","og_url":"https:\/\/urolake.eus\/es\/el-objetivo-para-la-proxima-temporada-pasa-por-crecer-y-mejorar-dia-a-dia-2\/","og_site_name":"Urola K.E.","article_published_time":"2014-07-21T22:00:00+00:00","article_modified_time":"2022-08-24T08:16:45+00:00","og_image":[{"width":575,"height":389,"url":"https:\/\/urolake.eus\/wp-content\/uploads\/2022\/07\/64092014070718190757431.jpg","type":"image\/jpeg"}],"author":"kudeatzailea","twitter_card":"summary_large_image","twitter_misc":{"Escrito por":"kudeatzailea","Tiempo de lectura":"3 minutos"},"schema":{"@context":"https:\/\/schema.org","@graph":[{"@type":"Article","@id":"https:\/\/urolake.eus\/es\/el-objetivo-para-la-proxima-temporada-pasa-por-crecer-y-mejorar-dia-a-dia-2\/#article","isPartOf":{"@id":"https:\/\/urolake.eus\/es\/el-objetivo-para-la-proxima-temporada-pasa-por-crecer-y-mejorar-dia-a-dia-2\/"},"author":{"name":"kudeatzailea","@id":"https:\/\/urolake.eus\/es\/#\/schema\/person\/899b849d417733bd065eefb4edc60fa5"},"headline":"El objetivo para la pr\u00f3xima temporada pasa por \u00abcrecer y mejorar d\u00eda a d\u00eda\u00bb","datePublished":"2014-07-21T22:00:00+00:00","dateModified":"2022-08-24T08:16:45+00:00","mainEntityOfPage":{"@id":"https:\/\/urolake.eus\/es\/el-objetivo-para-la-proxima-temporada-pasa-por-crecer-y-mejorar-dia-a-dia-2\/"},"wordCount":572,"publisher":{"@id":"https:\/\/urolake.eus\/es\/#organization"},"image":{"@id":"https:\/\/urolake.eus\/es\/el-objetivo-para-la-proxima-temporada-pasa-por-crecer-y-mejorar-dia-a-dia-2\/#primaryimage"},"thumbnailUrl":"https:\/\/urolake.eus\/wp-content\/uploads\/2022\/07\/64092014070718190757431.jpg","keywords":["Urola KE"],"articleSection":["Noticias"],"inLanguage":"es"},{"@type":"WebPage","@id":"https:\/\/urolake.eus\/es\/el-objetivo-para-la-proxima-temporada-pasa-por-crecer-y-mejorar-dia-a-dia-2\/","url":"https:\/\/urolake.eus\/es\/el-objetivo-para-la-proxima-temporada-pasa-por-crecer-y-mejorar-dia-a-dia-2\/","name":"El objetivo para la pr\u00f3xima temporada pasa por \u00abcrecer y mejorar d\u00eda a d\u00eda\u00bb - Urola K.E.","isPartOf":{"@id":"https:\/\/urolake.eus\/es\/#website"},"primaryImageOfPage":{"@id":"https:\/\/urolake.eus\/es\/el-objetivo-para-la-proxima-temporada-pasa-por-crecer-y-mejorar-dia-a-dia-2\/#primaryimage"},"image":{"@id":"https:\/\/urolake.eus\/es\/el-objetivo-para-la-proxima-temporada-pasa-por-crecer-y-mejorar-dia-a-dia-2\/#primaryimage"},"thumbnailUrl":"https:\/\/urolake.eus\/wp-content\/uploads\/2022\/07\/64092014070718190757431.jpg","datePublished":"2014-07-21T22:00:00+00:00","dateModified":"2022-08-24T08:16:45+00:00","breadcrumb":{"@id":"https:\/\/urolake.eus\/es\/el-objetivo-para-la-proxima-temporada-pasa-por-crecer-y-mejorar-dia-a-dia-2\/#breadcrumb"},"inLanguage":"es","potentialAction":[{"@type":"ReadAction","target":["https:\/\/urolake.eus\/es\/el-objetivo-para-la-proxima-temporada-pasa-por-crecer-y-mejorar-dia-a-dia-2\/"]}]},{"@type":"ImageObject","inLanguage":"es","@id":"https:\/\/urolake.eus\/es\/el-objetivo-para-la-proxima-temporada-pasa-por-crecer-y-mejorar-dia-a-dia-2\/#primaryimage","url":"https:\/\/urolake.eus\/wp-content\/uploads\/2022\/07\/64092014070718190757431.jpg","contentUrl":"https:\/\/urolake.eus\/wp-content\/uploads\/2022\/07\/64092014070718190757431.jpg","width":575,"height":389},{"@type":"BreadcrumbList","@id":"https:\/\/urolake.eus\/es\/el-objetivo-para-la-proxima-temporada-pasa-por-crecer-y-mejorar-dia-a-dia-2\/#breadcrumb","itemListElement":[{"@type":"ListItem","position":1,"name":"Inicio","item":"https:\/\/urolake.eus\/es\/"},{"@type":"ListItem","position":2,"name":"Noticias","item":"https:\/\/urolake.eus\/es\/noticias\/"},{"@type":"ListItem","position":3,"name":"El objetivo para la pr\u00f3xima temporada pasa por \u00abcrecer y mejorar d\u00eda a d\u00eda\u00bb"}]},{"@type":"WebSite","@id":"https:\/\/urolake.eus\/es\/#website","url":"https:\/\/urolake.eus\/es\/","name":"Urola K.E.","description":"","publisher":{"@id":"https:\/\/urolake.eus\/es\/#organization"},"potentialAction":[{"@type":"SearchAction","target":{"@type":"EntryPoint","urlTemplate":"https:\/\/urolake.eus\/es\/?s={search_term_string}"},"query-input":{"@type":"PropertyValueSpecification","valueRequired":true,"valueName":"search_term_string"}}],"inLanguage":"es"},{"@type":"Organization","@id":"https:\/\/urolake.eus\/es\/#organization","name":"Urola K.E.","url":"https:\/\/urolake.eus\/es\/","logo":{"@type":"ImageObject","inLanguage":"es","@id":"https:\/\/urolake.eus\/es\/#\/schema\/logo\/image\/","url":"https:\/\/urolake.eus\/wp-content\/uploads\/2022\/08\/cropped-UrolaKEtxt2.png","contentUrl":"https:\/\/urolake.eus\/wp-content\/uploads\/2022\/08\/cropped-UrolaKEtxt2.png","width":1000,"height":357,"caption":"Urola K.E."},"image":{"@id":"https:\/\/urolake.eus\/es\/#\/schema\/logo\/image\/"}},{"@type":"Person","@id":"https:\/\/urolake.eus\/es\/#\/schema\/person\/899b849d417733bd065eefb4edc60fa5","name":"kudeatzailea","sameAs":["https:\/\/urolake.eus"]}]}},"_links":{"self":[{"href":"https:\/\/urolake.eus\/es\/wp-json\/wp\/v2\/posts\/1548","targetHints":{"allow":["GET"]}}],"collection":[{"href":"https:\/\/urolake.eus\/es\/wp-json\/wp\/v2\/posts"}],"about":[{"href":"https:\/\/urolake.eus\/es\/wp-json\/wp\/v2\/types\/post"}],"author":[{"embeddable":true,"href":"https:\/\/urolake.eus\/es\/wp-json\/wp\/v2\/users\/1"}],"replies":[{"embeddable":true,"href":"https:\/\/urolake.eus\/es\/wp-json\/wp\/v2\/comments?post=1548"}],"version-history":[{"count":1,"href":"https:\/\/urolake.eus\/es\/wp-json\/wp\/v2\/posts\/1548\/revisions"}],"predecessor-version":[{"id":2603,"href":"https:\/\/urolake.eus\/es\/wp-json\/wp\/v2\/posts\/1548\/revisions\/2603"}],"wp:featuredmedia":[{"embeddable":true,"href":"https:\/\/urolake.eus\/es\/wp-json\/wp\/v2\/media\/1547"}],"wp:attachment":[{"href":"https:\/\/urolake.eus\/es\/wp-json\/wp\/v2\/media?parent=1548"}],"wp:term":[{"taxonomy":"category","embeddable":true,"href":"https:\/\/urolake.eus\/es\/wp-json\/wp\/v2\/categories?post=1548"},{"taxonomy":"post_tag","embeddable":true,"href":"https:\/\/urolake.eus\/es\/wp-json\/wp\/v2\/tags?post=1548"}],"curies":[{"name":"wp","href":"https:\/\/api.w.org\/{rel}","templated":true}]}}