{"id":1553,"date":"2014-09-05T00:00:00","date_gmt":"2014-09-04T22:00:00","guid":{"rendered":"https:\/\/urolake.eus\/el-urola-de-futbol-lanzara-su-propia-coleccion-de-cromos-foto-aresti-2\/"},"modified":"2022-08-24T10:16:44","modified_gmt":"2022-08-24T08:16:44","slug":"el-urola-de-futbol-lanzara-su-propia-coleccion-de-cromos-foto-aresti-2","status":"publish","type":"post","link":"https:\/\/urolake.eus\/es\/el-urola-de-futbol-lanzara-su-propia-coleccion-de-cromos-foto-aresti-2\/","title":{"rendered":"El Urola de f\u00fatbol lanzar\u00e1 su propia colecci\u00f3n de cromos foto ARESTI"},"content":{"rendered":"<p>El Urola de f\u00fatbol lanzar\u00e1 su propia colecci\u00f3n de cromos. Fotograf\u00edas de jugadores, delegados y entrenadores compartir\u00e1n el \u00e1lbum con otras im\u00e1genes de equipos y del estadio Argixao. Asimismo, no faltar\u00e1 la historia del club amarillo que ya est\u00e1 siendo recopilada por miembros de la directiva. \u00abA ver si nos queda bonito, hay que intentarlo\u00bb, afirman.<\/p>\n<p>Siguiendo el ejemplo de otros clubes guipuzcoanos, los amarillos han decidido lanzar una colecci\u00f3n de cromos con los futbolistas como protagonistas. Los motivos son varios. De un lado buscan \u00abmotivar a los chavales, que se sientan involucrados con el club. Adem\u00e1s es un bonito recuerdo para cuando se hagan mayores\u00bb. De otro lado, quieren hacerse ver. \u00abEs una pena ir a Argixao los s\u00e1bados y los domingos y comprobar que hay muy poco p\u00fablico disfrutando de los partidos. Acuden los padres y poco m\u00e1s. Estar\u00eda bien que zumarragarras y urretxuarras se implicasen un poco m\u00e1s con el Urola. A ver si le damos un impulso y la gente acude al campo a animar\u00bb, dicen desde la directiva.<br \/>\nEn paquetes de un euro<br \/>\nLa colecci\u00f3n de cromos tambi\u00e9n tiene un motivo econ\u00f3mico. \u00abSi todo va bien tendremos beneficios\u00bb. Cabe se\u00f1alar que los \u00e1lbumes se repartir\u00e1n de forma gratuita. El club organizar\u00e1 una presentaci\u00f3n del proyecto y los interesados podr\u00e1n retirar ese d\u00eda su \u00e1lbum. Posteriormente, lo podr\u00e1n hacer a trav\u00e9s del Urola. Por su parte, los cromos se vender\u00e1n en distintos establecimientos de Zumarraga y Urretxu. Est\u00e1 previsto que los cromos se presenten en paquetes de \u00ab6 \u00f3 7 unidades\u00bb al precio de \u00abun euro\u00bb.<\/p>\n<p>El Urola ha encargado la colecci\u00f3n de cromos a una empresa que se dedica a ello. \u00abEs una empresa gallega. A finales de septiembre vendr\u00e1n para sacar las fotograf\u00edas a los jugadores. Actualmente, estamos solicitando el permiso a los padres. Todav\u00eda no sabemos cu\u00e1ntos cromos tendr\u00e1 la colecci\u00f3n porque dependemos de esos permisos. Contando la escuela de f\u00fatbol hay unos 450 chavales y desde el club estamos tratando que, de una forma u otra, aparezcan todos. Una vez est\u00e9n sacadas las fotograf\u00edas, que es lo que m\u00e1s cuesta, quedar\u00eda la impresi\u00f3n. Est\u00e1 previsto que para finales de octubre est\u00e9 todo listo\u00bb, explican.<\/p>\n<p>El lanzamiento de la colecci\u00f3n de cromos no supone inversi\u00f3n alguna para el Urola. \u00abLa empresa se quedar\u00e1 con un peque\u00f1o porcentaje de los beneficios que genere la venta de cromos. Los puntos de venta tendr\u00e1n una colaboraci\u00f3n desinteresada, ya que no ganar\u00e1n nada con esos cromos, al contrario, har\u00e1n una aportaci\u00f3n econ\u00f3mica para venderlos en sus establecimientos\u00bb.<\/p>\n<p>El Urola busca una colecci\u00f3n \u00abque se pueda terminar. Son colecciones para tenerlas completas\u00bb. Los amarillos han seguido la iniciativa de otros clubes. \u00abEn un torneo celebrado en Irun estuvimos hablando con otros clubes que ya hab\u00edan lanzado su colecci\u00f3n y estaban contentos. Los chavales est\u00e1n muy ilusionados y con ganas de verlo ya\u00bb.<\/p>\n<p>Para todos los p\u00fablicos<\/p>\n<p>Los amarillos ven en la colecci\u00f3n de cromos un producto dirigido a \u00abtodos los p\u00fablicos: los chavales, abuelos, las amigas&#8230; todo el pueblo. Es una novedad y no sabemos c\u00f3mo va a salir, pero teniendo en cuanta la experiencia de otros clubes esperamos que vaya bien\u00bb.<\/p>\n<p>El Urola anunciar\u00e1 la presentaci\u00f3n del \u00e1lbum de cromos con antelaci\u00f3n. Est\u00e1 confirmado que el acto contar\u00e1 con la presencia de Dani Garc\u00eda, jugador del Eibar y miembro de la S.D. Urola.DV<\/p>\n","protected":false},"excerpt":{"rendered":"<p>El \u00e1lbum se repartir\u00e1 de forma gratuita y los paquetes de cromos estar\u00e1n a la venta. Acoger\u00e1 fotograf\u00edas de jugadores, delegados, entrenadores, equipos o el estadio Argixao y prev\u00e9n que pueda estar listo para octubre<br \/>\nDV foto ARESTI<\/p>\n","protected":false},"author":1,"featured_media":1552,"comment_status":"closed","ping_status":"closed","sticky":false,"template":"","format":"standard","meta":{"_acf_changed":false,"footnotes":""},"categories":[6],"tags":[38],"class_list":["post-1553","post","type-post","status-publish","format-standard","has-post-thumbnail","hentry","category-noticias","tag-urola-ke-es-2"],"acf":[],"yoast_head":"<!-- This site is optimized with the Yoast SEO plugin v27.5 - https:\/\/yoast.com\/product\/yoast-seo-wordpress\/ -->\n<title>El Urola de f\u00fatbol lanzar\u00e1 su propia colecci\u00f3n de cromos foto ARESTI - Urola K.E.<\/title>\n<meta name=\"robots\" content=\"index, follow, max-snippet:-1, max-image-preview:large, max-video-preview:-1\" \/>\n<link rel=\"canonical\" href=\"https:\/\/urolake.eus\/es\/el-urola-de-futbol-lanzara-su-propia-coleccion-de-cromos-foto-aresti-2\/\" \/>\n<meta property=\"og:locale\" content=\"es_ES\" \/>\n<meta property=\"og:type\" content=\"article\" \/>\n<meta property=\"og:title\" content=\"El Urola de f\u00fatbol lanzar\u00e1 su propia colecci\u00f3n de cromos foto ARESTI - Urola K.E.\" \/>\n<meta property=\"og:description\" content=\"El \u00e1lbum se repartir\u00e1 de forma gratuita y los paquetes de cromos estar\u00e1n a la venta. Acoger\u00e1 fotograf\u00edas de jugadores, delegados, entrenadores, equipos o el estadio Argixao y prev\u00e9n que pueda estar listo para octubre DV foto ARESTI\" \/>\n<meta property=\"og:url\" content=\"https:\/\/urolake.eus\/es\/el-urola-de-futbol-lanzara-su-propia-coleccion-de-cromos-foto-aresti-2\/\" \/>\n<meta property=\"og:site_name\" content=\"Urola K.E.\" \/>\n<meta property=\"article:published_time\" content=\"2014-09-04T22:00:00+00:00\" \/>\n<meta property=\"article:modified_time\" content=\"2022-08-24T08:16:44+00:00\" \/>\n<meta property=\"og:image\" content=\"https:\/\/urolake.eus\/wp-content\/uploads\/2022\/07\/18182014090943103469954.jpg\" \/>\n\t<meta property=\"og:image:width\" content=\"575\" \/>\n\t<meta property=\"og:image:height\" content=\"249\" \/>\n\t<meta property=\"og:image:type\" content=\"image\/jpeg\" \/>\n<meta name=\"author\" content=\"kudeatzailea\" \/>\n<meta name=\"twitter:card\" content=\"summary_large_image\" \/>\n<meta name=\"twitter:label1\" content=\"Escrito por\" \/>\n\t<meta name=\"twitter:data1\" content=\"kudeatzailea\" \/>\n\t<meta name=\"twitter:label2\" content=\"Tiempo de lectura\" \/>\n\t<meta name=\"twitter:data2\" content=\"3 minutos\" \/>\n<script type=\"application\/ld+json\" class=\"yoast-schema-graph\">{\"@context\":\"https:\\\/\\\/schema.org\",\"@graph\":[{\"@type\":\"Article\",\"@id\":\"https:\\\/\\\/urolake.eus\\\/es\\\/el-urola-de-futbol-lanzara-su-propia-coleccion-de-cromos-foto-aresti-2\\\/#article\",\"isPartOf\":{\"@id\":\"https:\\\/\\\/urolake.eus\\\/es\\\/el-urola-de-futbol-lanzara-su-propia-coleccion-de-cromos-foto-aresti-2\\\/\"},\"author\":{\"name\":\"kudeatzailea\",\"@id\":\"https:\\\/\\\/urolake.eus\\\/es\\\/#\\\/schema\\\/person\\\/899b849d417733bd065eefb4edc60fa5\"},\"headline\":\"El Urola de f\u00fatbol lanzar\u00e1 su propia colecci\u00f3n de cromos foto ARESTI\",\"datePublished\":\"2014-09-04T22:00:00+00:00\",\"dateModified\":\"2022-08-24T08:16:44+00:00\",\"mainEntityOfPage\":{\"@id\":\"https:\\\/\\\/urolake.eus\\\/es\\\/el-urola-de-futbol-lanzara-su-propia-coleccion-de-cromos-foto-aresti-2\\\/\"},\"wordCount\":623,\"publisher\":{\"@id\":\"https:\\\/\\\/urolake.eus\\\/es\\\/#organization\"},\"image\":{\"@id\":\"https:\\\/\\\/urolake.eus\\\/es\\\/el-urola-de-futbol-lanzara-su-propia-coleccion-de-cromos-foto-aresti-2\\\/#primaryimage\"},\"thumbnailUrl\":\"https:\\\/\\\/urolake.eus\\\/wp-content\\\/uploads\\\/2022\\\/07\\\/18182014090943103469954.jpg\",\"keywords\":[\"Urola KE\"],\"articleSection\":[\"Noticias\"],\"inLanguage\":\"es\"},{\"@type\":\"WebPage\",\"@id\":\"https:\\\/\\\/urolake.eus\\\/es\\\/el-urola-de-futbol-lanzara-su-propia-coleccion-de-cromos-foto-aresti-2\\\/\",\"url\":\"https:\\\/\\\/urolake.eus\\\/es\\\/el-urola-de-futbol-lanzara-su-propia-coleccion-de-cromos-foto-aresti-2\\\/\",\"name\":\"El Urola de f\u00fatbol lanzar\u00e1 su propia colecci\u00f3n de cromos foto ARESTI - Urola K.E.\",\"isPartOf\":{\"@id\":\"https:\\\/\\\/urolake.eus\\\/es\\\/#website\"},\"primaryImageOfPage\":{\"@id\":\"https:\\\/\\\/urolake.eus\\\/es\\\/el-urola-de-futbol-lanzara-su-propia-coleccion-de-cromos-foto-aresti-2\\\/#primaryimage\"},\"image\":{\"@id\":\"https:\\\/\\\/urolake.eus\\\/es\\\/el-urola-de-futbol-lanzara-su-propia-coleccion-de-cromos-foto-aresti-2\\\/#primaryimage\"},\"thumbnailUrl\":\"https:\\\/\\\/urolake.eus\\\/wp-content\\\/uploads\\\/2022\\\/07\\\/18182014090943103469954.jpg\",\"datePublished\":\"2014-09-04T22:00:00+00:00\",\"dateModified\":\"2022-08-24T08:16:44+00:00\",\"breadcrumb\":{\"@id\":\"https:\\\/\\\/urolake.eus\\\/es\\\/el-urola-de-futbol-lanzara-su-propia-coleccion-de-cromos-foto-aresti-2\\\/#breadcrumb\"},\"inLanguage\":\"es\",\"potentialAction\":[{\"@type\":\"ReadAction\",\"target\":[\"https:\\\/\\\/urolake.eus\\\/es\\\/el-urola-de-futbol-lanzara-su-propia-coleccion-de-cromos-foto-aresti-2\\\/\"]}]},{\"@type\":\"ImageObject\",\"inLanguage\":\"es\",\"@id\":\"https:\\\/\\\/urolake.eus\\\/es\\\/el-urola-de-futbol-lanzara-su-propia-coleccion-de-cromos-foto-aresti-2\\\/#primaryimage\",\"url\":\"https:\\\/\\\/urolake.eus\\\/wp-content\\\/uploads\\\/2022\\\/07\\\/18182014090943103469954.jpg\",\"contentUrl\":\"https:\\\/\\\/urolake.eus\\\/wp-content\\\/uploads\\\/2022\\\/07\\\/18182014090943103469954.jpg\",\"width\":575,\"height\":249},{\"@type\":\"BreadcrumbList\",\"@id\":\"https:\\\/\\\/urolake.eus\\\/es\\\/el-urola-de-futbol-lanzara-su-propia-coleccion-de-cromos-foto-aresti-2\\\/#breadcrumb\",\"itemListElement\":[{\"@type\":\"ListItem\",\"position\":1,\"name\":\"Inicio\",\"item\":\"https:\\\/\\\/urolake.eus\\\/es\\\/\"},{\"@type\":\"ListItem\",\"position\":2,\"name\":\"Noticias\",\"item\":\"https:\\\/\\\/urolake.eus\\\/es\\\/noticias\\\/\"},{\"@type\":\"ListItem\",\"position\":3,\"name\":\"El Urola de f\u00fatbol lanzar\u00e1 su propia colecci\u00f3n de cromos foto ARESTI\"}]},{\"@type\":\"WebSite\",\"@id\":\"https:\\\/\\\/urolake.eus\\\/es\\\/#website\",\"url\":\"https:\\\/\\\/urolake.eus\\\/es\\\/\",\"name\":\"Urola K.E.\",\"description\":\"\",\"publisher\":{\"@id\":\"https:\\\/\\\/urolake.eus\\\/es\\\/#organization\"},\"potentialAction\":[{\"@type\":\"SearchAction\",\"target\":{\"@type\":\"EntryPoint\",\"urlTemplate\":\"https:\\\/\\\/urolake.eus\\\/es\\\/?s={search_term_string}\"},\"query-input\":{\"@type\":\"PropertyValueSpecification\",\"valueRequired\":true,\"valueName\":\"search_term_string\"}}],\"inLanguage\":\"es\"},{\"@type\":\"Organization\",\"@id\":\"https:\\\/\\\/urolake.eus\\\/es\\\/#organization\",\"name\":\"Urola K.E.\",\"url\":\"https:\\\/\\\/urolake.eus\\\/es\\\/\",\"logo\":{\"@type\":\"ImageObject\",\"inLanguage\":\"es\",\"@id\":\"https:\\\/\\\/urolake.eus\\\/es\\\/#\\\/schema\\\/logo\\\/image\\\/\",\"url\":\"https:\\\/\\\/urolake.eus\\\/wp-content\\\/uploads\\\/2022\\\/08\\\/cropped-UrolaKEtxt2.png\",\"contentUrl\":\"https:\\\/\\\/urolake.eus\\\/wp-content\\\/uploads\\\/2022\\\/08\\\/cropped-UrolaKEtxt2.png\",\"width\":1000,\"height\":357,\"caption\":\"Urola K.E.\"},\"image\":{\"@id\":\"https:\\\/\\\/urolake.eus\\\/es\\\/#\\\/schema\\\/logo\\\/image\\\/\"}},{\"@type\":\"Person\",\"@id\":\"https:\\\/\\\/urolake.eus\\\/es\\\/#\\\/schema\\\/person\\\/899b849d417733bd065eefb4edc60fa5\",\"name\":\"kudeatzailea\",\"sameAs\":[\"https:\\\/\\\/urolake.eus\"]}]}<\/script>\n<!-- \/ Yoast SEO plugin. -->","yoast_head_json":{"title":"El Urola de f\u00fatbol lanzar\u00e1 su propia colecci\u00f3n de cromos foto ARESTI - Urola K.E.","robots":{"index":"index","follow":"follow","max-snippet":"max-snippet:-1","max-image-preview":"max-image-preview:large","max-video-preview":"max-video-preview:-1"},"canonical":"https:\/\/urolake.eus\/es\/el-urola-de-futbol-lanzara-su-propia-coleccion-de-cromos-foto-aresti-2\/","og_locale":"es_ES","og_type":"article","og_title":"El Urola de f\u00fatbol lanzar\u00e1 su propia colecci\u00f3n de cromos foto ARESTI - Urola K.E.","og_description":"El \u00e1lbum se repartir\u00e1 de forma gratuita y los paquetes de cromos estar\u00e1n a la venta. Acoger\u00e1 fotograf\u00edas de jugadores, delegados, entrenadores, equipos o el estadio Argixao y prev\u00e9n que pueda estar listo para octubre DV foto ARESTI","og_url":"https:\/\/urolake.eus\/es\/el-urola-de-futbol-lanzara-su-propia-coleccion-de-cromos-foto-aresti-2\/","og_site_name":"Urola K.E.","article_published_time":"2014-09-04T22:00:00+00:00","article_modified_time":"2022-08-24T08:16:44+00:00","og_image":[{"width":575,"height":249,"url":"https:\/\/urolake.eus\/wp-content\/uploads\/2022\/07\/18182014090943103469954.jpg","type":"image\/jpeg"}],"author":"kudeatzailea","twitter_card":"summary_large_image","twitter_misc":{"Escrito por":"kudeatzailea","Tiempo de lectura":"3 minutos"},"schema":{"@context":"https:\/\/schema.org","@graph":[{"@type":"Article","@id":"https:\/\/urolake.eus\/es\/el-urola-de-futbol-lanzara-su-propia-coleccion-de-cromos-foto-aresti-2\/#article","isPartOf":{"@id":"https:\/\/urolake.eus\/es\/el-urola-de-futbol-lanzara-su-propia-coleccion-de-cromos-foto-aresti-2\/"},"author":{"name":"kudeatzailea","@id":"https:\/\/urolake.eus\/es\/#\/schema\/person\/899b849d417733bd065eefb4edc60fa5"},"headline":"El Urola de f\u00fatbol lanzar\u00e1 su propia colecci\u00f3n de cromos foto ARESTI","datePublished":"2014-09-04T22:00:00+00:00","dateModified":"2022-08-24T08:16:44+00:00","mainEntityOfPage":{"@id":"https:\/\/urolake.eus\/es\/el-urola-de-futbol-lanzara-su-propia-coleccion-de-cromos-foto-aresti-2\/"},"wordCount":623,"publisher":{"@id":"https:\/\/urolake.eus\/es\/#organization"},"image":{"@id":"https:\/\/urolake.eus\/es\/el-urola-de-futbol-lanzara-su-propia-coleccion-de-cromos-foto-aresti-2\/#primaryimage"},"thumbnailUrl":"https:\/\/urolake.eus\/wp-content\/uploads\/2022\/07\/18182014090943103469954.jpg","keywords":["Urola KE"],"articleSection":["Noticias"],"inLanguage":"es"},{"@type":"WebPage","@id":"https:\/\/urolake.eus\/es\/el-urola-de-futbol-lanzara-su-propia-coleccion-de-cromos-foto-aresti-2\/","url":"https:\/\/urolake.eus\/es\/el-urola-de-futbol-lanzara-su-propia-coleccion-de-cromos-foto-aresti-2\/","name":"El Urola de f\u00fatbol lanzar\u00e1 su propia colecci\u00f3n de cromos foto ARESTI - Urola K.E.","isPartOf":{"@id":"https:\/\/urolake.eus\/es\/#website"},"primaryImageOfPage":{"@id":"https:\/\/urolake.eus\/es\/el-urola-de-futbol-lanzara-su-propia-coleccion-de-cromos-foto-aresti-2\/#primaryimage"},"image":{"@id":"https:\/\/urolake.eus\/es\/el-urola-de-futbol-lanzara-su-propia-coleccion-de-cromos-foto-aresti-2\/#primaryimage"},"thumbnailUrl":"https:\/\/urolake.eus\/wp-content\/uploads\/2022\/07\/18182014090943103469954.jpg","datePublished":"2014-09-04T22:00:00+00:00","dateModified":"2022-08-24T08:16:44+00:00","breadcrumb":{"@id":"https:\/\/urolake.eus\/es\/el-urola-de-futbol-lanzara-su-propia-coleccion-de-cromos-foto-aresti-2\/#breadcrumb"},"inLanguage":"es","potentialAction":[{"@type":"ReadAction","target":["https:\/\/urolake.eus\/es\/el-urola-de-futbol-lanzara-su-propia-coleccion-de-cromos-foto-aresti-2\/"]}]},{"@type":"ImageObject","inLanguage":"es","@id":"https:\/\/urolake.eus\/es\/el-urola-de-futbol-lanzara-su-propia-coleccion-de-cromos-foto-aresti-2\/#primaryimage","url":"https:\/\/urolake.eus\/wp-content\/uploads\/2022\/07\/18182014090943103469954.jpg","contentUrl":"https:\/\/urolake.eus\/wp-content\/uploads\/2022\/07\/18182014090943103469954.jpg","width":575,"height":249},{"@type":"BreadcrumbList","@id":"https:\/\/urolake.eus\/es\/el-urola-de-futbol-lanzara-su-propia-coleccion-de-cromos-foto-aresti-2\/#breadcrumb","itemListElement":[{"@type":"ListItem","position":1,"name":"Inicio","item":"https:\/\/urolake.eus\/es\/"},{"@type":"ListItem","position":2,"name":"Noticias","item":"https:\/\/urolake.eus\/es\/noticias\/"},{"@type":"ListItem","position":3,"name":"El Urola de f\u00fatbol lanzar\u00e1 su propia colecci\u00f3n de cromos foto ARESTI"}]},{"@type":"WebSite","@id":"https:\/\/urolake.eus\/es\/#website","url":"https:\/\/urolake.eus\/es\/","name":"Urola K.E.","description":"","publisher":{"@id":"https:\/\/urolake.eus\/es\/#organization"},"potentialAction":[{"@type":"SearchAction","target":{"@type":"EntryPoint","urlTemplate":"https:\/\/urolake.eus\/es\/?s={search_term_string}"},"query-input":{"@type":"PropertyValueSpecification","valueRequired":true,"valueName":"search_term_string"}}],"inLanguage":"es"},{"@type":"Organization","@id":"https:\/\/urolake.eus\/es\/#organization","name":"Urola K.E.","url":"https:\/\/urolake.eus\/es\/","logo":{"@type":"ImageObject","inLanguage":"es","@id":"https:\/\/urolake.eus\/es\/#\/schema\/logo\/image\/","url":"https:\/\/urolake.eus\/wp-content\/uploads\/2022\/08\/cropped-UrolaKEtxt2.png","contentUrl":"https:\/\/urolake.eus\/wp-content\/uploads\/2022\/08\/cropped-UrolaKEtxt2.png","width":1000,"height":357,"caption":"Urola K.E."},"image":{"@id":"https:\/\/urolake.eus\/es\/#\/schema\/logo\/image\/"}},{"@type":"Person","@id":"https:\/\/urolake.eus\/es\/#\/schema\/person\/899b849d417733bd065eefb4edc60fa5","name":"kudeatzailea","sameAs":["https:\/\/urolake.eus"]}]}},"_links":{"self":[{"href":"https:\/\/urolake.eus\/es\/wp-json\/wp\/v2\/posts\/1553","targetHints":{"allow":["GET"]}}],"collection":[{"href":"https:\/\/urolake.eus\/es\/wp-json\/wp\/v2\/posts"}],"about":[{"href":"https:\/\/urolake.eus\/es\/wp-json\/wp\/v2\/types\/post"}],"author":[{"embeddable":true,"href":"https:\/\/urolake.eus\/es\/wp-json\/wp\/v2\/users\/1"}],"replies":[{"embeddable":true,"href":"https:\/\/urolake.eus\/es\/wp-json\/wp\/v2\/comments?post=1553"}],"version-history":[{"count":1,"href":"https:\/\/urolake.eus\/es\/wp-json\/wp\/v2\/posts\/1553\/revisions"}],"predecessor-version":[{"id":2600,"href":"https:\/\/urolake.eus\/es\/wp-json\/wp\/v2\/posts\/1553\/revisions\/2600"}],"wp:featuredmedia":[{"embeddable":true,"href":"https:\/\/urolake.eus\/es\/wp-json\/wp\/v2\/media\/1552"}],"wp:attachment":[{"href":"https:\/\/urolake.eus\/es\/wp-json\/wp\/v2\/media?parent=1553"}],"wp:term":[{"taxonomy":"category","embeddable":true,"href":"https:\/\/urolake.eus\/es\/wp-json\/wp\/v2\/categories?post=1553"},{"taxonomy":"post_tag","embeddable":true,"href":"https:\/\/urolake.eus\/es\/wp-json\/wp\/v2\/tags?post=1553"}],"curies":[{"name":"wp","href":"https:\/\/api.w.org\/{rel}","templated":true}]}}