{"id":1580,"date":"2014-11-06T00:00:00","date_gmt":"2014-11-05T22:00:00","guid":{"rendered":"https:\/\/urolake.eus\/los-mas-jovenes-del-urola\/"},"modified":"2022-08-24T10:16:40","modified_gmt":"2022-08-24T08:16:40","slug":"los-mas-jovenes-del-urola","status":"publish","type":"post","link":"https:\/\/urolake.eus\/es\/los-mas-jovenes-del-urola\/","title":{"rendered":"Los m\u00e1s j\u00f3venes del Urola"},"content":{"rendered":"<p>A una edad tan temprana lo que se busca es un primer contacto con el f\u00fatbol, una peque\u00f1a introducci\u00f3n\u00bb, afirma Jon Caballero. El coordinador deportivo del Urola se refiere a la escuela de f\u00fatbol del club, que esta temporada acoge a 126 chavales. Son ni\u00f1os de 7, 8, 9 y 10 a\u00f1os que se reparten en tres categor\u00edas. Una de ellas es la integrada por los nacidos en 2004, 39 chavales que est\u00e1n a las \u00f3rdenes de Unai Jorge, Jon Urzelai, Dimas Orozko y Ioritz Zufiria. Otro de los grupos est\u00e1 integrado por otros 53 ni\u00f1os, nacidos en 2005, que son entrenados por Oskarbi Zabaleta, Aitzol Jarit, Iker Mujika y Aitor Veleda. Por \u00faltimo, los m\u00e1s j\u00f3venes del club son 34 chavales, nacidos en 2006, que acaban de incorporarse al Urola y que entrenan a las \u00f3rdenes de Jose Angel Telleria, Martin Agirre, Jon Quina y Jos\u00e9 Luis Alvarez.<\/p>\n<p>Un entrenamiento semanal<br \/>\nTodos ellos realizan una sesi\u00f3n de entrenamiento a la semana, los viernes el grupo de los mayores y los mi\u00e9rcoles, el resto. \u00abB\u00e1sicamente se trabaja el aspecto t\u00e9cnico del f\u00fatbol: controlar el bal\u00f3n, dar un pase al compa\u00f1ero&#8230; Un poco m\u00e1s adelante, cuando tienen que afrontar un partido, ya empezamos con el posicionamiento en el terreno de juego, el modo de desplazarse&#8230; peque\u00f1as normas b\u00e1sicas\u00bb. En la escuela tampoco dejan de lado otros aspectos m\u00e1s all\u00e1 de los t\u00e9cnico-t\u00e1cticos. \u00abTambi\u00e9n les queremos inculcar el esp\u00edritu del club y valores como el compa\u00f1erismo, el trabajo en equipo o la ilusi\u00f3n por el f\u00fatbol\u00bb.<\/p>\n<p>Competici\u00f3n<\/p>\n<p>Uno de los temas por el que se interesan mucho los padres es \u00abla competici\u00f3n. Hay que dejar claro que eso no es cosa nuestra. Para jugar en la escuela hay que estar apuntado en el deporte escolar y a partir de ah\u00ed es la Diputaci\u00f3n la que marca los partidos. Solemos jugar contra clubes de pueblos del entorno. Hay pueblos peque\u00f1os en los que s\u00f3lo tienen un equipo en la escuela de f\u00fatbol entonces nosotros s\u00f3lo podemos llevar un equipo. La escuela de f\u00fatbol no funciona como el resto de categor\u00edas en ese sentido. Lo normal es que los chavales jueguen uno o dos partidos al mes, tres como mucho\u00bb, explica Valent\u00edn Tena, miembro de la directiva del Urola. Cabe se\u00f1alar que esta fin de semana los chavales de la escuela de futbol se desplazaran a Ordicia DV<\/p>\n","protected":false},"excerpt":{"rendered":"<p>La escuela de f\u00fatbol del club amarillo acoge a 126 chavales esta temporada<br \/>\nDV<\/p>\n","protected":false},"author":1,"featured_media":1579,"comment_status":"closed","ping_status":"closed","sticky":false,"template":"","format":"standard","meta":{"_acf_changed":false,"footnotes":""},"categories":[6],"tags":[38],"class_list":["post-1580","post","type-post","status-publish","format-standard","has-post-thumbnail","hentry","category-noticias","tag-urola-ke-es-2"],"acf":[],"yoast_head":"<!-- This site is optimized with the Yoast SEO plugin v27.5 - https:\/\/yoast.com\/product\/yoast-seo-wordpress\/ -->\n<title>Los m\u00e1s j\u00f3venes del Urola - Urola K.E.<\/title>\n<meta name=\"robots\" content=\"index, follow, max-snippet:-1, max-image-preview:large, max-video-preview:-1\" \/>\n<link rel=\"canonical\" href=\"https:\/\/urolake.eus\/es\/los-mas-jovenes-del-urola\/\" \/>\n<meta property=\"og:locale\" content=\"es_ES\" \/>\n<meta property=\"og:type\" content=\"article\" \/>\n<meta property=\"og:title\" content=\"Los m\u00e1s j\u00f3venes del Urola - Urola K.E.\" \/>\n<meta property=\"og:description\" content=\"La escuela de f\u00fatbol del club amarillo acoge a 126 chavales esta temporada DV\" \/>\n<meta property=\"og:url\" content=\"https:\/\/urolake.eus\/es\/los-mas-jovenes-del-urola\/\" \/>\n<meta property=\"og:site_name\" content=\"Urola K.E.\" \/>\n<meta property=\"article:published_time\" content=\"2014-11-05T22:00:00+00:00\" \/>\n<meta property=\"article:modified_time\" content=\"2022-08-24T08:16:40+00:00\" \/>\n<meta property=\"og:image\" content=\"https:\/\/urolake.eus\/wp-content\/uploads\/2022\/07\/82652014111139205715143.jpg\" \/>\n\t<meta property=\"og:image:width\" content=\"1800\" \/>\n\t<meta property=\"og:image:height\" content=\"1200\" \/>\n\t<meta property=\"og:image:type\" content=\"image\/jpeg\" \/>\n<meta name=\"author\" content=\"kudeatzailea\" \/>\n<meta name=\"twitter:card\" content=\"summary_large_image\" \/>\n<meta name=\"twitter:label1\" content=\"Escrito por\" \/>\n\t<meta name=\"twitter:data1\" content=\"kudeatzailea\" \/>\n\t<meta name=\"twitter:label2\" content=\"Tiempo de lectura\" \/>\n\t<meta name=\"twitter:data2\" content=\"2 minutos\" \/>\n<script type=\"application\/ld+json\" class=\"yoast-schema-graph\">{\"@context\":\"https:\\\/\\\/schema.org\",\"@graph\":[{\"@type\":\"Article\",\"@id\":\"https:\\\/\\\/urolake.eus\\\/es\\\/los-mas-jovenes-del-urola\\\/#article\",\"isPartOf\":{\"@id\":\"https:\\\/\\\/urolake.eus\\\/es\\\/los-mas-jovenes-del-urola\\\/\"},\"author\":{\"name\":\"kudeatzailea\",\"@id\":\"https:\\\/\\\/urolake.eus\\\/es\\\/#\\\/schema\\\/person\\\/899b849d417733bd065eefb4edc60fa5\"},\"headline\":\"Los m\u00e1s j\u00f3venes del Urola\",\"datePublished\":\"2014-11-05T22:00:00+00:00\",\"dateModified\":\"2022-08-24T08:16:40+00:00\",\"mainEntityOfPage\":{\"@id\":\"https:\\\/\\\/urolake.eus\\\/es\\\/los-mas-jovenes-del-urola\\\/\"},\"wordCount\":430,\"publisher\":{\"@id\":\"https:\\\/\\\/urolake.eus\\\/es\\\/#organization\"},\"image\":{\"@id\":\"https:\\\/\\\/urolake.eus\\\/es\\\/los-mas-jovenes-del-urola\\\/#primaryimage\"},\"thumbnailUrl\":\"https:\\\/\\\/urolake.eus\\\/wp-content\\\/uploads\\\/2022\\\/07\\\/82652014111139205715143.jpg\",\"keywords\":[\"Urola KE\"],\"articleSection\":[\"Noticias\"],\"inLanguage\":\"es\"},{\"@type\":\"WebPage\",\"@id\":\"https:\\\/\\\/urolake.eus\\\/es\\\/los-mas-jovenes-del-urola\\\/\",\"url\":\"https:\\\/\\\/urolake.eus\\\/es\\\/los-mas-jovenes-del-urola\\\/\",\"name\":\"Los m\u00e1s j\u00f3venes del Urola - Urola K.E.\",\"isPartOf\":{\"@id\":\"https:\\\/\\\/urolake.eus\\\/es\\\/#website\"},\"primaryImageOfPage\":{\"@id\":\"https:\\\/\\\/urolake.eus\\\/es\\\/los-mas-jovenes-del-urola\\\/#primaryimage\"},\"image\":{\"@id\":\"https:\\\/\\\/urolake.eus\\\/es\\\/los-mas-jovenes-del-urola\\\/#primaryimage\"},\"thumbnailUrl\":\"https:\\\/\\\/urolake.eus\\\/wp-content\\\/uploads\\\/2022\\\/07\\\/82652014111139205715143.jpg\",\"datePublished\":\"2014-11-05T22:00:00+00:00\",\"dateModified\":\"2022-08-24T08:16:40+00:00\",\"breadcrumb\":{\"@id\":\"https:\\\/\\\/urolake.eus\\\/es\\\/los-mas-jovenes-del-urola\\\/#breadcrumb\"},\"inLanguage\":\"es\",\"potentialAction\":[{\"@type\":\"ReadAction\",\"target\":[\"https:\\\/\\\/urolake.eus\\\/es\\\/los-mas-jovenes-del-urola\\\/\"]}]},{\"@type\":\"ImageObject\",\"inLanguage\":\"es\",\"@id\":\"https:\\\/\\\/urolake.eus\\\/es\\\/los-mas-jovenes-del-urola\\\/#primaryimage\",\"url\":\"https:\\\/\\\/urolake.eus\\\/wp-content\\\/uploads\\\/2022\\\/07\\\/82652014111139205715143.jpg\",\"contentUrl\":\"https:\\\/\\\/urolake.eus\\\/wp-content\\\/uploads\\\/2022\\\/07\\\/82652014111139205715143.jpg\",\"width\":1800,\"height\":1200},{\"@type\":\"BreadcrumbList\",\"@id\":\"https:\\\/\\\/urolake.eus\\\/es\\\/los-mas-jovenes-del-urola\\\/#breadcrumb\",\"itemListElement\":[{\"@type\":\"ListItem\",\"position\":1,\"name\":\"Inicio\",\"item\":\"https:\\\/\\\/urolake.eus\\\/es\\\/\"},{\"@type\":\"ListItem\",\"position\":2,\"name\":\"Noticias\",\"item\":\"https:\\\/\\\/urolake.eus\\\/es\\\/noticias\\\/\"},{\"@type\":\"ListItem\",\"position\":3,\"name\":\"Los m\u00e1s j\u00f3venes del Urola\"}]},{\"@type\":\"WebSite\",\"@id\":\"https:\\\/\\\/urolake.eus\\\/es\\\/#website\",\"url\":\"https:\\\/\\\/urolake.eus\\\/es\\\/\",\"name\":\"Urola K.E.\",\"description\":\"\",\"publisher\":{\"@id\":\"https:\\\/\\\/urolake.eus\\\/es\\\/#organization\"},\"potentialAction\":[{\"@type\":\"SearchAction\",\"target\":{\"@type\":\"EntryPoint\",\"urlTemplate\":\"https:\\\/\\\/urolake.eus\\\/es\\\/?s={search_term_string}\"},\"query-input\":{\"@type\":\"PropertyValueSpecification\",\"valueRequired\":true,\"valueName\":\"search_term_string\"}}],\"inLanguage\":\"es\"},{\"@type\":\"Organization\",\"@id\":\"https:\\\/\\\/urolake.eus\\\/es\\\/#organization\",\"name\":\"Urola K.E.\",\"url\":\"https:\\\/\\\/urolake.eus\\\/es\\\/\",\"logo\":{\"@type\":\"ImageObject\",\"inLanguage\":\"es\",\"@id\":\"https:\\\/\\\/urolake.eus\\\/es\\\/#\\\/schema\\\/logo\\\/image\\\/\",\"url\":\"https:\\\/\\\/urolake.eus\\\/wp-content\\\/uploads\\\/2022\\\/08\\\/cropped-UrolaKEtxt2.png\",\"contentUrl\":\"https:\\\/\\\/urolake.eus\\\/wp-content\\\/uploads\\\/2022\\\/08\\\/cropped-UrolaKEtxt2.png\",\"width\":1000,\"height\":357,\"caption\":\"Urola K.E.\"},\"image\":{\"@id\":\"https:\\\/\\\/urolake.eus\\\/es\\\/#\\\/schema\\\/logo\\\/image\\\/\"}},{\"@type\":\"Person\",\"@id\":\"https:\\\/\\\/urolake.eus\\\/es\\\/#\\\/schema\\\/person\\\/899b849d417733bd065eefb4edc60fa5\",\"name\":\"kudeatzailea\",\"sameAs\":[\"https:\\\/\\\/urolake.eus\"]}]}<\/script>\n<!-- \/ Yoast SEO plugin. -->","yoast_head_json":{"title":"Los m\u00e1s j\u00f3venes del Urola - Urola K.E.","robots":{"index":"index","follow":"follow","max-snippet":"max-snippet:-1","max-image-preview":"max-image-preview:large","max-video-preview":"max-video-preview:-1"},"canonical":"https:\/\/urolake.eus\/es\/los-mas-jovenes-del-urola\/","og_locale":"es_ES","og_type":"article","og_title":"Los m\u00e1s j\u00f3venes del Urola - Urola K.E.","og_description":"La escuela de f\u00fatbol del club amarillo acoge a 126 chavales esta temporada DV","og_url":"https:\/\/urolake.eus\/es\/los-mas-jovenes-del-urola\/","og_site_name":"Urola K.E.","article_published_time":"2014-11-05T22:00:00+00:00","article_modified_time":"2022-08-24T08:16:40+00:00","og_image":[{"width":1800,"height":1200,"url":"https:\/\/urolake.eus\/wp-content\/uploads\/2022\/07\/82652014111139205715143.jpg","type":"image\/jpeg"}],"author":"kudeatzailea","twitter_card":"summary_large_image","twitter_misc":{"Escrito por":"kudeatzailea","Tiempo de lectura":"2 minutos"},"schema":{"@context":"https:\/\/schema.org","@graph":[{"@type":"Article","@id":"https:\/\/urolake.eus\/es\/los-mas-jovenes-del-urola\/#article","isPartOf":{"@id":"https:\/\/urolake.eus\/es\/los-mas-jovenes-del-urola\/"},"author":{"name":"kudeatzailea","@id":"https:\/\/urolake.eus\/es\/#\/schema\/person\/899b849d417733bd065eefb4edc60fa5"},"headline":"Los m\u00e1s j\u00f3venes del Urola","datePublished":"2014-11-05T22:00:00+00:00","dateModified":"2022-08-24T08:16:40+00:00","mainEntityOfPage":{"@id":"https:\/\/urolake.eus\/es\/los-mas-jovenes-del-urola\/"},"wordCount":430,"publisher":{"@id":"https:\/\/urolake.eus\/es\/#organization"},"image":{"@id":"https:\/\/urolake.eus\/es\/los-mas-jovenes-del-urola\/#primaryimage"},"thumbnailUrl":"https:\/\/urolake.eus\/wp-content\/uploads\/2022\/07\/82652014111139205715143.jpg","keywords":["Urola KE"],"articleSection":["Noticias"],"inLanguage":"es"},{"@type":"WebPage","@id":"https:\/\/urolake.eus\/es\/los-mas-jovenes-del-urola\/","url":"https:\/\/urolake.eus\/es\/los-mas-jovenes-del-urola\/","name":"Los m\u00e1s j\u00f3venes del Urola - Urola K.E.","isPartOf":{"@id":"https:\/\/urolake.eus\/es\/#website"},"primaryImageOfPage":{"@id":"https:\/\/urolake.eus\/es\/los-mas-jovenes-del-urola\/#primaryimage"},"image":{"@id":"https:\/\/urolake.eus\/es\/los-mas-jovenes-del-urola\/#primaryimage"},"thumbnailUrl":"https:\/\/urolake.eus\/wp-content\/uploads\/2022\/07\/82652014111139205715143.jpg","datePublished":"2014-11-05T22:00:00+00:00","dateModified":"2022-08-24T08:16:40+00:00","breadcrumb":{"@id":"https:\/\/urolake.eus\/es\/los-mas-jovenes-del-urola\/#breadcrumb"},"inLanguage":"es","potentialAction":[{"@type":"ReadAction","target":["https:\/\/urolake.eus\/es\/los-mas-jovenes-del-urola\/"]}]},{"@type":"ImageObject","inLanguage":"es","@id":"https:\/\/urolake.eus\/es\/los-mas-jovenes-del-urola\/#primaryimage","url":"https:\/\/urolake.eus\/wp-content\/uploads\/2022\/07\/82652014111139205715143.jpg","contentUrl":"https:\/\/urolake.eus\/wp-content\/uploads\/2022\/07\/82652014111139205715143.jpg","width":1800,"height":1200},{"@type":"BreadcrumbList","@id":"https:\/\/urolake.eus\/es\/los-mas-jovenes-del-urola\/#breadcrumb","itemListElement":[{"@type":"ListItem","position":1,"name":"Inicio","item":"https:\/\/urolake.eus\/es\/"},{"@type":"ListItem","position":2,"name":"Noticias","item":"https:\/\/urolake.eus\/es\/noticias\/"},{"@type":"ListItem","position":3,"name":"Los m\u00e1s j\u00f3venes del Urola"}]},{"@type":"WebSite","@id":"https:\/\/urolake.eus\/es\/#website","url":"https:\/\/urolake.eus\/es\/","name":"Urola K.E.","description":"","publisher":{"@id":"https:\/\/urolake.eus\/es\/#organization"},"potentialAction":[{"@type":"SearchAction","target":{"@type":"EntryPoint","urlTemplate":"https:\/\/urolake.eus\/es\/?s={search_term_string}"},"query-input":{"@type":"PropertyValueSpecification","valueRequired":true,"valueName":"search_term_string"}}],"inLanguage":"es"},{"@type":"Organization","@id":"https:\/\/urolake.eus\/es\/#organization","name":"Urola K.E.","url":"https:\/\/urolake.eus\/es\/","logo":{"@type":"ImageObject","inLanguage":"es","@id":"https:\/\/urolake.eus\/es\/#\/schema\/logo\/image\/","url":"https:\/\/urolake.eus\/wp-content\/uploads\/2022\/08\/cropped-UrolaKEtxt2.png","contentUrl":"https:\/\/urolake.eus\/wp-content\/uploads\/2022\/08\/cropped-UrolaKEtxt2.png","width":1000,"height":357,"caption":"Urola K.E."},"image":{"@id":"https:\/\/urolake.eus\/es\/#\/schema\/logo\/image\/"}},{"@type":"Person","@id":"https:\/\/urolake.eus\/es\/#\/schema\/person\/899b849d417733bd065eefb4edc60fa5","name":"kudeatzailea","sameAs":["https:\/\/urolake.eus"]}]}},"_links":{"self":[{"href":"https:\/\/urolake.eus\/es\/wp-json\/wp\/v2\/posts\/1580","targetHints":{"allow":["GET"]}}],"collection":[{"href":"https:\/\/urolake.eus\/es\/wp-json\/wp\/v2\/posts"}],"about":[{"href":"https:\/\/urolake.eus\/es\/wp-json\/wp\/v2\/types\/post"}],"author":[{"embeddable":true,"href":"https:\/\/urolake.eus\/es\/wp-json\/wp\/v2\/users\/1"}],"replies":[{"embeddable":true,"href":"https:\/\/urolake.eus\/es\/wp-json\/wp\/v2\/comments?post=1580"}],"version-history":[{"count":1,"href":"https:\/\/urolake.eus\/es\/wp-json\/wp\/v2\/posts\/1580\/revisions"}],"predecessor-version":[{"id":2583,"href":"https:\/\/urolake.eus\/es\/wp-json\/wp\/v2\/posts\/1580\/revisions\/2583"}],"wp:featuredmedia":[{"embeddable":true,"href":"https:\/\/urolake.eus\/es\/wp-json\/wp\/v2\/media\/1579"}],"wp:attachment":[{"href":"https:\/\/urolake.eus\/es\/wp-json\/wp\/v2\/media?parent=1580"}],"wp:term":[{"taxonomy":"category","embeddable":true,"href":"https:\/\/urolake.eus\/es\/wp-json\/wp\/v2\/categories?post=1580"},{"taxonomy":"post_tag","embeddable":true,"href":"https:\/\/urolake.eus\/es\/wp-json\/wp\/v2\/tags?post=1580"}],"curies":[{"name":"wp","href":"https:\/\/api.w.org\/{rel}","templated":true}]}}