{"id":1644,"date":"2015-02-24T00:00:00","date_gmt":"2015-02-23T22:00:00","guid":{"rendered":"https:\/\/urolake.eus\/el-urola-se-impuso-2-1-al-uda-2\/"},"modified":"2022-08-24T10:16:04","modified_gmt":"2022-08-24T08:16:04","slug":"el-urola-se-impuso-2-1-al-uda-2","status":"publish","type":"post","link":"https:\/\/urolake.eus\/es\/el-urola-se-impuso-2-1-al-uda-2\/","title":{"rendered":"El Urola se impuso 2-1 al UDA"},"content":{"rendered":"<p> DV El Urola se impuso el s\u00e1bado al UDA en un partido \u00abbastante parejo, que tuvo controlado en todo momento. El equipo estuvo bien puesto en el campo\u00bb, sostiene Rafa Mart\u00ednez de Lezea, segundo entrenador de los de Zumarraga y Urretxu.<\/p>\n<p> El primer tiempo termin\u00f3 con ausencia de goles. Tras la reanudaci\u00f3n, el UDA se adelant\u00f3 en el marcador al filo del cuarto de hora. No obstante, \u00abel equipo no se descompens\u00f3, todo lo contrario. Cogi\u00f3 el toro por los cuernos, estuvo en todo momento en campo del rival y remont\u00f3 el partido. De hecho, ofreci\u00f3 una de las mejores tardes de Argixao\u00bb, contin\u00faa Mart\u00ednez de Lezea.<\/p>\n<p>El segundo entrenador destaca el regreso de Asier Mart\u00edn, despu\u00e9s de varias semanas de ausencia por lesi\u00f3n. \u00abJug\u00f3 el segundo tiempo y fue pieza clave. Le hicieron el penalti que transform\u00f3 Endika Sastre, cinco minutos despu\u00e9s del 1-0\u00bb.<\/p>\n<p>El Urola marc\u00f3 el segundo gol a falta de un cuarto de hora para el pitido final. \u00abTambi\u00e9n fue una jugada de Asier Mart\u00edn que Markel Urrate remat\u00f3 de cabeza. Bonito gol\u00bb.<\/p>\n<p>Esta semana el Urola se desplazar\u00e1 a campo del Getariako, l\u00edder de la categor\u00eda. El encuentro se disputar\u00e1 el domingo, a las 11.30 horas. \u00abSer\u00e1 un partido complicado ya que es probablemente el mejor equipo de la categor\u00eda. Nosotros estamos en buena din\u00e1mica y vamos con mucha ilusi\u00f3n. Aqu\u00ed les ganamos 1-0, fue el \u00fanico partido que ellos perdieron en la primera vuelta\u00bb.<\/p>\n","protected":false},"excerpt":{"rendered":"<p>Los amarillos se desplazar\u00e1n el domingo al campo del Getariako, l\u00edder de la categor\u00eda<br \/>\nDV<\/p>\n","protected":false},"author":1,"featured_media":1053,"comment_status":"closed","ping_status":"closed","sticky":false,"template":"","format":"standard","meta":{"_acf_changed":false,"footnotes":""},"categories":[6],"tags":[38],"class_list":["post-1644","post","type-post","status-publish","format-standard","has-post-thumbnail","hentry","category-noticias","tag-urola-ke-es-2"],"acf":[],"yoast_head":"<!-- This site is optimized with the Yoast SEO plugin v27.5 - https:\/\/yoast.com\/product\/yoast-seo-wordpress\/ -->\n<title>El Urola se impuso 2-1 al UDA - Urola K.E.<\/title>\n<meta name=\"robots\" content=\"index, follow, max-snippet:-1, max-image-preview:large, max-video-preview:-1\" \/>\n<link rel=\"canonical\" href=\"https:\/\/urolake.eus\/es\/el-urola-se-impuso-2-1-al-uda-2\/\" \/>\n<meta property=\"og:locale\" content=\"es_ES\" \/>\n<meta property=\"og:type\" content=\"article\" \/>\n<meta property=\"og:title\" content=\"El Urola se impuso 2-1 al UDA - Urola K.E.\" \/>\n<meta property=\"og:description\" content=\"Los amarillos se desplazar\u00e1n el domingo al campo del Getariako, l\u00edder de la categor\u00eda DV\" \/>\n<meta property=\"og:url\" content=\"https:\/\/urolake.eus\/es\/el-urola-se-impuso-2-1-al-uda-2\/\" \/>\n<meta property=\"og:site_name\" content=\"Urola K.E.\" \/>\n<meta property=\"article:published_time\" content=\"2015-02-23T22:00:00+00:00\" \/>\n<meta property=\"article:modified_time\" content=\"2022-08-24T08:16:04+00:00\" \/>\n<meta property=\"og:image\" content=\"https:\/\/urolake.eus\/wp-content\/uploads\/2022\/07\/default-1.jpg\" \/>\n\t<meta property=\"og:image:width\" content=\"700\" \/>\n\t<meta property=\"og:image:height\" content=\"350\" \/>\n\t<meta property=\"og:image:type\" content=\"image\/jpeg\" \/>\n<meta name=\"author\" content=\"kudeatzailea\" \/>\n<meta name=\"twitter:card\" content=\"summary_large_image\" \/>\n<meta name=\"twitter:label1\" content=\"Escrito por\" \/>\n\t<meta name=\"twitter:data1\" content=\"kudeatzailea\" \/>\n\t<meta name=\"twitter:label2\" content=\"Tiempo de lectura\" \/>\n\t<meta name=\"twitter:data2\" content=\"1 minuto\" \/>\n<script type=\"application\/ld+json\" class=\"yoast-schema-graph\">{\"@context\":\"https:\\\/\\\/schema.org\",\"@graph\":[{\"@type\":\"Article\",\"@id\":\"https:\\\/\\\/urolake.eus\\\/es\\\/el-urola-se-impuso-2-1-al-uda-2\\\/#article\",\"isPartOf\":{\"@id\":\"https:\\\/\\\/urolake.eus\\\/es\\\/el-urola-se-impuso-2-1-al-uda-2\\\/\"},\"author\":{\"name\":\"kudeatzailea\",\"@id\":\"https:\\\/\\\/urolake.eus\\\/es\\\/#\\\/schema\\\/person\\\/899b849d417733bd065eefb4edc60fa5\"},\"headline\":\"El Urola se impuso 2-1 al UDA\",\"datePublished\":\"2015-02-23T22:00:00+00:00\",\"dateModified\":\"2022-08-24T08:16:04+00:00\",\"mainEntityOfPage\":{\"@id\":\"https:\\\/\\\/urolake.eus\\\/es\\\/el-urola-se-impuso-2-1-al-uda-2\\\/\"},\"wordCount\":262,\"publisher\":{\"@id\":\"https:\\\/\\\/urolake.eus\\\/es\\\/#organization\"},\"image\":{\"@id\":\"https:\\\/\\\/urolake.eus\\\/es\\\/el-urola-se-impuso-2-1-al-uda-2\\\/#primaryimage\"},\"thumbnailUrl\":\"https:\\\/\\\/urolake.eus\\\/wp-content\\\/uploads\\\/2022\\\/07\\\/default-1.jpg\",\"keywords\":[\"Urola KE\"],\"articleSection\":[\"Noticias\"],\"inLanguage\":\"es\"},{\"@type\":\"WebPage\",\"@id\":\"https:\\\/\\\/urolake.eus\\\/es\\\/el-urola-se-impuso-2-1-al-uda-2\\\/\",\"url\":\"https:\\\/\\\/urolake.eus\\\/es\\\/el-urola-se-impuso-2-1-al-uda-2\\\/\",\"name\":\"El Urola se impuso 2-1 al UDA - Urola K.E.\",\"isPartOf\":{\"@id\":\"https:\\\/\\\/urolake.eus\\\/es\\\/#website\"},\"primaryImageOfPage\":{\"@id\":\"https:\\\/\\\/urolake.eus\\\/es\\\/el-urola-se-impuso-2-1-al-uda-2\\\/#primaryimage\"},\"image\":{\"@id\":\"https:\\\/\\\/urolake.eus\\\/es\\\/el-urola-se-impuso-2-1-al-uda-2\\\/#primaryimage\"},\"thumbnailUrl\":\"https:\\\/\\\/urolake.eus\\\/wp-content\\\/uploads\\\/2022\\\/07\\\/default-1.jpg\",\"datePublished\":\"2015-02-23T22:00:00+00:00\",\"dateModified\":\"2022-08-24T08:16:04+00:00\",\"breadcrumb\":{\"@id\":\"https:\\\/\\\/urolake.eus\\\/es\\\/el-urola-se-impuso-2-1-al-uda-2\\\/#breadcrumb\"},\"inLanguage\":\"es\",\"potentialAction\":[{\"@type\":\"ReadAction\",\"target\":[\"https:\\\/\\\/urolake.eus\\\/es\\\/el-urola-se-impuso-2-1-al-uda-2\\\/\"]}]},{\"@type\":\"ImageObject\",\"inLanguage\":\"es\",\"@id\":\"https:\\\/\\\/urolake.eus\\\/es\\\/el-urola-se-impuso-2-1-al-uda-2\\\/#primaryimage\",\"url\":\"https:\\\/\\\/urolake.eus\\\/wp-content\\\/uploads\\\/2022\\\/07\\\/default-1.jpg\",\"contentUrl\":\"https:\\\/\\\/urolake.eus\\\/wp-content\\\/uploads\\\/2022\\\/07\\\/default-1.jpg\",\"width\":700,\"height\":350},{\"@type\":\"BreadcrumbList\",\"@id\":\"https:\\\/\\\/urolake.eus\\\/es\\\/el-urola-se-impuso-2-1-al-uda-2\\\/#breadcrumb\",\"itemListElement\":[{\"@type\":\"ListItem\",\"position\":1,\"name\":\"Inicio\",\"item\":\"https:\\\/\\\/urolake.eus\\\/es\\\/\"},{\"@type\":\"ListItem\",\"position\":2,\"name\":\"Noticias\",\"item\":\"https:\\\/\\\/urolake.eus\\\/es\\\/noticias\\\/\"},{\"@type\":\"ListItem\",\"position\":3,\"name\":\"El Urola se impuso 2-1 al UDA\"}]},{\"@type\":\"WebSite\",\"@id\":\"https:\\\/\\\/urolake.eus\\\/es\\\/#website\",\"url\":\"https:\\\/\\\/urolake.eus\\\/es\\\/\",\"name\":\"Urola K.E.\",\"description\":\"\",\"publisher\":{\"@id\":\"https:\\\/\\\/urolake.eus\\\/es\\\/#organization\"},\"potentialAction\":[{\"@type\":\"SearchAction\",\"target\":{\"@type\":\"EntryPoint\",\"urlTemplate\":\"https:\\\/\\\/urolake.eus\\\/es\\\/?s={search_term_string}\"},\"query-input\":{\"@type\":\"PropertyValueSpecification\",\"valueRequired\":true,\"valueName\":\"search_term_string\"}}],\"inLanguage\":\"es\"},{\"@type\":\"Organization\",\"@id\":\"https:\\\/\\\/urolake.eus\\\/es\\\/#organization\",\"name\":\"Urola K.E.\",\"url\":\"https:\\\/\\\/urolake.eus\\\/es\\\/\",\"logo\":{\"@type\":\"ImageObject\",\"inLanguage\":\"es\",\"@id\":\"https:\\\/\\\/urolake.eus\\\/es\\\/#\\\/schema\\\/logo\\\/image\\\/\",\"url\":\"https:\\\/\\\/urolake.eus\\\/wp-content\\\/uploads\\\/2022\\\/08\\\/cropped-UrolaKEtxt2.png\",\"contentUrl\":\"https:\\\/\\\/urolake.eus\\\/wp-content\\\/uploads\\\/2022\\\/08\\\/cropped-UrolaKEtxt2.png\",\"width\":1000,\"height\":357,\"caption\":\"Urola K.E.\"},\"image\":{\"@id\":\"https:\\\/\\\/urolake.eus\\\/es\\\/#\\\/schema\\\/logo\\\/image\\\/\"}},{\"@type\":\"Person\",\"@id\":\"https:\\\/\\\/urolake.eus\\\/es\\\/#\\\/schema\\\/person\\\/899b849d417733bd065eefb4edc60fa5\",\"name\":\"kudeatzailea\",\"sameAs\":[\"https:\\\/\\\/urolake.eus\"]}]}<\/script>\n<!-- \/ Yoast SEO plugin. -->","yoast_head_json":{"title":"El Urola se impuso 2-1 al UDA - Urola K.E.","robots":{"index":"index","follow":"follow","max-snippet":"max-snippet:-1","max-image-preview":"max-image-preview:large","max-video-preview":"max-video-preview:-1"},"canonical":"https:\/\/urolake.eus\/es\/el-urola-se-impuso-2-1-al-uda-2\/","og_locale":"es_ES","og_type":"article","og_title":"El Urola se impuso 2-1 al UDA - Urola K.E.","og_description":"Los amarillos se desplazar\u00e1n el domingo al campo del Getariako, l\u00edder de la categor\u00eda DV","og_url":"https:\/\/urolake.eus\/es\/el-urola-se-impuso-2-1-al-uda-2\/","og_site_name":"Urola K.E.","article_published_time":"2015-02-23T22:00:00+00:00","article_modified_time":"2022-08-24T08:16:04+00:00","og_image":[{"width":700,"height":350,"url":"https:\/\/urolake.eus\/wp-content\/uploads\/2022\/07\/default-1.jpg","type":"image\/jpeg"}],"author":"kudeatzailea","twitter_card":"summary_large_image","twitter_misc":{"Escrito por":"kudeatzailea","Tiempo de lectura":"1 minuto"},"schema":{"@context":"https:\/\/schema.org","@graph":[{"@type":"Article","@id":"https:\/\/urolake.eus\/es\/el-urola-se-impuso-2-1-al-uda-2\/#article","isPartOf":{"@id":"https:\/\/urolake.eus\/es\/el-urola-se-impuso-2-1-al-uda-2\/"},"author":{"name":"kudeatzailea","@id":"https:\/\/urolake.eus\/es\/#\/schema\/person\/899b849d417733bd065eefb4edc60fa5"},"headline":"El Urola se impuso 2-1 al UDA","datePublished":"2015-02-23T22:00:00+00:00","dateModified":"2022-08-24T08:16:04+00:00","mainEntityOfPage":{"@id":"https:\/\/urolake.eus\/es\/el-urola-se-impuso-2-1-al-uda-2\/"},"wordCount":262,"publisher":{"@id":"https:\/\/urolake.eus\/es\/#organization"},"image":{"@id":"https:\/\/urolake.eus\/es\/el-urola-se-impuso-2-1-al-uda-2\/#primaryimage"},"thumbnailUrl":"https:\/\/urolake.eus\/wp-content\/uploads\/2022\/07\/default-1.jpg","keywords":["Urola KE"],"articleSection":["Noticias"],"inLanguage":"es"},{"@type":"WebPage","@id":"https:\/\/urolake.eus\/es\/el-urola-se-impuso-2-1-al-uda-2\/","url":"https:\/\/urolake.eus\/es\/el-urola-se-impuso-2-1-al-uda-2\/","name":"El Urola se impuso 2-1 al UDA - Urola K.E.","isPartOf":{"@id":"https:\/\/urolake.eus\/es\/#website"},"primaryImageOfPage":{"@id":"https:\/\/urolake.eus\/es\/el-urola-se-impuso-2-1-al-uda-2\/#primaryimage"},"image":{"@id":"https:\/\/urolake.eus\/es\/el-urola-se-impuso-2-1-al-uda-2\/#primaryimage"},"thumbnailUrl":"https:\/\/urolake.eus\/wp-content\/uploads\/2022\/07\/default-1.jpg","datePublished":"2015-02-23T22:00:00+00:00","dateModified":"2022-08-24T08:16:04+00:00","breadcrumb":{"@id":"https:\/\/urolake.eus\/es\/el-urola-se-impuso-2-1-al-uda-2\/#breadcrumb"},"inLanguage":"es","potentialAction":[{"@type":"ReadAction","target":["https:\/\/urolake.eus\/es\/el-urola-se-impuso-2-1-al-uda-2\/"]}]},{"@type":"ImageObject","inLanguage":"es","@id":"https:\/\/urolake.eus\/es\/el-urola-se-impuso-2-1-al-uda-2\/#primaryimage","url":"https:\/\/urolake.eus\/wp-content\/uploads\/2022\/07\/default-1.jpg","contentUrl":"https:\/\/urolake.eus\/wp-content\/uploads\/2022\/07\/default-1.jpg","width":700,"height":350},{"@type":"BreadcrumbList","@id":"https:\/\/urolake.eus\/es\/el-urola-se-impuso-2-1-al-uda-2\/#breadcrumb","itemListElement":[{"@type":"ListItem","position":1,"name":"Inicio","item":"https:\/\/urolake.eus\/es\/"},{"@type":"ListItem","position":2,"name":"Noticias","item":"https:\/\/urolake.eus\/es\/noticias\/"},{"@type":"ListItem","position":3,"name":"El Urola se impuso 2-1 al UDA"}]},{"@type":"WebSite","@id":"https:\/\/urolake.eus\/es\/#website","url":"https:\/\/urolake.eus\/es\/","name":"Urola K.E.","description":"","publisher":{"@id":"https:\/\/urolake.eus\/es\/#organization"},"potentialAction":[{"@type":"SearchAction","target":{"@type":"EntryPoint","urlTemplate":"https:\/\/urolake.eus\/es\/?s={search_term_string}"},"query-input":{"@type":"PropertyValueSpecification","valueRequired":true,"valueName":"search_term_string"}}],"inLanguage":"es"},{"@type":"Organization","@id":"https:\/\/urolake.eus\/es\/#organization","name":"Urola K.E.","url":"https:\/\/urolake.eus\/es\/","logo":{"@type":"ImageObject","inLanguage":"es","@id":"https:\/\/urolake.eus\/es\/#\/schema\/logo\/image\/","url":"https:\/\/urolake.eus\/wp-content\/uploads\/2022\/08\/cropped-UrolaKEtxt2.png","contentUrl":"https:\/\/urolake.eus\/wp-content\/uploads\/2022\/08\/cropped-UrolaKEtxt2.png","width":1000,"height":357,"caption":"Urola K.E."},"image":{"@id":"https:\/\/urolake.eus\/es\/#\/schema\/logo\/image\/"}},{"@type":"Person","@id":"https:\/\/urolake.eus\/es\/#\/schema\/person\/899b849d417733bd065eefb4edc60fa5","name":"kudeatzailea","sameAs":["https:\/\/urolake.eus"]}]}},"_links":{"self":[{"href":"https:\/\/urolake.eus\/es\/wp-json\/wp\/v2\/posts\/1644","targetHints":{"allow":["GET"]}}],"collection":[{"href":"https:\/\/urolake.eus\/es\/wp-json\/wp\/v2\/posts"}],"about":[{"href":"https:\/\/urolake.eus\/es\/wp-json\/wp\/v2\/types\/post"}],"author":[{"embeddable":true,"href":"https:\/\/urolake.eus\/es\/wp-json\/wp\/v2\/users\/1"}],"replies":[{"embeddable":true,"href":"https:\/\/urolake.eus\/es\/wp-json\/wp\/v2\/comments?post=1644"}],"version-history":[{"count":1,"href":"https:\/\/urolake.eus\/es\/wp-json\/wp\/v2\/posts\/1644\/revisions"}],"predecessor-version":[{"id":2543,"href":"https:\/\/urolake.eus\/es\/wp-json\/wp\/v2\/posts\/1644\/revisions\/2543"}],"wp:featuredmedia":[{"embeddable":true,"href":"https:\/\/urolake.eus\/es\/wp-json\/wp\/v2\/media\/1053"}],"wp:attachment":[{"href":"https:\/\/urolake.eus\/es\/wp-json\/wp\/v2\/media?parent=1644"}],"wp:term":[{"taxonomy":"category","embeddable":true,"href":"https:\/\/urolake.eus\/es\/wp-json\/wp\/v2\/categories?post=1644"},{"taxonomy":"post_tag","embeddable":true,"href":"https:\/\/urolake.eus\/es\/wp-json\/wp\/v2\/tags?post=1644"}],"curies":[{"name":"wp","href":"https:\/\/api.w.org\/{rel}","templated":true}]}}