{"id":1662,"date":"2015-03-06T00:00:00","date_gmt":"2015-03-05T22:00:00","guid":{"rendered":"https:\/\/urolake.eus\/el-pleno-aprueba-la-instalacion-de-hierba-artificial-en-el-anexo-de-argixao-2\/"},"modified":"2022-08-24T10:16:02","modified_gmt":"2022-08-24T08:16:02","slug":"el-pleno-aprueba-la-instalacion-de-hierba-artificial-en-el-anexo-de-argixao-2","status":"publish","type":"post","link":"https:\/\/urolake.eus\/es\/el-pleno-aprueba-la-instalacion-de-hierba-artificial-en-el-anexo-de-argixao-2\/","title":{"rendered":"El Pleno aprueba la instalaci\u00f3n de hierba artificial en el anexo de Argixao"},"content":{"rendered":"<p> DV La \u00faltima sesi\u00f3n plenaria, celebrada el mi\u00e9rcoles con car\u00e1cter extraordinario, vio aprobar por unanimidad y con car\u00e1cter inicial el proyecto de instalaci\u00f3n de hierba artificial en el anexo de Argixao. \u00abUna demanda hist\u00f3rica de la S.D. Urola\u00bb, dijo el alcalde, Mikel Serrano. La mejora del anexo cuenta con un presupuesto de 460.000 euros y contempla el asfaltado, la recogida de aguas, la instalaci\u00f3n de riego y de c\u00e9sped artificial. Asimismo, contar\u00e1 con un pasillo perimetral de unos dos metros para zona de paseo y tambi\u00e9n se contempla, cara a futuro, \u00abhabilitar dos m\u00f3dulos con duchas y urinarios\u00bb, adelant\u00f3 el primer edil.<\/p>\n<p>Serrano tambi\u00e9n record\u00f3 que en los presupuesto municipales del presente ejercicio hay una partida de 150.000 euros para el anexo. Asimismo, la Diputaci\u00f3n Foral de Gipuzkoa ha confirmado una subvenci\u00f3n de 163.000 euros con cargo a dos ejercicios, 2015 y 2016. Adem\u00e1s, la Federaci\u00f3n Guipuzcoana de F\u00fatbol se comprometi\u00f3 a aportar otros 150.000 euros.<\/p>\n<p>\u00abUrge la aprobaci\u00f3n del proyecto para sacarlo a concurso y que se presenten las empresas para que el anexo est\u00e9 practicable la pr\u00f3xima temporada\u00bb, afirm\u00f3 Serrano.<\/p>\n<p>Buena parte de la directiva de la S. D. Urola de f\u00fatbol, con el presidente a la cabeza, sigui\u00f3 la sesi\u00f3n plenaria desde los asientos del p\u00fablico. Jon Alustiza agradeci\u00f3 \u00abal Pleno\u00bb la aprobaci\u00f3n del proyecto. \u00abNos va a venir muy bien\u00bb, dijo. Asimismo, dio las gracias a la diputada Ikerne Badiola y al alcalde Mikel Serrano por \u00absu voluntad para que esto saliera adelante\u00bb.DV<\/p>\n","protected":false},"excerpt":{"rendered":"<p>El alcalde calific\u00f3 el proyecto de \u00aburgente\u00bb, para que \u00abla pr\u00f3xima temporada puede estar practicable\u00bb<br \/>\nDV FOTO ARESTI<\/p>\n","protected":false},"author":1,"featured_media":1661,"comment_status":"closed","ping_status":"closed","sticky":false,"template":"","format":"standard","meta":{"_acf_changed":false,"footnotes":""},"categories":[6],"tags":[38],"class_list":["post-1662","post","type-post","status-publish","format-standard","has-post-thumbnail","hentry","category-noticias","tag-urola-ke-es-2"],"acf":[],"yoast_head":"<!-- This site is optimized with the Yoast SEO plugin v27.5 - https:\/\/yoast.com\/product\/yoast-seo-wordpress\/ -->\n<title>El Pleno aprueba la instalaci\u00f3n de hierba artificial en el anexo de Argixao - Urola K.E.<\/title>\n<meta name=\"robots\" content=\"index, follow, max-snippet:-1, max-image-preview:large, max-video-preview:-1\" \/>\n<link rel=\"canonical\" href=\"https:\/\/urolake.eus\/es\/el-pleno-aprueba-la-instalacion-de-hierba-artificial-en-el-anexo-de-argixao-2\/\" \/>\n<meta property=\"og:locale\" content=\"es_ES\" \/>\n<meta property=\"og:type\" content=\"article\" \/>\n<meta property=\"og:title\" content=\"El Pleno aprueba la instalaci\u00f3n de hierba artificial en el anexo de Argixao - Urola K.E.\" \/>\n<meta property=\"og:description\" content=\"El alcalde calific\u00f3 el proyecto de \u00aburgente\u00bb, para que \u00abla pr\u00f3xima temporada puede estar practicable\u00bb DV FOTO ARESTI\" \/>\n<meta property=\"og:url\" content=\"https:\/\/urolake.eus\/es\/el-pleno-aprueba-la-instalacion-de-hierba-artificial-en-el-anexo-de-argixao-2\/\" \/>\n<meta property=\"og:site_name\" content=\"Urola K.E.\" \/>\n<meta property=\"article:published_time\" content=\"2015-03-05T22:00:00+00:00\" \/>\n<meta property=\"article:modified_time\" content=\"2022-08-24T08:16:02+00:00\" \/>\n<meta property=\"og:image\" content=\"https:\/\/urolake.eus\/wp-content\/uploads\/2022\/07\/45252015030360797961676.jpg\" \/>\n\t<meta property=\"og:image:width\" content=\"575\" \/>\n\t<meta property=\"og:image:height\" content=\"292\" \/>\n\t<meta property=\"og:image:type\" content=\"image\/jpeg\" \/>\n<meta name=\"author\" content=\"kudeatzailea\" \/>\n<meta name=\"twitter:card\" content=\"summary_large_image\" \/>\n<meta name=\"twitter:label1\" content=\"Escrito por\" \/>\n\t<meta name=\"twitter:data1\" content=\"kudeatzailea\" \/>\n\t<meta name=\"twitter:label2\" content=\"Tiempo de lectura\" \/>\n\t<meta name=\"twitter:data2\" content=\"1 minuto\" \/>\n<script type=\"application\/ld+json\" class=\"yoast-schema-graph\">{\"@context\":\"https:\\\/\\\/schema.org\",\"@graph\":[{\"@type\":\"Article\",\"@id\":\"https:\\\/\\\/urolake.eus\\\/es\\\/el-pleno-aprueba-la-instalacion-de-hierba-artificial-en-el-anexo-de-argixao-2\\\/#article\",\"isPartOf\":{\"@id\":\"https:\\\/\\\/urolake.eus\\\/es\\\/el-pleno-aprueba-la-instalacion-de-hierba-artificial-en-el-anexo-de-argixao-2\\\/\"},\"author\":{\"name\":\"kudeatzailea\",\"@id\":\"https:\\\/\\\/urolake.eus\\\/es\\\/#\\\/schema\\\/person\\\/899b849d417733bd065eefb4edc60fa5\"},\"headline\":\"El Pleno aprueba la instalaci\u00f3n de hierba artificial en el anexo de Argixao\",\"datePublished\":\"2015-03-05T22:00:00+00:00\",\"dateModified\":\"2022-08-24T08:16:02+00:00\",\"mainEntityOfPage\":{\"@id\":\"https:\\\/\\\/urolake.eus\\\/es\\\/el-pleno-aprueba-la-instalacion-de-hierba-artificial-en-el-anexo-de-argixao-2\\\/\"},\"wordCount\":279,\"publisher\":{\"@id\":\"https:\\\/\\\/urolake.eus\\\/es\\\/#organization\"},\"image\":{\"@id\":\"https:\\\/\\\/urolake.eus\\\/es\\\/el-pleno-aprueba-la-instalacion-de-hierba-artificial-en-el-anexo-de-argixao-2\\\/#primaryimage\"},\"thumbnailUrl\":\"https:\\\/\\\/urolake.eus\\\/wp-content\\\/uploads\\\/2022\\\/07\\\/45252015030360797961676.jpg\",\"keywords\":[\"Urola KE\"],\"articleSection\":[\"Noticias\"],\"inLanguage\":\"es\"},{\"@type\":\"WebPage\",\"@id\":\"https:\\\/\\\/urolake.eus\\\/es\\\/el-pleno-aprueba-la-instalacion-de-hierba-artificial-en-el-anexo-de-argixao-2\\\/\",\"url\":\"https:\\\/\\\/urolake.eus\\\/es\\\/el-pleno-aprueba-la-instalacion-de-hierba-artificial-en-el-anexo-de-argixao-2\\\/\",\"name\":\"El Pleno aprueba la instalaci\u00f3n de hierba artificial en el anexo de Argixao - Urola K.E.\",\"isPartOf\":{\"@id\":\"https:\\\/\\\/urolake.eus\\\/es\\\/#website\"},\"primaryImageOfPage\":{\"@id\":\"https:\\\/\\\/urolake.eus\\\/es\\\/el-pleno-aprueba-la-instalacion-de-hierba-artificial-en-el-anexo-de-argixao-2\\\/#primaryimage\"},\"image\":{\"@id\":\"https:\\\/\\\/urolake.eus\\\/es\\\/el-pleno-aprueba-la-instalacion-de-hierba-artificial-en-el-anexo-de-argixao-2\\\/#primaryimage\"},\"thumbnailUrl\":\"https:\\\/\\\/urolake.eus\\\/wp-content\\\/uploads\\\/2022\\\/07\\\/45252015030360797961676.jpg\",\"datePublished\":\"2015-03-05T22:00:00+00:00\",\"dateModified\":\"2022-08-24T08:16:02+00:00\",\"breadcrumb\":{\"@id\":\"https:\\\/\\\/urolake.eus\\\/es\\\/el-pleno-aprueba-la-instalacion-de-hierba-artificial-en-el-anexo-de-argixao-2\\\/#breadcrumb\"},\"inLanguage\":\"es\",\"potentialAction\":[{\"@type\":\"ReadAction\",\"target\":[\"https:\\\/\\\/urolake.eus\\\/es\\\/el-pleno-aprueba-la-instalacion-de-hierba-artificial-en-el-anexo-de-argixao-2\\\/\"]}]},{\"@type\":\"ImageObject\",\"inLanguage\":\"es\",\"@id\":\"https:\\\/\\\/urolake.eus\\\/es\\\/el-pleno-aprueba-la-instalacion-de-hierba-artificial-en-el-anexo-de-argixao-2\\\/#primaryimage\",\"url\":\"https:\\\/\\\/urolake.eus\\\/wp-content\\\/uploads\\\/2022\\\/07\\\/45252015030360797961676.jpg\",\"contentUrl\":\"https:\\\/\\\/urolake.eus\\\/wp-content\\\/uploads\\\/2022\\\/07\\\/45252015030360797961676.jpg\",\"width\":575,\"height\":292},{\"@type\":\"BreadcrumbList\",\"@id\":\"https:\\\/\\\/urolake.eus\\\/es\\\/el-pleno-aprueba-la-instalacion-de-hierba-artificial-en-el-anexo-de-argixao-2\\\/#breadcrumb\",\"itemListElement\":[{\"@type\":\"ListItem\",\"position\":1,\"name\":\"Inicio\",\"item\":\"https:\\\/\\\/urolake.eus\\\/es\\\/\"},{\"@type\":\"ListItem\",\"position\":2,\"name\":\"Noticias\",\"item\":\"https:\\\/\\\/urolake.eus\\\/es\\\/noticias\\\/\"},{\"@type\":\"ListItem\",\"position\":3,\"name\":\"El Pleno aprueba la instalaci\u00f3n de hierba artificial en el anexo de Argixao\"}]},{\"@type\":\"WebSite\",\"@id\":\"https:\\\/\\\/urolake.eus\\\/es\\\/#website\",\"url\":\"https:\\\/\\\/urolake.eus\\\/es\\\/\",\"name\":\"Urola K.E.\",\"description\":\"\",\"publisher\":{\"@id\":\"https:\\\/\\\/urolake.eus\\\/es\\\/#organization\"},\"potentialAction\":[{\"@type\":\"SearchAction\",\"target\":{\"@type\":\"EntryPoint\",\"urlTemplate\":\"https:\\\/\\\/urolake.eus\\\/es\\\/?s={search_term_string}\"},\"query-input\":{\"@type\":\"PropertyValueSpecification\",\"valueRequired\":true,\"valueName\":\"search_term_string\"}}],\"inLanguage\":\"es\"},{\"@type\":\"Organization\",\"@id\":\"https:\\\/\\\/urolake.eus\\\/es\\\/#organization\",\"name\":\"Urola K.E.\",\"url\":\"https:\\\/\\\/urolake.eus\\\/es\\\/\",\"logo\":{\"@type\":\"ImageObject\",\"inLanguage\":\"es\",\"@id\":\"https:\\\/\\\/urolake.eus\\\/es\\\/#\\\/schema\\\/logo\\\/image\\\/\",\"url\":\"https:\\\/\\\/urolake.eus\\\/wp-content\\\/uploads\\\/2022\\\/08\\\/cropped-UrolaKEtxt2.png\",\"contentUrl\":\"https:\\\/\\\/urolake.eus\\\/wp-content\\\/uploads\\\/2022\\\/08\\\/cropped-UrolaKEtxt2.png\",\"width\":1000,\"height\":357,\"caption\":\"Urola K.E.\"},\"image\":{\"@id\":\"https:\\\/\\\/urolake.eus\\\/es\\\/#\\\/schema\\\/logo\\\/image\\\/\"}},{\"@type\":\"Person\",\"@id\":\"https:\\\/\\\/urolake.eus\\\/es\\\/#\\\/schema\\\/person\\\/899b849d417733bd065eefb4edc60fa5\",\"name\":\"kudeatzailea\",\"sameAs\":[\"https:\\\/\\\/urolake.eus\"]}]}<\/script>\n<!-- \/ Yoast SEO plugin. -->","yoast_head_json":{"title":"El Pleno aprueba la instalaci\u00f3n de hierba artificial en el anexo de Argixao - Urola K.E.","robots":{"index":"index","follow":"follow","max-snippet":"max-snippet:-1","max-image-preview":"max-image-preview:large","max-video-preview":"max-video-preview:-1"},"canonical":"https:\/\/urolake.eus\/es\/el-pleno-aprueba-la-instalacion-de-hierba-artificial-en-el-anexo-de-argixao-2\/","og_locale":"es_ES","og_type":"article","og_title":"El Pleno aprueba la instalaci\u00f3n de hierba artificial en el anexo de Argixao - Urola K.E.","og_description":"El alcalde calific\u00f3 el proyecto de \u00aburgente\u00bb, para que \u00abla pr\u00f3xima temporada puede estar practicable\u00bb DV FOTO ARESTI","og_url":"https:\/\/urolake.eus\/es\/el-pleno-aprueba-la-instalacion-de-hierba-artificial-en-el-anexo-de-argixao-2\/","og_site_name":"Urola K.E.","article_published_time":"2015-03-05T22:00:00+00:00","article_modified_time":"2022-08-24T08:16:02+00:00","og_image":[{"width":575,"height":292,"url":"https:\/\/urolake.eus\/wp-content\/uploads\/2022\/07\/45252015030360797961676.jpg","type":"image\/jpeg"}],"author":"kudeatzailea","twitter_card":"summary_large_image","twitter_misc":{"Escrito por":"kudeatzailea","Tiempo de lectura":"1 minuto"},"schema":{"@context":"https:\/\/schema.org","@graph":[{"@type":"Article","@id":"https:\/\/urolake.eus\/es\/el-pleno-aprueba-la-instalacion-de-hierba-artificial-en-el-anexo-de-argixao-2\/#article","isPartOf":{"@id":"https:\/\/urolake.eus\/es\/el-pleno-aprueba-la-instalacion-de-hierba-artificial-en-el-anexo-de-argixao-2\/"},"author":{"name":"kudeatzailea","@id":"https:\/\/urolake.eus\/es\/#\/schema\/person\/899b849d417733bd065eefb4edc60fa5"},"headline":"El Pleno aprueba la instalaci\u00f3n de hierba artificial en el anexo de Argixao","datePublished":"2015-03-05T22:00:00+00:00","dateModified":"2022-08-24T08:16:02+00:00","mainEntityOfPage":{"@id":"https:\/\/urolake.eus\/es\/el-pleno-aprueba-la-instalacion-de-hierba-artificial-en-el-anexo-de-argixao-2\/"},"wordCount":279,"publisher":{"@id":"https:\/\/urolake.eus\/es\/#organization"},"image":{"@id":"https:\/\/urolake.eus\/es\/el-pleno-aprueba-la-instalacion-de-hierba-artificial-en-el-anexo-de-argixao-2\/#primaryimage"},"thumbnailUrl":"https:\/\/urolake.eus\/wp-content\/uploads\/2022\/07\/45252015030360797961676.jpg","keywords":["Urola KE"],"articleSection":["Noticias"],"inLanguage":"es"},{"@type":"WebPage","@id":"https:\/\/urolake.eus\/es\/el-pleno-aprueba-la-instalacion-de-hierba-artificial-en-el-anexo-de-argixao-2\/","url":"https:\/\/urolake.eus\/es\/el-pleno-aprueba-la-instalacion-de-hierba-artificial-en-el-anexo-de-argixao-2\/","name":"El Pleno aprueba la instalaci\u00f3n de hierba artificial en el anexo de Argixao - Urola K.E.","isPartOf":{"@id":"https:\/\/urolake.eus\/es\/#website"},"primaryImageOfPage":{"@id":"https:\/\/urolake.eus\/es\/el-pleno-aprueba-la-instalacion-de-hierba-artificial-en-el-anexo-de-argixao-2\/#primaryimage"},"image":{"@id":"https:\/\/urolake.eus\/es\/el-pleno-aprueba-la-instalacion-de-hierba-artificial-en-el-anexo-de-argixao-2\/#primaryimage"},"thumbnailUrl":"https:\/\/urolake.eus\/wp-content\/uploads\/2022\/07\/45252015030360797961676.jpg","datePublished":"2015-03-05T22:00:00+00:00","dateModified":"2022-08-24T08:16:02+00:00","breadcrumb":{"@id":"https:\/\/urolake.eus\/es\/el-pleno-aprueba-la-instalacion-de-hierba-artificial-en-el-anexo-de-argixao-2\/#breadcrumb"},"inLanguage":"es","potentialAction":[{"@type":"ReadAction","target":["https:\/\/urolake.eus\/es\/el-pleno-aprueba-la-instalacion-de-hierba-artificial-en-el-anexo-de-argixao-2\/"]}]},{"@type":"ImageObject","inLanguage":"es","@id":"https:\/\/urolake.eus\/es\/el-pleno-aprueba-la-instalacion-de-hierba-artificial-en-el-anexo-de-argixao-2\/#primaryimage","url":"https:\/\/urolake.eus\/wp-content\/uploads\/2022\/07\/45252015030360797961676.jpg","contentUrl":"https:\/\/urolake.eus\/wp-content\/uploads\/2022\/07\/45252015030360797961676.jpg","width":575,"height":292},{"@type":"BreadcrumbList","@id":"https:\/\/urolake.eus\/es\/el-pleno-aprueba-la-instalacion-de-hierba-artificial-en-el-anexo-de-argixao-2\/#breadcrumb","itemListElement":[{"@type":"ListItem","position":1,"name":"Inicio","item":"https:\/\/urolake.eus\/es\/"},{"@type":"ListItem","position":2,"name":"Noticias","item":"https:\/\/urolake.eus\/es\/noticias\/"},{"@type":"ListItem","position":3,"name":"El Pleno aprueba la instalaci\u00f3n de hierba artificial en el anexo de Argixao"}]},{"@type":"WebSite","@id":"https:\/\/urolake.eus\/es\/#website","url":"https:\/\/urolake.eus\/es\/","name":"Urola K.E.","description":"","publisher":{"@id":"https:\/\/urolake.eus\/es\/#organization"},"potentialAction":[{"@type":"SearchAction","target":{"@type":"EntryPoint","urlTemplate":"https:\/\/urolake.eus\/es\/?s={search_term_string}"},"query-input":{"@type":"PropertyValueSpecification","valueRequired":true,"valueName":"search_term_string"}}],"inLanguage":"es"},{"@type":"Organization","@id":"https:\/\/urolake.eus\/es\/#organization","name":"Urola K.E.","url":"https:\/\/urolake.eus\/es\/","logo":{"@type":"ImageObject","inLanguage":"es","@id":"https:\/\/urolake.eus\/es\/#\/schema\/logo\/image\/","url":"https:\/\/urolake.eus\/wp-content\/uploads\/2022\/08\/cropped-UrolaKEtxt2.png","contentUrl":"https:\/\/urolake.eus\/wp-content\/uploads\/2022\/08\/cropped-UrolaKEtxt2.png","width":1000,"height":357,"caption":"Urola K.E."},"image":{"@id":"https:\/\/urolake.eus\/es\/#\/schema\/logo\/image\/"}},{"@type":"Person","@id":"https:\/\/urolake.eus\/es\/#\/schema\/person\/899b849d417733bd065eefb4edc60fa5","name":"kudeatzailea","sameAs":["https:\/\/urolake.eus"]}]}},"_links":{"self":[{"href":"https:\/\/urolake.eus\/es\/wp-json\/wp\/v2\/posts\/1662","targetHints":{"allow":["GET"]}}],"collection":[{"href":"https:\/\/urolake.eus\/es\/wp-json\/wp\/v2\/posts"}],"about":[{"href":"https:\/\/urolake.eus\/es\/wp-json\/wp\/v2\/types\/post"}],"author":[{"embeddable":true,"href":"https:\/\/urolake.eus\/es\/wp-json\/wp\/v2\/users\/1"}],"replies":[{"embeddable":true,"href":"https:\/\/urolake.eus\/es\/wp-json\/wp\/v2\/comments?post=1662"}],"version-history":[{"count":1,"href":"https:\/\/urolake.eus\/es\/wp-json\/wp\/v2\/posts\/1662\/revisions"}],"predecessor-version":[{"id":2531,"href":"https:\/\/urolake.eus\/es\/wp-json\/wp\/v2\/posts\/1662\/revisions\/2531"}],"wp:featuredmedia":[{"embeddable":true,"href":"https:\/\/urolake.eus\/es\/wp-json\/wp\/v2\/media\/1661"}],"wp:attachment":[{"href":"https:\/\/urolake.eus\/es\/wp-json\/wp\/v2\/media?parent=1662"}],"wp:term":[{"taxonomy":"category","embeddable":true,"href":"https:\/\/urolake.eus\/es\/wp-json\/wp\/v2\/categories?post=1662"},{"taxonomy":"post_tag","embeddable":true,"href":"https:\/\/urolake.eus\/es\/wp-json\/wp\/v2\/tags?post=1662"}],"curies":[{"name":"wp","href":"https:\/\/api.w.org\/{rel}","templated":true}]}}