{"id":1782,"date":"2015-07-25T00:00:00","date_gmt":"2015-07-24T22:00:00","guid":{"rendered":"https:\/\/urolake.eus\/anexo-de-argixao-en-marcha-2\/"},"modified":"2022-08-24T10:15:11","modified_gmt":"2022-08-24T08:15:11","slug":"anexo-de-argixao-en-marcha-2","status":"publish","type":"post","link":"https:\/\/urolake.eus\/es\/anexo-de-argixao-en-marcha-2\/","title":{"rendered":"ANEXO DE ARGIXAO EN MARCHA"},"content":{"rendered":"<p>DV<br \/>\nLas obras del anexo de Argixao han comenzado. Los trabajos empezaron ayer coincidiendo con la firma del convenio entre Denis Itxaso, diputado de Cultura, Turismo, Juventud y Deportes y Mikel Serrano, alcalde de Zumarraga, por el que el ente foral otorga una subvenci\u00f3n de 163.108 euros para la renovaci\u00f3n de la instalaci\u00f3n deportiva. El presupuesto del proyecto, que incluye la colocaci\u00f3n de hierba artificial, asciende a 459.000 euros. Los trabajos ser\u00e1n financiados \u00aba tercios\u00bb entre la Diputaci\u00f3n, el Ayuntamiento de Zumarraga y la Federaci\u00f3n Guipuzcoana de F\u00fatbol. En los presupuestos municipales del presente ejercicio hay una partida de 150.000 euros para el anexo. Adem\u00e1s la Federaci\u00f3n Guipuzcoana de F\u00fatbol se comprometi\u00f3 a aportar otros 150.000, aunque falta por concretar la fecha. De momento, el Ayuntamiento adelantar\u00e1 su parte. \u00abHace una semana le enviamos una carta a Larrea, pero todav\u00eda no tenemos respuesta\u00bb, sostuvo ayer Mikel Serrano. DV<\/p>\n<p>\u00abProyecto demandado\u00bb<\/p>\n<p>La adecuaci\u00f3n del anexo de Argixao es \u00abun proyecto demandado en anteriores legislaturas, que por fin va a ver la luz\u00bb, dijo el alcalde en su comparecencia ante los medios. Las obras contemplan el asfaltado, la recogida de aguas, la instalaci\u00f3n de c\u00e9sped artificial y riego. Asimismo, el campo contar\u00e1 con un pasillo perimetral de unos dos metros para zona de paseo, para que \u00ablos ciudadanos lo puedan utilizar para andar\u00bb.<\/p>\n<p>\u00abSiendo optimistas lo podremos inaugurar en octubre\u00bb, adelant\u00f3 Serrano. El primer edil habl\u00f3 de \u00abpoder dar respuesta al Urola, que tiene m\u00e1s de 400 fichas y diez equipos\u00bb. Asimismo, hizo referencia a los \u00abvalores\u00bb que trabaja el club amarillo, caso del \u00abcompa\u00f1erismo, esfuerzo y realizaci\u00f3n personal, a trav\u00e9s del deporte\u00bb.<\/p>\n<p>Por su parte, Denis Itxaso afirm\u00f3 que con el acuerdo firmado ayer \u00abse salda un deuda hist\u00f3rica con este municipio, que es cabeza de comarca y con un \u00fanico campo no tiene suficiente. Adecentar este campo y poner hierba artificial era imprescindible\u00bb. El diputado abog\u00f3 por que \u00ablas obras vayan al ritmo deseado\u00bb.<\/p>\n<p>C\u00e9sped de cuarta generaci\u00f3n<\/p>\n<p>Los trabajos de instalaci\u00f3n de la hierba artificial correr\u00e1n a cargo de Field Turf Poligras, empresa con sede en Barcelona. Paco P\u00e9rez, su delegado, explic\u00f3 que se colocar\u00e1 un c\u00e9sped \u00abde cuarta generaci\u00f3n, de 60mm de altura y curvado multienervado\u00bb. Asimismo, destac\u00f3 algunos de los clubes a los que han prestado sus servicios. \u00abEl m\u00e1s emblem\u00e1tico, el F.C. Barcelona, as\u00ed como el Atl\u00e9tico de Madrid, el Sevilla, el Getafe o el Rayo Vallecano\u00bb. Tambi\u00e9n, cit\u00f3 algunos municipios cercanos en los que han trabajado, \u00abO\u00f1ati, Bergara, Arrasate, Elgoibar&#8230;\u00bb.<\/p>\n<p>Otro de los campos en los que Fieldturf coloc\u00f3 hierba artificial fue Argixao. El municipal de Zumarraga vio sustituir la hierba natural por un manto artificial en 1992 y posteriormente, en 2005, se llev\u00f3 a cabo una renovaci\u00f3n. \u00abCuando Argixao ten\u00eda hierba natural s\u00f3lo se jugaban all\u00ed los partidos oficiales y el \u00faltimo entrenamiento\u00bb, record\u00f3 Mikel Serrano de sus tiempos de futbolista del Urola. El alcalde tampoco ha olvidado lo que \u00abquemaba\u00bb la gravilla del anexo. En \u00abdos meses y medio\u00bb esa gravilla ser\u00e1 sustituida por un manto de hierba artificial.DV<\/p>\n","protected":false},"excerpt":{"rendered":"<p>el nuevo campo de f\u00fatbol pueda ser inaugurado en octubre<\/p>\n","protected":false},"author":1,"featured_media":1781,"comment_status":"closed","ping_status":"closed","sticky":false,"template":"","format":"standard","meta":{"_acf_changed":false,"footnotes":""},"categories":[6],"tags":[38],"class_list":["post-1782","post","type-post","status-publish","format-standard","has-post-thumbnail","hentry","category-noticias","tag-urola-ke-es-2"],"acf":[],"yoast_head":"<!-- This site is optimized with the Yoast SEO plugin v27.5 - https:\/\/yoast.com\/product\/yoast-seo-wordpress\/ -->\n<title>ANEXO DE ARGIXAO EN MARCHA - Urola K.E.<\/title>\n<meta name=\"robots\" content=\"index, follow, max-snippet:-1, max-image-preview:large, max-video-preview:-1\" \/>\n<link rel=\"canonical\" href=\"https:\/\/urolake.eus\/es\/anexo-de-argixao-en-marcha-2\/\" \/>\n<meta property=\"og:locale\" content=\"es_ES\" \/>\n<meta property=\"og:type\" content=\"article\" \/>\n<meta property=\"og:title\" content=\"ANEXO DE ARGIXAO EN MARCHA - Urola K.E.\" \/>\n<meta property=\"og:description\" content=\"el nuevo campo de f\u00fatbol pueda ser inaugurado en octubre\" \/>\n<meta property=\"og:url\" content=\"https:\/\/urolake.eus\/es\/anexo-de-argixao-en-marcha-2\/\" \/>\n<meta property=\"og:site_name\" content=\"Urola K.E.\" \/>\n<meta property=\"article:published_time\" content=\"2015-07-24T22:00:00+00:00\" \/>\n<meta property=\"article:modified_time\" content=\"2022-08-24T08:15:11+00:00\" \/>\n<meta property=\"og:image\" content=\"https:\/\/urolake.eus\/wp-content\/uploads\/2022\/07\/3312201507076532122784.jpg\" \/>\n\t<meta property=\"og:image:width\" content=\"575\" \/>\n\t<meta property=\"og:image:height\" content=\"417\" \/>\n\t<meta property=\"og:image:type\" content=\"image\/jpeg\" \/>\n<meta name=\"author\" content=\"kudeatzailea\" \/>\n<meta name=\"twitter:card\" content=\"summary_large_image\" \/>\n<meta name=\"twitter:label1\" content=\"Escrito por\" \/>\n\t<meta name=\"twitter:data1\" content=\"kudeatzailea\" \/>\n\t<meta name=\"twitter:label2\" content=\"Tiempo de lectura\" \/>\n\t<meta name=\"twitter:data2\" content=\"3 minutos\" \/>\n<script type=\"application\/ld+json\" class=\"yoast-schema-graph\">{\"@context\":\"https:\\\/\\\/schema.org\",\"@graph\":[{\"@type\":\"Article\",\"@id\":\"https:\\\/\\\/urolake.eus\\\/es\\\/anexo-de-argixao-en-marcha-2\\\/#article\",\"isPartOf\":{\"@id\":\"https:\\\/\\\/urolake.eus\\\/es\\\/anexo-de-argixao-en-marcha-2\\\/\"},\"author\":{\"name\":\"kudeatzailea\",\"@id\":\"https:\\\/\\\/urolake.eus\\\/es\\\/#\\\/schema\\\/person\\\/899b849d417733bd065eefb4edc60fa5\"},\"headline\":\"ANEXO DE ARGIXAO EN MARCHA\",\"datePublished\":\"2015-07-24T22:00:00+00:00\",\"dateModified\":\"2022-08-24T08:15:11+00:00\",\"mainEntityOfPage\":{\"@id\":\"https:\\\/\\\/urolake.eus\\\/es\\\/anexo-de-argixao-en-marcha-2\\\/\"},\"wordCount\":541,\"publisher\":{\"@id\":\"https:\\\/\\\/urolake.eus\\\/es\\\/#organization\"},\"image\":{\"@id\":\"https:\\\/\\\/urolake.eus\\\/es\\\/anexo-de-argixao-en-marcha-2\\\/#primaryimage\"},\"thumbnailUrl\":\"https:\\\/\\\/urolake.eus\\\/wp-content\\\/uploads\\\/2022\\\/07\\\/3312201507076532122784.jpg\",\"keywords\":[\"Urola KE\"],\"articleSection\":[\"Noticias\"],\"inLanguage\":\"es\"},{\"@type\":\"WebPage\",\"@id\":\"https:\\\/\\\/urolake.eus\\\/es\\\/anexo-de-argixao-en-marcha-2\\\/\",\"url\":\"https:\\\/\\\/urolake.eus\\\/es\\\/anexo-de-argixao-en-marcha-2\\\/\",\"name\":\"ANEXO DE ARGIXAO EN MARCHA - Urola K.E.\",\"isPartOf\":{\"@id\":\"https:\\\/\\\/urolake.eus\\\/es\\\/#website\"},\"primaryImageOfPage\":{\"@id\":\"https:\\\/\\\/urolake.eus\\\/es\\\/anexo-de-argixao-en-marcha-2\\\/#primaryimage\"},\"image\":{\"@id\":\"https:\\\/\\\/urolake.eus\\\/es\\\/anexo-de-argixao-en-marcha-2\\\/#primaryimage\"},\"thumbnailUrl\":\"https:\\\/\\\/urolake.eus\\\/wp-content\\\/uploads\\\/2022\\\/07\\\/3312201507076532122784.jpg\",\"datePublished\":\"2015-07-24T22:00:00+00:00\",\"dateModified\":\"2022-08-24T08:15:11+00:00\",\"breadcrumb\":{\"@id\":\"https:\\\/\\\/urolake.eus\\\/es\\\/anexo-de-argixao-en-marcha-2\\\/#breadcrumb\"},\"inLanguage\":\"es\",\"potentialAction\":[{\"@type\":\"ReadAction\",\"target\":[\"https:\\\/\\\/urolake.eus\\\/es\\\/anexo-de-argixao-en-marcha-2\\\/\"]}]},{\"@type\":\"ImageObject\",\"inLanguage\":\"es\",\"@id\":\"https:\\\/\\\/urolake.eus\\\/es\\\/anexo-de-argixao-en-marcha-2\\\/#primaryimage\",\"url\":\"https:\\\/\\\/urolake.eus\\\/wp-content\\\/uploads\\\/2022\\\/07\\\/3312201507076532122784.jpg\",\"contentUrl\":\"https:\\\/\\\/urolake.eus\\\/wp-content\\\/uploads\\\/2022\\\/07\\\/3312201507076532122784.jpg\",\"width\":575,\"height\":417},{\"@type\":\"BreadcrumbList\",\"@id\":\"https:\\\/\\\/urolake.eus\\\/es\\\/anexo-de-argixao-en-marcha-2\\\/#breadcrumb\",\"itemListElement\":[{\"@type\":\"ListItem\",\"position\":1,\"name\":\"Inicio\",\"item\":\"https:\\\/\\\/urolake.eus\\\/es\\\/\"},{\"@type\":\"ListItem\",\"position\":2,\"name\":\"Noticias\",\"item\":\"https:\\\/\\\/urolake.eus\\\/es\\\/noticias\\\/\"},{\"@type\":\"ListItem\",\"position\":3,\"name\":\"ANEXO DE ARGIXAO EN MARCHA\"}]},{\"@type\":\"WebSite\",\"@id\":\"https:\\\/\\\/urolake.eus\\\/es\\\/#website\",\"url\":\"https:\\\/\\\/urolake.eus\\\/es\\\/\",\"name\":\"Urola K.E.\",\"description\":\"\",\"publisher\":{\"@id\":\"https:\\\/\\\/urolake.eus\\\/es\\\/#organization\"},\"potentialAction\":[{\"@type\":\"SearchAction\",\"target\":{\"@type\":\"EntryPoint\",\"urlTemplate\":\"https:\\\/\\\/urolake.eus\\\/es\\\/?s={search_term_string}\"},\"query-input\":{\"@type\":\"PropertyValueSpecification\",\"valueRequired\":true,\"valueName\":\"search_term_string\"}}],\"inLanguage\":\"es\"},{\"@type\":\"Organization\",\"@id\":\"https:\\\/\\\/urolake.eus\\\/es\\\/#organization\",\"name\":\"Urola K.E.\",\"url\":\"https:\\\/\\\/urolake.eus\\\/es\\\/\",\"logo\":{\"@type\":\"ImageObject\",\"inLanguage\":\"es\",\"@id\":\"https:\\\/\\\/urolake.eus\\\/es\\\/#\\\/schema\\\/logo\\\/image\\\/\",\"url\":\"https:\\\/\\\/urolake.eus\\\/wp-content\\\/uploads\\\/2022\\\/08\\\/cropped-UrolaKEtxt2.png\",\"contentUrl\":\"https:\\\/\\\/urolake.eus\\\/wp-content\\\/uploads\\\/2022\\\/08\\\/cropped-UrolaKEtxt2.png\",\"width\":1000,\"height\":357,\"caption\":\"Urola K.E.\"},\"image\":{\"@id\":\"https:\\\/\\\/urolake.eus\\\/es\\\/#\\\/schema\\\/logo\\\/image\\\/\"}},{\"@type\":\"Person\",\"@id\":\"https:\\\/\\\/urolake.eus\\\/es\\\/#\\\/schema\\\/person\\\/899b849d417733bd065eefb4edc60fa5\",\"name\":\"kudeatzailea\",\"sameAs\":[\"https:\\\/\\\/urolake.eus\"]}]}<\/script>\n<!-- \/ Yoast SEO plugin. -->","yoast_head_json":{"title":"ANEXO DE ARGIXAO EN MARCHA - Urola K.E.","robots":{"index":"index","follow":"follow","max-snippet":"max-snippet:-1","max-image-preview":"max-image-preview:large","max-video-preview":"max-video-preview:-1"},"canonical":"https:\/\/urolake.eus\/es\/anexo-de-argixao-en-marcha-2\/","og_locale":"es_ES","og_type":"article","og_title":"ANEXO DE ARGIXAO EN MARCHA - Urola K.E.","og_description":"el nuevo campo de f\u00fatbol pueda ser inaugurado en octubre","og_url":"https:\/\/urolake.eus\/es\/anexo-de-argixao-en-marcha-2\/","og_site_name":"Urola K.E.","article_published_time":"2015-07-24T22:00:00+00:00","article_modified_time":"2022-08-24T08:15:11+00:00","og_image":[{"width":575,"height":417,"url":"https:\/\/urolake.eus\/wp-content\/uploads\/2022\/07\/3312201507076532122784.jpg","type":"image\/jpeg"}],"author":"kudeatzailea","twitter_card":"summary_large_image","twitter_misc":{"Escrito por":"kudeatzailea","Tiempo de lectura":"3 minutos"},"schema":{"@context":"https:\/\/schema.org","@graph":[{"@type":"Article","@id":"https:\/\/urolake.eus\/es\/anexo-de-argixao-en-marcha-2\/#article","isPartOf":{"@id":"https:\/\/urolake.eus\/es\/anexo-de-argixao-en-marcha-2\/"},"author":{"name":"kudeatzailea","@id":"https:\/\/urolake.eus\/es\/#\/schema\/person\/899b849d417733bd065eefb4edc60fa5"},"headline":"ANEXO DE ARGIXAO EN MARCHA","datePublished":"2015-07-24T22:00:00+00:00","dateModified":"2022-08-24T08:15:11+00:00","mainEntityOfPage":{"@id":"https:\/\/urolake.eus\/es\/anexo-de-argixao-en-marcha-2\/"},"wordCount":541,"publisher":{"@id":"https:\/\/urolake.eus\/es\/#organization"},"image":{"@id":"https:\/\/urolake.eus\/es\/anexo-de-argixao-en-marcha-2\/#primaryimage"},"thumbnailUrl":"https:\/\/urolake.eus\/wp-content\/uploads\/2022\/07\/3312201507076532122784.jpg","keywords":["Urola KE"],"articleSection":["Noticias"],"inLanguage":"es"},{"@type":"WebPage","@id":"https:\/\/urolake.eus\/es\/anexo-de-argixao-en-marcha-2\/","url":"https:\/\/urolake.eus\/es\/anexo-de-argixao-en-marcha-2\/","name":"ANEXO DE ARGIXAO EN MARCHA - Urola K.E.","isPartOf":{"@id":"https:\/\/urolake.eus\/es\/#website"},"primaryImageOfPage":{"@id":"https:\/\/urolake.eus\/es\/anexo-de-argixao-en-marcha-2\/#primaryimage"},"image":{"@id":"https:\/\/urolake.eus\/es\/anexo-de-argixao-en-marcha-2\/#primaryimage"},"thumbnailUrl":"https:\/\/urolake.eus\/wp-content\/uploads\/2022\/07\/3312201507076532122784.jpg","datePublished":"2015-07-24T22:00:00+00:00","dateModified":"2022-08-24T08:15:11+00:00","breadcrumb":{"@id":"https:\/\/urolake.eus\/es\/anexo-de-argixao-en-marcha-2\/#breadcrumb"},"inLanguage":"es","potentialAction":[{"@type":"ReadAction","target":["https:\/\/urolake.eus\/es\/anexo-de-argixao-en-marcha-2\/"]}]},{"@type":"ImageObject","inLanguage":"es","@id":"https:\/\/urolake.eus\/es\/anexo-de-argixao-en-marcha-2\/#primaryimage","url":"https:\/\/urolake.eus\/wp-content\/uploads\/2022\/07\/3312201507076532122784.jpg","contentUrl":"https:\/\/urolake.eus\/wp-content\/uploads\/2022\/07\/3312201507076532122784.jpg","width":575,"height":417},{"@type":"BreadcrumbList","@id":"https:\/\/urolake.eus\/es\/anexo-de-argixao-en-marcha-2\/#breadcrumb","itemListElement":[{"@type":"ListItem","position":1,"name":"Inicio","item":"https:\/\/urolake.eus\/es\/"},{"@type":"ListItem","position":2,"name":"Noticias","item":"https:\/\/urolake.eus\/es\/noticias\/"},{"@type":"ListItem","position":3,"name":"ANEXO DE ARGIXAO EN MARCHA"}]},{"@type":"WebSite","@id":"https:\/\/urolake.eus\/es\/#website","url":"https:\/\/urolake.eus\/es\/","name":"Urola K.E.","description":"","publisher":{"@id":"https:\/\/urolake.eus\/es\/#organization"},"potentialAction":[{"@type":"SearchAction","target":{"@type":"EntryPoint","urlTemplate":"https:\/\/urolake.eus\/es\/?s={search_term_string}"},"query-input":{"@type":"PropertyValueSpecification","valueRequired":true,"valueName":"search_term_string"}}],"inLanguage":"es"},{"@type":"Organization","@id":"https:\/\/urolake.eus\/es\/#organization","name":"Urola K.E.","url":"https:\/\/urolake.eus\/es\/","logo":{"@type":"ImageObject","inLanguage":"es","@id":"https:\/\/urolake.eus\/es\/#\/schema\/logo\/image\/","url":"https:\/\/urolake.eus\/wp-content\/uploads\/2022\/08\/cropped-UrolaKEtxt2.png","contentUrl":"https:\/\/urolake.eus\/wp-content\/uploads\/2022\/08\/cropped-UrolaKEtxt2.png","width":1000,"height":357,"caption":"Urola K.E."},"image":{"@id":"https:\/\/urolake.eus\/es\/#\/schema\/logo\/image\/"}},{"@type":"Person","@id":"https:\/\/urolake.eus\/es\/#\/schema\/person\/899b849d417733bd065eefb4edc60fa5","name":"kudeatzailea","sameAs":["https:\/\/urolake.eus"]}]}},"_links":{"self":[{"href":"https:\/\/urolake.eus\/es\/wp-json\/wp\/v2\/posts\/1782","targetHints":{"allow":["GET"]}}],"collection":[{"href":"https:\/\/urolake.eus\/es\/wp-json\/wp\/v2\/posts"}],"about":[{"href":"https:\/\/urolake.eus\/es\/wp-json\/wp\/v2\/types\/post"}],"author":[{"embeddable":true,"href":"https:\/\/urolake.eus\/es\/wp-json\/wp\/v2\/users\/1"}],"replies":[{"embeddable":true,"href":"https:\/\/urolake.eus\/es\/wp-json\/wp\/v2\/comments?post=1782"}],"version-history":[{"count":1,"href":"https:\/\/urolake.eus\/es\/wp-json\/wp\/v2\/posts\/1782\/revisions"}],"predecessor-version":[{"id":2454,"href":"https:\/\/urolake.eus\/es\/wp-json\/wp\/v2\/posts\/1782\/revisions\/2454"}],"wp:featuredmedia":[{"embeddable":true,"href":"https:\/\/urolake.eus\/es\/wp-json\/wp\/v2\/media\/1781"}],"wp:attachment":[{"href":"https:\/\/urolake.eus\/es\/wp-json\/wp\/v2\/media?parent=1782"}],"wp:term":[{"taxonomy":"category","embeddable":true,"href":"https:\/\/urolake.eus\/es\/wp-json\/wp\/v2\/categories?post=1782"},{"taxonomy":"post_tag","embeddable":true,"href":"https:\/\/urolake.eus\/es\/wp-json\/wp\/v2\/tags?post=1782"}],"curies":[{"name":"wp","href":"https:\/\/api.w.org\/{rel}","templated":true}]}}