{"id":1889,"date":"2016-04-25T00:00:00","date_gmt":"2016-04-24T22:00:00","guid":{"rendered":"https:\/\/urolake.eus\/inaguracion-oficial-del-anexo-de-argixao-25-de-junio-2\/"},"modified":"2022-08-24T10:14:11","modified_gmt":"2022-08-24T08:14:11","slug":"inaguracion-oficial-del-anexo-de-argixao-25-de-junio-2","status":"publish","type":"post","link":"https:\/\/urolake.eus\/es\/inaguracion-oficial-del-anexo-de-argixao-25-de-junio-2\/","title":{"rendered":"INAGURACION OFICIAL DEL ANEXO DE ARGIXAO 25 DE JUNIO"},"content":{"rendered":"<p>    DV.  Se celebrar\u00e1 un \u00abgran d\u00eda de f\u00fatbol\u00bb en el que se disputar\u00e1n partidos de 20 minutos<br \/>\n    Los organizadores invitan a sumarse a quienes hayan jugado en el viejo campo de gravilla, entrenadores,exdirectivos&#8230;<br \/>\nEl recientemente renovado anexo de Argixao acoger\u00e1 el pr\u00f3ximo 25 de junio un \u00abgran d\u00eda de f\u00fatbol\u00bb con motivo de su inauguraci\u00f3n oficial. Los protagonistas de la jornada no ser\u00e1n otros que los veteranos del Urola, esos jugadores, entrenadores y exdirectivos del club amarillo que pasaron sus buenas horas en el viejo campo de gravilla. \u00abLa intenci\u00f3n es que acuda el mayor n\u00famero posible de personas que hayan jugado en el viejo campo. Hablamos de gente de entre 35 y 40 a\u00f1os hasta posiblemente cerca de los 70\u00bb, explic\u00f3 Mikel Serrano, en la presentaci\u00f3n del evento. El alcalde estuvo acompa\u00f1ado por Jon Alustiza, Valent\u00edn Tena, Valent\u00edn Barrena y Delf\u00edn Moreno, miembros de la comisi\u00f3n organizadora.DV<\/p>\n<p>Barrena explic\u00f3 que los partidos se disputar\u00e1n en el nuevo anexo, de las 11.00 a las 13.00 horas. \u00abSer\u00e1n partidos de F\u00fatbol -7 u 8-, que se disputar\u00e1n en dos tiempos de diez minutos cada uno. Asimismo, habr\u00e1 posibilidad de llevar a cabo algunos entrenamientos previos para aquellos cuya forma f\u00edsica no sea la \u00f3ptima\u00bb, dijo. Los interesados en tomar parte en la fiesta podr\u00e1n apuntarse hasta el 3 junio, bien en el estadio Argixao (Tfno. 943 720 312), bien en el polideportivo Ispilla (Tfno. 943 724 961). A quienes se apunten se les pedir\u00e1n algunos datos como la fecha de nacimiento, \u00abpara poder equilibrar los equipos\u00bb, y la talla, \u00abporque se dar\u00e1n camisetas\u00bb.<\/p>\n<p>Por su parte, Jon Alustiza, record\u00f3 que el Urola ha hecho \u00abun buen trabajo\u00bb con el f\u00fatbol femenino, por lo que anim\u00f3 \u00aba las chicas del Seirak y del Urola que hayan jugado en el campo de gravilla, a apuntarse. Despu\u00e9s ya se ver\u00e1 si juegan entre ellas o en partidos mixtos\u00bb, sostuvo.<\/p>\n<p>Valent\u00edn Tena anim\u00f3 a \u00abparticipar, a recordar los viejos tiempos, a contar an\u00e9cdotas&#8230; a pasar un buen d\u00eda\u00bb. Asimismo, invit\u00f3 al barrio de Argixao a acercarse a disfrutar de los partidos y a animar. Tambi\u00e9n adelant\u00f3 que al finalizar los encuentros de f\u00fatbol habr\u00e1 un lunch abierto al p\u00fablico en general, posiblemente una paellada.<\/p>\n<p>459.000 de presupuesto<\/p>\n<p>Los trabajos de adecuaci\u00f3n del anexo de Argixao han tenido un presupuesto de 459.000 euros, financiados a tercios entre la Diputaci\u00f3n Foral de Gipuzkoa, el Ayuntamiento de Zumarraga y la Federaci\u00f3n Guipuzcoana de F\u00fatbol. El ente foral otorg\u00f3 una subvenci\u00f3n de 163.108 euros y la Federaci\u00f3n ha aportado otros 150.000, mientras que el Ayuntamiento se ha hecho cargo del resto.<\/p>\n<p>Al presupuesto inicial se han sumado los 30.000 euros que cost\u00f3 el asfaltado de la cu\u00f1a de terreno destinada a la zona de entrenamiento de atletismo. Asimismo, hay que a\u00f1adir el coste de los vestuarios que se colocar\u00e1n en el anexo, que se han sacado a concurso por unos 70.000 euros. Est\u00e1 previsto que para el d\u00eda de la inauguraci\u00f3n ya est\u00e9n instalados.<\/p>\n","protected":false},"excerpt":{"rendered":"<p>Los protagonistas de la jornada no ser\u00e1n otros que los veteranos del Urola FOTO ARESTI<\/p>\n","protected":false},"author":1,"featured_media":1888,"comment_status":"closed","ping_status":"closed","sticky":false,"template":"","format":"standard","meta":{"_acf_changed":false,"footnotes":""},"categories":[6],"tags":[38],"class_list":["post-1889","post","type-post","status-publish","format-standard","has-post-thumbnail","hentry","category-noticias","tag-urola-ke-es-2"],"acf":[],"yoast_head":"<!-- This site is optimized with the Yoast SEO plugin v27.5 - https:\/\/yoast.com\/product\/yoast-seo-wordpress\/ -->\n<title>INAGURACION OFICIAL DEL ANEXO DE ARGIXAO 25 DE JUNIO - Urola K.E.<\/title>\n<meta name=\"robots\" content=\"index, follow, max-snippet:-1, max-image-preview:large, max-video-preview:-1\" \/>\n<link rel=\"canonical\" href=\"https:\/\/urolake.eus\/es\/inaguracion-oficial-del-anexo-de-argixao-25-de-junio-2\/\" \/>\n<meta property=\"og:locale\" content=\"es_ES\" \/>\n<meta property=\"og:type\" content=\"article\" \/>\n<meta property=\"og:title\" content=\"INAGURACION OFICIAL DEL ANEXO DE ARGIXAO 25 DE JUNIO - Urola K.E.\" \/>\n<meta property=\"og:description\" content=\"Los protagonistas de la jornada no ser\u00e1n otros que los veteranos del Urola FOTO ARESTI\" \/>\n<meta property=\"og:url\" content=\"https:\/\/urolake.eus\/es\/inaguracion-oficial-del-anexo-de-argixao-25-de-junio-2\/\" \/>\n<meta property=\"og:site_name\" content=\"Urola K.E.\" \/>\n<meta property=\"article:published_time\" content=\"2016-04-24T22:00:00+00:00\" \/>\n<meta property=\"article:modified_time\" content=\"2022-08-24T08:14:11+00:00\" \/>\n<meta property=\"og:image\" content=\"https:\/\/urolake.eus\/wp-content\/uploads\/2022\/07\/56732016040432964469168.jpg\" \/>\n\t<meta property=\"og:image:width\" content=\"520\" \/>\n\t<meta property=\"og:image:height\" content=\"219\" \/>\n\t<meta property=\"og:image:type\" content=\"image\/jpeg\" \/>\n<meta name=\"author\" content=\"kudeatzailea\" \/>\n<meta name=\"twitter:card\" content=\"summary_large_image\" \/>\n<meta name=\"twitter:label1\" content=\"Escrito por\" \/>\n\t<meta name=\"twitter:data1\" content=\"kudeatzailea\" \/>\n\t<meta name=\"twitter:label2\" content=\"Tiempo de lectura\" \/>\n\t<meta name=\"twitter:data2\" content=\"3 minutos\" \/>\n<script type=\"application\/ld+json\" class=\"yoast-schema-graph\">{\"@context\":\"https:\\\/\\\/schema.org\",\"@graph\":[{\"@type\":\"Article\",\"@id\":\"https:\\\/\\\/urolake.eus\\\/es\\\/inaguracion-oficial-del-anexo-de-argixao-25-de-junio-2\\\/#article\",\"isPartOf\":{\"@id\":\"https:\\\/\\\/urolake.eus\\\/es\\\/inaguracion-oficial-del-anexo-de-argixao-25-de-junio-2\\\/\"},\"author\":{\"name\":\"kudeatzailea\",\"@id\":\"https:\\\/\\\/urolake.eus\\\/es\\\/#\\\/schema\\\/person\\\/899b849d417733bd065eefb4edc60fa5\"},\"headline\":\"INAGURACION OFICIAL DEL ANEXO DE ARGIXAO 25 DE JUNIO\",\"datePublished\":\"2016-04-24T22:00:00+00:00\",\"dateModified\":\"2022-08-24T08:14:11+00:00\",\"mainEntityOfPage\":{\"@id\":\"https:\\\/\\\/urolake.eus\\\/es\\\/inaguracion-oficial-del-anexo-de-argixao-25-de-junio-2\\\/\"},\"wordCount\":530,\"publisher\":{\"@id\":\"https:\\\/\\\/urolake.eus\\\/es\\\/#organization\"},\"image\":{\"@id\":\"https:\\\/\\\/urolake.eus\\\/es\\\/inaguracion-oficial-del-anexo-de-argixao-25-de-junio-2\\\/#primaryimage\"},\"thumbnailUrl\":\"https:\\\/\\\/urolake.eus\\\/wp-content\\\/uploads\\\/2022\\\/07\\\/56732016040432964469168.jpg\",\"keywords\":[\"Urola KE\"],\"articleSection\":[\"Noticias\"],\"inLanguage\":\"es\"},{\"@type\":\"WebPage\",\"@id\":\"https:\\\/\\\/urolake.eus\\\/es\\\/inaguracion-oficial-del-anexo-de-argixao-25-de-junio-2\\\/\",\"url\":\"https:\\\/\\\/urolake.eus\\\/es\\\/inaguracion-oficial-del-anexo-de-argixao-25-de-junio-2\\\/\",\"name\":\"INAGURACION OFICIAL DEL ANEXO DE ARGIXAO 25 DE JUNIO - Urola K.E.\",\"isPartOf\":{\"@id\":\"https:\\\/\\\/urolake.eus\\\/es\\\/#website\"},\"primaryImageOfPage\":{\"@id\":\"https:\\\/\\\/urolake.eus\\\/es\\\/inaguracion-oficial-del-anexo-de-argixao-25-de-junio-2\\\/#primaryimage\"},\"image\":{\"@id\":\"https:\\\/\\\/urolake.eus\\\/es\\\/inaguracion-oficial-del-anexo-de-argixao-25-de-junio-2\\\/#primaryimage\"},\"thumbnailUrl\":\"https:\\\/\\\/urolake.eus\\\/wp-content\\\/uploads\\\/2022\\\/07\\\/56732016040432964469168.jpg\",\"datePublished\":\"2016-04-24T22:00:00+00:00\",\"dateModified\":\"2022-08-24T08:14:11+00:00\",\"breadcrumb\":{\"@id\":\"https:\\\/\\\/urolake.eus\\\/es\\\/inaguracion-oficial-del-anexo-de-argixao-25-de-junio-2\\\/#breadcrumb\"},\"inLanguage\":\"es\",\"potentialAction\":[{\"@type\":\"ReadAction\",\"target\":[\"https:\\\/\\\/urolake.eus\\\/es\\\/inaguracion-oficial-del-anexo-de-argixao-25-de-junio-2\\\/\"]}]},{\"@type\":\"ImageObject\",\"inLanguage\":\"es\",\"@id\":\"https:\\\/\\\/urolake.eus\\\/es\\\/inaguracion-oficial-del-anexo-de-argixao-25-de-junio-2\\\/#primaryimage\",\"url\":\"https:\\\/\\\/urolake.eus\\\/wp-content\\\/uploads\\\/2022\\\/07\\\/56732016040432964469168.jpg\",\"contentUrl\":\"https:\\\/\\\/urolake.eus\\\/wp-content\\\/uploads\\\/2022\\\/07\\\/56732016040432964469168.jpg\",\"width\":520,\"height\":219},{\"@type\":\"BreadcrumbList\",\"@id\":\"https:\\\/\\\/urolake.eus\\\/es\\\/inaguracion-oficial-del-anexo-de-argixao-25-de-junio-2\\\/#breadcrumb\",\"itemListElement\":[{\"@type\":\"ListItem\",\"position\":1,\"name\":\"Inicio\",\"item\":\"https:\\\/\\\/urolake.eus\\\/es\\\/\"},{\"@type\":\"ListItem\",\"position\":2,\"name\":\"Noticias\",\"item\":\"https:\\\/\\\/urolake.eus\\\/es\\\/noticias\\\/\"},{\"@type\":\"ListItem\",\"position\":3,\"name\":\"INAGURACION OFICIAL DEL ANEXO DE ARGIXAO 25 DE JUNIO\"}]},{\"@type\":\"WebSite\",\"@id\":\"https:\\\/\\\/urolake.eus\\\/es\\\/#website\",\"url\":\"https:\\\/\\\/urolake.eus\\\/es\\\/\",\"name\":\"Urola K.E.\",\"description\":\"\",\"publisher\":{\"@id\":\"https:\\\/\\\/urolake.eus\\\/es\\\/#organization\"},\"potentialAction\":[{\"@type\":\"SearchAction\",\"target\":{\"@type\":\"EntryPoint\",\"urlTemplate\":\"https:\\\/\\\/urolake.eus\\\/es\\\/?s={search_term_string}\"},\"query-input\":{\"@type\":\"PropertyValueSpecification\",\"valueRequired\":true,\"valueName\":\"search_term_string\"}}],\"inLanguage\":\"es\"},{\"@type\":\"Organization\",\"@id\":\"https:\\\/\\\/urolake.eus\\\/es\\\/#organization\",\"name\":\"Urola K.E.\",\"url\":\"https:\\\/\\\/urolake.eus\\\/es\\\/\",\"logo\":{\"@type\":\"ImageObject\",\"inLanguage\":\"es\",\"@id\":\"https:\\\/\\\/urolake.eus\\\/es\\\/#\\\/schema\\\/logo\\\/image\\\/\",\"url\":\"https:\\\/\\\/urolake.eus\\\/wp-content\\\/uploads\\\/2022\\\/08\\\/cropped-UrolaKEtxt2.png\",\"contentUrl\":\"https:\\\/\\\/urolake.eus\\\/wp-content\\\/uploads\\\/2022\\\/08\\\/cropped-UrolaKEtxt2.png\",\"width\":1000,\"height\":357,\"caption\":\"Urola K.E.\"},\"image\":{\"@id\":\"https:\\\/\\\/urolake.eus\\\/es\\\/#\\\/schema\\\/logo\\\/image\\\/\"}},{\"@type\":\"Person\",\"@id\":\"https:\\\/\\\/urolake.eus\\\/es\\\/#\\\/schema\\\/person\\\/899b849d417733bd065eefb4edc60fa5\",\"name\":\"kudeatzailea\",\"sameAs\":[\"https:\\\/\\\/urolake.eus\"]}]}<\/script>\n<!-- \/ Yoast SEO plugin. -->","yoast_head_json":{"title":"INAGURACION OFICIAL DEL ANEXO DE ARGIXAO 25 DE JUNIO - Urola K.E.","robots":{"index":"index","follow":"follow","max-snippet":"max-snippet:-1","max-image-preview":"max-image-preview:large","max-video-preview":"max-video-preview:-1"},"canonical":"https:\/\/urolake.eus\/es\/inaguracion-oficial-del-anexo-de-argixao-25-de-junio-2\/","og_locale":"es_ES","og_type":"article","og_title":"INAGURACION OFICIAL DEL ANEXO DE ARGIXAO 25 DE JUNIO - Urola K.E.","og_description":"Los protagonistas de la jornada no ser\u00e1n otros que los veteranos del Urola FOTO ARESTI","og_url":"https:\/\/urolake.eus\/es\/inaguracion-oficial-del-anexo-de-argixao-25-de-junio-2\/","og_site_name":"Urola K.E.","article_published_time":"2016-04-24T22:00:00+00:00","article_modified_time":"2022-08-24T08:14:11+00:00","og_image":[{"width":520,"height":219,"url":"https:\/\/urolake.eus\/wp-content\/uploads\/2022\/07\/56732016040432964469168.jpg","type":"image\/jpeg"}],"author":"kudeatzailea","twitter_card":"summary_large_image","twitter_misc":{"Escrito por":"kudeatzailea","Tiempo de lectura":"3 minutos"},"schema":{"@context":"https:\/\/schema.org","@graph":[{"@type":"Article","@id":"https:\/\/urolake.eus\/es\/inaguracion-oficial-del-anexo-de-argixao-25-de-junio-2\/#article","isPartOf":{"@id":"https:\/\/urolake.eus\/es\/inaguracion-oficial-del-anexo-de-argixao-25-de-junio-2\/"},"author":{"name":"kudeatzailea","@id":"https:\/\/urolake.eus\/es\/#\/schema\/person\/899b849d417733bd065eefb4edc60fa5"},"headline":"INAGURACION OFICIAL DEL ANEXO DE ARGIXAO 25 DE JUNIO","datePublished":"2016-04-24T22:00:00+00:00","dateModified":"2022-08-24T08:14:11+00:00","mainEntityOfPage":{"@id":"https:\/\/urolake.eus\/es\/inaguracion-oficial-del-anexo-de-argixao-25-de-junio-2\/"},"wordCount":530,"publisher":{"@id":"https:\/\/urolake.eus\/es\/#organization"},"image":{"@id":"https:\/\/urolake.eus\/es\/inaguracion-oficial-del-anexo-de-argixao-25-de-junio-2\/#primaryimage"},"thumbnailUrl":"https:\/\/urolake.eus\/wp-content\/uploads\/2022\/07\/56732016040432964469168.jpg","keywords":["Urola KE"],"articleSection":["Noticias"],"inLanguage":"es"},{"@type":"WebPage","@id":"https:\/\/urolake.eus\/es\/inaguracion-oficial-del-anexo-de-argixao-25-de-junio-2\/","url":"https:\/\/urolake.eus\/es\/inaguracion-oficial-del-anexo-de-argixao-25-de-junio-2\/","name":"INAGURACION OFICIAL DEL ANEXO DE ARGIXAO 25 DE JUNIO - Urola K.E.","isPartOf":{"@id":"https:\/\/urolake.eus\/es\/#website"},"primaryImageOfPage":{"@id":"https:\/\/urolake.eus\/es\/inaguracion-oficial-del-anexo-de-argixao-25-de-junio-2\/#primaryimage"},"image":{"@id":"https:\/\/urolake.eus\/es\/inaguracion-oficial-del-anexo-de-argixao-25-de-junio-2\/#primaryimage"},"thumbnailUrl":"https:\/\/urolake.eus\/wp-content\/uploads\/2022\/07\/56732016040432964469168.jpg","datePublished":"2016-04-24T22:00:00+00:00","dateModified":"2022-08-24T08:14:11+00:00","breadcrumb":{"@id":"https:\/\/urolake.eus\/es\/inaguracion-oficial-del-anexo-de-argixao-25-de-junio-2\/#breadcrumb"},"inLanguage":"es","potentialAction":[{"@type":"ReadAction","target":["https:\/\/urolake.eus\/es\/inaguracion-oficial-del-anexo-de-argixao-25-de-junio-2\/"]}]},{"@type":"ImageObject","inLanguage":"es","@id":"https:\/\/urolake.eus\/es\/inaguracion-oficial-del-anexo-de-argixao-25-de-junio-2\/#primaryimage","url":"https:\/\/urolake.eus\/wp-content\/uploads\/2022\/07\/56732016040432964469168.jpg","contentUrl":"https:\/\/urolake.eus\/wp-content\/uploads\/2022\/07\/56732016040432964469168.jpg","width":520,"height":219},{"@type":"BreadcrumbList","@id":"https:\/\/urolake.eus\/es\/inaguracion-oficial-del-anexo-de-argixao-25-de-junio-2\/#breadcrumb","itemListElement":[{"@type":"ListItem","position":1,"name":"Inicio","item":"https:\/\/urolake.eus\/es\/"},{"@type":"ListItem","position":2,"name":"Noticias","item":"https:\/\/urolake.eus\/es\/noticias\/"},{"@type":"ListItem","position":3,"name":"INAGURACION OFICIAL DEL ANEXO DE ARGIXAO 25 DE JUNIO"}]},{"@type":"WebSite","@id":"https:\/\/urolake.eus\/es\/#website","url":"https:\/\/urolake.eus\/es\/","name":"Urola K.E.","description":"","publisher":{"@id":"https:\/\/urolake.eus\/es\/#organization"},"potentialAction":[{"@type":"SearchAction","target":{"@type":"EntryPoint","urlTemplate":"https:\/\/urolake.eus\/es\/?s={search_term_string}"},"query-input":{"@type":"PropertyValueSpecification","valueRequired":true,"valueName":"search_term_string"}}],"inLanguage":"es"},{"@type":"Organization","@id":"https:\/\/urolake.eus\/es\/#organization","name":"Urola K.E.","url":"https:\/\/urolake.eus\/es\/","logo":{"@type":"ImageObject","inLanguage":"es","@id":"https:\/\/urolake.eus\/es\/#\/schema\/logo\/image\/","url":"https:\/\/urolake.eus\/wp-content\/uploads\/2022\/08\/cropped-UrolaKEtxt2.png","contentUrl":"https:\/\/urolake.eus\/wp-content\/uploads\/2022\/08\/cropped-UrolaKEtxt2.png","width":1000,"height":357,"caption":"Urola K.E."},"image":{"@id":"https:\/\/urolake.eus\/es\/#\/schema\/logo\/image\/"}},{"@type":"Person","@id":"https:\/\/urolake.eus\/es\/#\/schema\/person\/899b849d417733bd065eefb4edc60fa5","name":"kudeatzailea","sameAs":["https:\/\/urolake.eus"]}]}},"_links":{"self":[{"href":"https:\/\/urolake.eus\/es\/wp-json\/wp\/v2\/posts\/1889","targetHints":{"allow":["GET"]}}],"collection":[{"href":"https:\/\/urolake.eus\/es\/wp-json\/wp\/v2\/posts"}],"about":[{"href":"https:\/\/urolake.eus\/es\/wp-json\/wp\/v2\/types\/post"}],"author":[{"embeddable":true,"href":"https:\/\/urolake.eus\/es\/wp-json\/wp\/v2\/users\/1"}],"replies":[{"embeddable":true,"href":"https:\/\/urolake.eus\/es\/wp-json\/wp\/v2\/comments?post=1889"}],"version-history":[{"count":1,"href":"https:\/\/urolake.eus\/es\/wp-json\/wp\/v2\/posts\/1889\/revisions"}],"predecessor-version":[{"id":2390,"href":"https:\/\/urolake.eus\/es\/wp-json\/wp\/v2\/posts\/1889\/revisions\/2390"}],"wp:featuredmedia":[{"embeddable":true,"href":"https:\/\/urolake.eus\/es\/wp-json\/wp\/v2\/media\/1888"}],"wp:attachment":[{"href":"https:\/\/urolake.eus\/es\/wp-json\/wp\/v2\/media?parent=1889"}],"wp:term":[{"taxonomy":"category","embeddable":true,"href":"https:\/\/urolake.eus\/es\/wp-json\/wp\/v2\/categories?post=1889"},{"taxonomy":"post_tag","embeddable":true,"href":"https:\/\/urolake.eus\/es\/wp-json\/wp\/v2\/tags?post=1889"}],"curies":[{"name":"wp","href":"https:\/\/api.w.org\/{rel}","templated":true}]}}