{"id":1946,"date":"2016-07-12T00:00:00","date_gmt":"2016-07-11T22:00:00","guid":{"rendered":"https:\/\/urolake.eus\/convocatoria-de-asamblea-general-ordinaria-y-extraordinaria-2\/"},"modified":"2022-08-24T10:13:49","modified_gmt":"2022-08-24T08:13:49","slug":"convocatoria-de-asamblea-general-ordinaria-y-extraordinaria-2-2","status":"publish","type":"post","link":"https:\/\/urolake.eus\/es\/convocatoria-de-asamblea-general-ordinaria-y-extraordinaria-2-2\/","title":{"rendered":"CONVOCATORIA DE ASAMBLEA GENERAL ORDINARIA Y EXTRAORDINARIA"},"content":{"rendered":"<p>CONVOCATORIA DE ASAMBLEA GENERAL ORDINARIA Y EXTRAORDINARIA<\/p>\n<p>La Junta Directiva de la S. D. UROLA K. E. de futbol convoca a todos los socios del Club, a la Asamblea General Ordinaria y Extraordinaria que tendr\u00e1n lugar (una a continuaci\u00f3n de la otra), en primera convocatoria, a las 18:00 horas del d\u00eda 15 de Julio de 2016 y, en segunda convocatoria, a las 18:30 horas del mismo d\u00eda, en La Casa Torre Legazpi de Zum\u00e1rraga<\/p>\n<p>Orden del d\u00eda:<\/p>\n<p>ASAMBLEA ORDINARIA:<br \/>\n1. Lectura y aprobaci\u00f3n del acta de la asamblea general ordinaria de fecha 10 Julio de 2015<br \/>\n2. Presentaci\u00f3n y aprobaci\u00f3n de las cuentas de ejercicio 2015 \/ 2016<br \/>\n3. Balance deportivo temporada 2015 \/ 2016<br \/>\n4. Ruegos y preguntas.<\/p>\n<p>ASAMBLEA EXTRAORDINARIA:<br \/>\n1. Presentaci\u00f3n de las candidaturas para la formaci\u00f3n de la nueva junta directiva.<br \/>\n2. Votaci\u00f3n, caso de que se presentara m\u00e1s de una candidatura, para la elecci\u00f3n de la candidatura.<br \/>\n3. Nombramiento y aceptaci\u00f3n de los cargos, por parte de los integrantes de la nueva junta directiva.<\/p>\n<p>Zum\u00e1rraga, 13 de Junio de 2016<\/p>\n","protected":false},"excerpt":{"rendered":"<p>Convocatoria, a las 18:00 horas del d\u00eda 15 de Julio de 2016 y, en segunda convocatoria, a las 18:30 horas del mismo d\u00eda, en La Casa Torre Legazpi de Zum\u00e1rraga <\/p>\n","protected":false},"author":1,"featured_media":1945,"comment_status":"closed","ping_status":"closed","sticky":false,"template":"","format":"standard","meta":{"_acf_changed":false,"footnotes":""},"categories":[6],"tags":[38],"class_list":["post-1946","post","type-post","status-publish","format-standard","has-post-thumbnail","hentry","category-noticias","tag-urola-ke-es-2"],"acf":[],"yoast_head":"<!-- This site is optimized with the Yoast SEO plugin v27.5 - https:\/\/yoast.com\/product\/yoast-seo-wordpress\/ -->\n<title>CONVOCATORIA DE ASAMBLEA GENERAL ORDINARIA Y EXTRAORDINARIA - Urola K.E.<\/title>\n<meta name=\"robots\" content=\"index, follow, max-snippet:-1, max-image-preview:large, max-video-preview:-1\" \/>\n<link rel=\"canonical\" href=\"https:\/\/urolake.eus\/es\/convocatoria-de-asamblea-general-ordinaria-y-extraordinaria-2-2\/\" \/>\n<meta property=\"og:locale\" content=\"es_ES\" \/>\n<meta property=\"og:type\" content=\"article\" \/>\n<meta property=\"og:title\" content=\"CONVOCATORIA DE ASAMBLEA GENERAL ORDINARIA Y EXTRAORDINARIA - Urola K.E.\" \/>\n<meta property=\"og:description\" content=\"Convocatoria, a las 18:00 horas del d\u00eda 15 de Julio de 2016 y, en segunda convocatoria, a las 18:30 horas del mismo d\u00eda, en La Casa Torre Legazpi de Zum\u00e1rraga\" \/>\n<meta property=\"og:url\" content=\"https:\/\/urolake.eus\/es\/convocatoria-de-asamblea-general-ordinaria-y-extraordinaria-2-2\/\" \/>\n<meta property=\"og:site_name\" content=\"Urola K.E.\" \/>\n<meta property=\"article:published_time\" content=\"2016-07-11T22:00:00+00:00\" \/>\n<meta property=\"article:modified_time\" content=\"2022-08-24T08:13:49+00:00\" \/>\n<meta property=\"og:image\" content=\"https:\/\/urolake.eus\/wp-content\/uploads\/2022\/07\/17712016070742489231970.jpg\" \/>\n\t<meta property=\"og:image:width\" content=\"1032\" \/>\n\t<meta property=\"og:image:height\" content=\"784\" \/>\n\t<meta property=\"og:image:type\" content=\"image\/jpeg\" \/>\n<meta name=\"author\" content=\"kudeatzailea\" \/>\n<meta name=\"twitter:card\" content=\"summary_large_image\" \/>\n<meta name=\"twitter:label1\" content=\"Escrito por\" \/>\n\t<meta name=\"twitter:data1\" content=\"kudeatzailea\" \/>\n\t<meta name=\"twitter:label2\" content=\"Tiempo de lectura\" \/>\n\t<meta name=\"twitter:data2\" content=\"1 minuto\" \/>\n<script type=\"application\/ld+json\" class=\"yoast-schema-graph\">{\"@context\":\"https:\\\/\\\/schema.org\",\"@graph\":[{\"@type\":\"Article\",\"@id\":\"https:\\\/\\\/urolake.eus\\\/es\\\/convocatoria-de-asamblea-general-ordinaria-y-extraordinaria-2-2\\\/#article\",\"isPartOf\":{\"@id\":\"https:\\\/\\\/urolake.eus\\\/es\\\/convocatoria-de-asamblea-general-ordinaria-y-extraordinaria-2-2\\\/\"},\"author\":{\"name\":\"kudeatzailea\",\"@id\":\"https:\\\/\\\/urolake.eus\\\/es\\\/#\\\/schema\\\/person\\\/899b849d417733bd065eefb4edc60fa5\"},\"headline\":\"CONVOCATORIA DE ASAMBLEA GENERAL ORDINARIA Y EXTRAORDINARIA\",\"datePublished\":\"2016-07-11T22:00:00+00:00\",\"dateModified\":\"2022-08-24T08:13:49+00:00\",\"mainEntityOfPage\":{\"@id\":\"https:\\\/\\\/urolake.eus\\\/es\\\/convocatoria-de-asamblea-general-ordinaria-y-extraordinaria-2-2\\\/\"},\"wordCount\":176,\"publisher\":{\"@id\":\"https:\\\/\\\/urolake.eus\\\/es\\\/#organization\"},\"image\":{\"@id\":\"https:\\\/\\\/urolake.eus\\\/es\\\/convocatoria-de-asamblea-general-ordinaria-y-extraordinaria-2-2\\\/#primaryimage\"},\"thumbnailUrl\":\"https:\\\/\\\/urolake.eus\\\/wp-content\\\/uploads\\\/2022\\\/07\\\/17712016070742489231970.jpg\",\"keywords\":[\"Urola KE\"],\"articleSection\":[\"Noticias\"],\"inLanguage\":\"es\"},{\"@type\":\"WebPage\",\"@id\":\"https:\\\/\\\/urolake.eus\\\/es\\\/convocatoria-de-asamblea-general-ordinaria-y-extraordinaria-2-2\\\/\",\"url\":\"https:\\\/\\\/urolake.eus\\\/es\\\/convocatoria-de-asamblea-general-ordinaria-y-extraordinaria-2-2\\\/\",\"name\":\"CONVOCATORIA DE ASAMBLEA GENERAL ORDINARIA Y EXTRAORDINARIA - Urola K.E.\",\"isPartOf\":{\"@id\":\"https:\\\/\\\/urolake.eus\\\/es\\\/#website\"},\"primaryImageOfPage\":{\"@id\":\"https:\\\/\\\/urolake.eus\\\/es\\\/convocatoria-de-asamblea-general-ordinaria-y-extraordinaria-2-2\\\/#primaryimage\"},\"image\":{\"@id\":\"https:\\\/\\\/urolake.eus\\\/es\\\/convocatoria-de-asamblea-general-ordinaria-y-extraordinaria-2-2\\\/#primaryimage\"},\"thumbnailUrl\":\"https:\\\/\\\/urolake.eus\\\/wp-content\\\/uploads\\\/2022\\\/07\\\/17712016070742489231970.jpg\",\"datePublished\":\"2016-07-11T22:00:00+00:00\",\"dateModified\":\"2022-08-24T08:13:49+00:00\",\"breadcrumb\":{\"@id\":\"https:\\\/\\\/urolake.eus\\\/es\\\/convocatoria-de-asamblea-general-ordinaria-y-extraordinaria-2-2\\\/#breadcrumb\"},\"inLanguage\":\"es\",\"potentialAction\":[{\"@type\":\"ReadAction\",\"target\":[\"https:\\\/\\\/urolake.eus\\\/es\\\/convocatoria-de-asamblea-general-ordinaria-y-extraordinaria-2-2\\\/\"]}]},{\"@type\":\"ImageObject\",\"inLanguage\":\"es\",\"@id\":\"https:\\\/\\\/urolake.eus\\\/es\\\/convocatoria-de-asamblea-general-ordinaria-y-extraordinaria-2-2\\\/#primaryimage\",\"url\":\"https:\\\/\\\/urolake.eus\\\/wp-content\\\/uploads\\\/2022\\\/07\\\/17712016070742489231970.jpg\",\"contentUrl\":\"https:\\\/\\\/urolake.eus\\\/wp-content\\\/uploads\\\/2022\\\/07\\\/17712016070742489231970.jpg\",\"width\":1032,\"height\":784},{\"@type\":\"BreadcrumbList\",\"@id\":\"https:\\\/\\\/urolake.eus\\\/es\\\/convocatoria-de-asamblea-general-ordinaria-y-extraordinaria-2-2\\\/#breadcrumb\",\"itemListElement\":[{\"@type\":\"ListItem\",\"position\":1,\"name\":\"Inicio\",\"item\":\"https:\\\/\\\/urolake.eus\\\/es\\\/\"},{\"@type\":\"ListItem\",\"position\":2,\"name\":\"Noticias\",\"item\":\"https:\\\/\\\/urolake.eus\\\/es\\\/noticias\\\/\"},{\"@type\":\"ListItem\",\"position\":3,\"name\":\"CONVOCATORIA DE ASAMBLEA GENERAL ORDINARIA Y EXTRAORDINARIA\"}]},{\"@type\":\"WebSite\",\"@id\":\"https:\\\/\\\/urolake.eus\\\/es\\\/#website\",\"url\":\"https:\\\/\\\/urolake.eus\\\/es\\\/\",\"name\":\"Urola K.E.\",\"description\":\"\",\"publisher\":{\"@id\":\"https:\\\/\\\/urolake.eus\\\/es\\\/#organization\"},\"potentialAction\":[{\"@type\":\"SearchAction\",\"target\":{\"@type\":\"EntryPoint\",\"urlTemplate\":\"https:\\\/\\\/urolake.eus\\\/es\\\/?s={search_term_string}\"},\"query-input\":{\"@type\":\"PropertyValueSpecification\",\"valueRequired\":true,\"valueName\":\"search_term_string\"}}],\"inLanguage\":\"es\"},{\"@type\":\"Organization\",\"@id\":\"https:\\\/\\\/urolake.eus\\\/es\\\/#organization\",\"name\":\"Urola K.E.\",\"url\":\"https:\\\/\\\/urolake.eus\\\/es\\\/\",\"logo\":{\"@type\":\"ImageObject\",\"inLanguage\":\"es\",\"@id\":\"https:\\\/\\\/urolake.eus\\\/es\\\/#\\\/schema\\\/logo\\\/image\\\/\",\"url\":\"https:\\\/\\\/urolake.eus\\\/wp-content\\\/uploads\\\/2022\\\/08\\\/cropped-UrolaKEtxt2.png\",\"contentUrl\":\"https:\\\/\\\/urolake.eus\\\/wp-content\\\/uploads\\\/2022\\\/08\\\/cropped-UrolaKEtxt2.png\",\"width\":1000,\"height\":357,\"caption\":\"Urola K.E.\"},\"image\":{\"@id\":\"https:\\\/\\\/urolake.eus\\\/es\\\/#\\\/schema\\\/logo\\\/image\\\/\"}},{\"@type\":\"Person\",\"@id\":\"https:\\\/\\\/urolake.eus\\\/es\\\/#\\\/schema\\\/person\\\/899b849d417733bd065eefb4edc60fa5\",\"name\":\"kudeatzailea\",\"sameAs\":[\"https:\\\/\\\/urolake.eus\"]}]}<\/script>\n<!-- \/ Yoast SEO plugin. -->","yoast_head_json":{"title":"CONVOCATORIA DE ASAMBLEA GENERAL ORDINARIA Y EXTRAORDINARIA - Urola K.E.","robots":{"index":"index","follow":"follow","max-snippet":"max-snippet:-1","max-image-preview":"max-image-preview:large","max-video-preview":"max-video-preview:-1"},"canonical":"https:\/\/urolake.eus\/es\/convocatoria-de-asamblea-general-ordinaria-y-extraordinaria-2-2\/","og_locale":"es_ES","og_type":"article","og_title":"CONVOCATORIA DE ASAMBLEA GENERAL ORDINARIA Y EXTRAORDINARIA - Urola K.E.","og_description":"Convocatoria, a las 18:00 horas del d\u00eda 15 de Julio de 2016 y, en segunda convocatoria, a las 18:30 horas del mismo d\u00eda, en La Casa Torre Legazpi de Zum\u00e1rraga","og_url":"https:\/\/urolake.eus\/es\/convocatoria-de-asamblea-general-ordinaria-y-extraordinaria-2-2\/","og_site_name":"Urola K.E.","article_published_time":"2016-07-11T22:00:00+00:00","article_modified_time":"2022-08-24T08:13:49+00:00","og_image":[{"width":1032,"height":784,"url":"https:\/\/urolake.eus\/wp-content\/uploads\/2022\/07\/17712016070742489231970.jpg","type":"image\/jpeg"}],"author":"kudeatzailea","twitter_card":"summary_large_image","twitter_misc":{"Escrito por":"kudeatzailea","Tiempo de lectura":"1 minuto"},"schema":{"@context":"https:\/\/schema.org","@graph":[{"@type":"Article","@id":"https:\/\/urolake.eus\/es\/convocatoria-de-asamblea-general-ordinaria-y-extraordinaria-2-2\/#article","isPartOf":{"@id":"https:\/\/urolake.eus\/es\/convocatoria-de-asamblea-general-ordinaria-y-extraordinaria-2-2\/"},"author":{"name":"kudeatzailea","@id":"https:\/\/urolake.eus\/es\/#\/schema\/person\/899b849d417733bd065eefb4edc60fa5"},"headline":"CONVOCATORIA DE ASAMBLEA GENERAL ORDINARIA Y EXTRAORDINARIA","datePublished":"2016-07-11T22:00:00+00:00","dateModified":"2022-08-24T08:13:49+00:00","mainEntityOfPage":{"@id":"https:\/\/urolake.eus\/es\/convocatoria-de-asamblea-general-ordinaria-y-extraordinaria-2-2\/"},"wordCount":176,"publisher":{"@id":"https:\/\/urolake.eus\/es\/#organization"},"image":{"@id":"https:\/\/urolake.eus\/es\/convocatoria-de-asamblea-general-ordinaria-y-extraordinaria-2-2\/#primaryimage"},"thumbnailUrl":"https:\/\/urolake.eus\/wp-content\/uploads\/2022\/07\/17712016070742489231970.jpg","keywords":["Urola KE"],"articleSection":["Noticias"],"inLanguage":"es"},{"@type":"WebPage","@id":"https:\/\/urolake.eus\/es\/convocatoria-de-asamblea-general-ordinaria-y-extraordinaria-2-2\/","url":"https:\/\/urolake.eus\/es\/convocatoria-de-asamblea-general-ordinaria-y-extraordinaria-2-2\/","name":"CONVOCATORIA DE ASAMBLEA GENERAL ORDINARIA Y EXTRAORDINARIA - Urola K.E.","isPartOf":{"@id":"https:\/\/urolake.eus\/es\/#website"},"primaryImageOfPage":{"@id":"https:\/\/urolake.eus\/es\/convocatoria-de-asamblea-general-ordinaria-y-extraordinaria-2-2\/#primaryimage"},"image":{"@id":"https:\/\/urolake.eus\/es\/convocatoria-de-asamblea-general-ordinaria-y-extraordinaria-2-2\/#primaryimage"},"thumbnailUrl":"https:\/\/urolake.eus\/wp-content\/uploads\/2022\/07\/17712016070742489231970.jpg","datePublished":"2016-07-11T22:00:00+00:00","dateModified":"2022-08-24T08:13:49+00:00","breadcrumb":{"@id":"https:\/\/urolake.eus\/es\/convocatoria-de-asamblea-general-ordinaria-y-extraordinaria-2-2\/#breadcrumb"},"inLanguage":"es","potentialAction":[{"@type":"ReadAction","target":["https:\/\/urolake.eus\/es\/convocatoria-de-asamblea-general-ordinaria-y-extraordinaria-2-2\/"]}]},{"@type":"ImageObject","inLanguage":"es","@id":"https:\/\/urolake.eus\/es\/convocatoria-de-asamblea-general-ordinaria-y-extraordinaria-2-2\/#primaryimage","url":"https:\/\/urolake.eus\/wp-content\/uploads\/2022\/07\/17712016070742489231970.jpg","contentUrl":"https:\/\/urolake.eus\/wp-content\/uploads\/2022\/07\/17712016070742489231970.jpg","width":1032,"height":784},{"@type":"BreadcrumbList","@id":"https:\/\/urolake.eus\/es\/convocatoria-de-asamblea-general-ordinaria-y-extraordinaria-2-2\/#breadcrumb","itemListElement":[{"@type":"ListItem","position":1,"name":"Inicio","item":"https:\/\/urolake.eus\/es\/"},{"@type":"ListItem","position":2,"name":"Noticias","item":"https:\/\/urolake.eus\/es\/noticias\/"},{"@type":"ListItem","position":3,"name":"CONVOCATORIA DE ASAMBLEA GENERAL ORDINARIA Y EXTRAORDINARIA"}]},{"@type":"WebSite","@id":"https:\/\/urolake.eus\/es\/#website","url":"https:\/\/urolake.eus\/es\/","name":"Urola K.E.","description":"","publisher":{"@id":"https:\/\/urolake.eus\/es\/#organization"},"potentialAction":[{"@type":"SearchAction","target":{"@type":"EntryPoint","urlTemplate":"https:\/\/urolake.eus\/es\/?s={search_term_string}"},"query-input":{"@type":"PropertyValueSpecification","valueRequired":true,"valueName":"search_term_string"}}],"inLanguage":"es"},{"@type":"Organization","@id":"https:\/\/urolake.eus\/es\/#organization","name":"Urola K.E.","url":"https:\/\/urolake.eus\/es\/","logo":{"@type":"ImageObject","inLanguage":"es","@id":"https:\/\/urolake.eus\/es\/#\/schema\/logo\/image\/","url":"https:\/\/urolake.eus\/wp-content\/uploads\/2022\/08\/cropped-UrolaKEtxt2.png","contentUrl":"https:\/\/urolake.eus\/wp-content\/uploads\/2022\/08\/cropped-UrolaKEtxt2.png","width":1000,"height":357,"caption":"Urola K.E."},"image":{"@id":"https:\/\/urolake.eus\/es\/#\/schema\/logo\/image\/"}},{"@type":"Person","@id":"https:\/\/urolake.eus\/es\/#\/schema\/person\/899b849d417733bd065eefb4edc60fa5","name":"kudeatzailea","sameAs":["https:\/\/urolake.eus"]}]}},"_links":{"self":[{"href":"https:\/\/urolake.eus\/es\/wp-json\/wp\/v2\/posts\/1946","targetHints":{"allow":["GET"]}}],"collection":[{"href":"https:\/\/urolake.eus\/es\/wp-json\/wp\/v2\/posts"}],"about":[{"href":"https:\/\/urolake.eus\/es\/wp-json\/wp\/v2\/types\/post"}],"author":[{"embeddable":true,"href":"https:\/\/urolake.eus\/es\/wp-json\/wp\/v2\/users\/1"}],"replies":[{"embeddable":true,"href":"https:\/\/urolake.eus\/es\/wp-json\/wp\/v2\/comments?post=1946"}],"version-history":[{"count":1,"href":"https:\/\/urolake.eus\/es\/wp-json\/wp\/v2\/posts\/1946\/revisions"}],"predecessor-version":[{"id":2358,"href":"https:\/\/urolake.eus\/es\/wp-json\/wp\/v2\/posts\/1946\/revisions\/2358"}],"wp:featuredmedia":[{"embeddable":true,"href":"https:\/\/urolake.eus\/es\/wp-json\/wp\/v2\/media\/1945"}],"wp:attachment":[{"href":"https:\/\/urolake.eus\/es\/wp-json\/wp\/v2\/media?parent=1946"}],"wp:term":[{"taxonomy":"category","embeddable":true,"href":"https:\/\/urolake.eus\/es\/wp-json\/wp\/v2\/categories?post=1946"},{"taxonomy":"post_tag","embeddable":true,"href":"https:\/\/urolake.eus\/es\/wp-json\/wp\/v2\/tags?post=1946"}],"curies":[{"name":"wp","href":"https:\/\/api.w.org\/{rel}","templated":true}]}}