{"id":4038,"date":"2023-10-06T19:05:29","date_gmt":"2023-10-06T17:05:29","guid":{"rendered":"https:\/\/urolake.eus\/inaki-mendiluce-formakuntza-gelaren-inaugurazioa\/"},"modified":"2024-02-16T19:31:52","modified_gmt":"2024-02-16T17:31:52","slug":"inaki-mendiluce-formakuntza-gelaren-inaugurazioa","status":"publish","type":"post","link":"https:\/\/urolake.eus\/es\/inaki-mendiluce-formakuntza-gelaren-inaugurazioa\/","title":{"rendered":"Inauguraci\u00f3n de la sala de formaci\u00f3n I\u00f1aki Mendiluce"},"content":{"rendered":"<p><span style=\"font-weight: 400;\">Tras la obras acometidas este verano, el estadio de Argixao cuenta con una aula de formaci\u00f3n que llevar\u00e1 el nombre de I\u00f1aki Mendiluce y que ofrecer\u00e1 servicio no solo a la Sociedad Deportiva Urola, sino tambi\u00e9n al resto de clubes deportivos de Zumarraga y Urretxu.<\/span><\/p>\n<p><span style=\"font-weight: 400;\">Los trabajos han consistido en una renovaci\u00f3n integral del edificio antiguo, que daba cabida tanto las oficinas del Urola como a los aseos p\u00fablicos. La nueva infraestructura cuenta con cinco espacios: el aula de formaci\u00f3n para 33 personas, una sala de fisioterapia y otra de ejercicios de recuperaci\u00f3n, y los despachos del Urola y del conserje de la instalaci\u00f3n.\u00a0<\/span><span style=\"font-weight: 400;\">Se trata de un edificio pr\u00e1ctico que cubrir\u00e1 las necesidades tanto del Urola como de otras modalidades deportivas. Por otra parte se ha instalado un m\u00f3dulo contiguo que albergar\u00e1 los nuevos aseos.\u00a0<\/span><\/p>\n<p><span style=\"font-weight: 400;\">La inauguraci\u00f3n del centro tuvo lugar el pasado 30 de septiembre y en el acto participaron el presidente del Urola Jotxin Iturbe, el alcalde de Zumarraga Mikel Serrano y la diputada foral de Cultura, Cooperaci\u00f3n, Juventud y Deportes Goizane Alvarez. Entre las personas invitadas estaban el alcalde de Urretxu Jon Luqui, concejales de ambos ayuntamientos, la familia Mendiluce y representantes de los clubes deportivos de Urretxu y Zumarraga.\u00a0<\/span><\/p>\n<p><a href=\"https:\/\/www.youtube.com\/watch?v=uH70Obw81Hk&amp;t=40s\">V\u00eddeo sobre el nuevo edificio<\/a><\/p>\n<p><a href=\"https:\/\/www.youtube.com\/watch?v=kmk-iShi7NQ&amp;t=931s\">V\u00eddeo del acto de inauguraci\u00f3n<\/a><\/p>\n<img loading=\"lazy\" decoding=\"async\" class=\"alignnone size-medium wp-image-4035\" src=\"https:\/\/urolake.eus\/wp-content\/uploads\/2024\/02\/20230930_121400-300x225.jpg\" alt=\"\" width=\"300\" height=\"225\" srcset=\"https:\/\/urolake.eus\/wp-content\/uploads\/2024\/02\/20230930_121400-300x225.jpg 300w, https:\/\/urolake.eus\/wp-content\/uploads\/2024\/02\/20230930_121400-1024x768.jpg 1024w, https:\/\/urolake.eus\/wp-content\/uploads\/2024\/02\/20230930_121400-768x576.jpg 768w, https:\/\/urolake.eus\/wp-content\/uploads\/2024\/02\/20230930_121400-1536x1152.jpg 1536w, https:\/\/urolake.eus\/wp-content\/uploads\/2024\/02\/20230930_121400-2048x1536.jpg 2048w\" sizes=\"auto, (max-width: 300px) 100vw, 300px\" \/>\u00a0 \u00a0 \u00a0 \u00a0 <img loading=\"lazy\" decoding=\"async\" class=\"alignnone size-medium wp-image-4050\" src=\"https:\/\/urolake.eus\/wp-content\/uploads\/2023\/10\/20231111_125038-300x225.jpg\" alt=\"\" width=\"300\" height=\"225\" srcset=\"https:\/\/urolake.eus\/wp-content\/uploads\/2023\/10\/20231111_125038-300x225.jpg 300w, https:\/\/urolake.eus\/wp-content\/uploads\/2023\/10\/20231111_125038-1024x768.jpg 1024w, https:\/\/urolake.eus\/wp-content\/uploads\/2023\/10\/20231111_125038-768x576.jpg 768w, https:\/\/urolake.eus\/wp-content\/uploads\/2023\/10\/20231111_125038-1536x1152.jpg 1536w, https:\/\/urolake.eus\/wp-content\/uploads\/2023\/10\/20231111_125038-2048x1536.jpg 2048w\" sizes=\"auto, (max-width: 300px) 100vw, 300px\" \/>\n<img loading=\"lazy\" decoding=\"async\" class=\"alignnone size-medium wp-image-4031\" src=\"https:\/\/urolake.eus\/wp-content\/uploads\/2024\/02\/20230930_120556-300x225.jpg\" alt=\"\" width=\"300\" height=\"225\" srcset=\"https:\/\/urolake.eus\/wp-content\/uploads\/2024\/02\/20230930_120556-300x225.jpg 300w, https:\/\/urolake.eus\/wp-content\/uploads\/2024\/02\/20230930_120556-1024x768.jpg 1024w, https:\/\/urolake.eus\/wp-content\/uploads\/2024\/02\/20230930_120556-768x576.jpg 768w, https:\/\/urolake.eus\/wp-content\/uploads\/2024\/02\/20230930_120556-1536x1152.jpg 1536w, https:\/\/urolake.eus\/wp-content\/uploads\/2024\/02\/20230930_120556-2048x1536.jpg 2048w\" sizes=\"auto, (max-width: 300px) 100vw, 300px\" \/>\u00a0 \u00a0 \u00a0 \u00a0 <img loading=\"lazy\" decoding=\"async\" class=\"alignnone size-medium wp-image-4044\" src=\"https:\/\/urolake.eus\/wp-content\/uploads\/2023\/10\/20230930_115221-300x225.jpg\" alt=\"\" width=\"300\" height=\"225\" srcset=\"https:\/\/urolake.eus\/wp-content\/uploads\/2023\/10\/20230930_115221-300x225.jpg 300w, https:\/\/urolake.eus\/wp-content\/uploads\/2023\/10\/20230930_115221-1024x768.jpg 1024w, https:\/\/urolake.eus\/wp-content\/uploads\/2023\/10\/20230930_115221-768x576.jpg 768w, https:\/\/urolake.eus\/wp-content\/uploads\/2023\/10\/20230930_115221-1536x1152.jpg 1536w, https:\/\/urolake.eus\/wp-content\/uploads\/2023\/10\/20230930_115221-2048x1536.jpg 2048w\" sizes=\"auto, (max-width: 300px) 100vw, 300px\" \/>\n<img loading=\"lazy\" decoding=\"async\" class=\"alignnone size-medium wp-image-4048\" src=\"https:\/\/urolake.eus\/wp-content\/uploads\/2023\/10\/20231008_141603-300x225.jpg\" alt=\"\" width=\"300\" height=\"225\" srcset=\"https:\/\/urolake.eus\/wp-content\/uploads\/2023\/10\/20231008_141603-300x225.jpg 300w, https:\/\/urolake.eus\/wp-content\/uploads\/2023\/10\/20231008_141603-1024x768.jpg 1024w, https:\/\/urolake.eus\/wp-content\/uploads\/2023\/10\/20231008_141603-768x576.jpg 768w, https:\/\/urolake.eus\/wp-content\/uploads\/2023\/10\/20231008_141603-1536x1152.jpg 1536w, https:\/\/urolake.eus\/wp-content\/uploads\/2023\/10\/20231008_141603-2048x1536.jpg 2048w\" sizes=\"auto, (max-width: 300px) 100vw, 300px\" \/>\u00a0 \u00a0 \u00a0 \u00a0 <img loading=\"lazy\" decoding=\"async\" class=\"alignnone size-medium wp-image-4046\" src=\"https:\/\/urolake.eus\/wp-content\/uploads\/2023\/10\/20231008_141530-300x225.jpg\" alt=\"\" width=\"300\" height=\"225\" srcset=\"https:\/\/urolake.eus\/wp-content\/uploads\/2023\/10\/20231008_141530-300x225.jpg 300w, https:\/\/urolake.eus\/wp-content\/uploads\/2023\/10\/20231008_141530-1024x768.jpg 1024w, https:\/\/urolake.eus\/wp-content\/uploads\/2023\/10\/20231008_141530-768x576.jpg 768w, https:\/\/urolake.eus\/wp-content\/uploads\/2023\/10\/20231008_141530-1536x1152.jpg 1536w, https:\/\/urolake.eus\/wp-content\/uploads\/2023\/10\/20231008_141530-2048x1536.jpg 2048w\" sizes=\"auto, (max-width: 300px) 100vw, 300px\" \/>\n","protected":false},"excerpt":{"rendered":"<p>Tras la obras acometidas este verano, el estadio de Argixao cuenta con una aula de formaci\u00f3n que llevar\u00e1 el nombre de I\u00f1aki Mendiluce y que ofrecer\u00e1 servicio no solo a la Sociedad Deportiva Urola, sino tambi\u00e9n al resto de clubes deportivos de Zumarraga y Urretxu. Los trabajos han consistido en una renovaci\u00f3n integral del edificio [&hellip;]<\/p>\n","protected":false},"author":2,"featured_media":4034,"comment_status":"closed","ping_status":"closed","sticky":false,"template":"","format":"standard","meta":{"_acf_changed":false,"footnotes":""},"categories":[6],"tags":[],"class_list":["post-4038","post","type-post","status-publish","format-standard","has-post-thumbnail","hentry","category-noticias"],"acf":[],"yoast_head":"<!-- This site is optimized with the Yoast SEO plugin v27.5 - https:\/\/yoast.com\/product\/yoast-seo-wordpress\/ -->\n<title>Inauguraci\u00f3n de la sala de formaci\u00f3n I\u00f1aki Mendiluce - Urola K.E.<\/title>\n<meta name=\"robots\" content=\"index, follow, max-snippet:-1, max-image-preview:large, max-video-preview:-1\" \/>\n<link rel=\"canonical\" href=\"https:\/\/urolake.eus\/es\/inaki-mendiluce-formakuntza-gelaren-inaugurazioa\/\" \/>\n<meta property=\"og:locale\" content=\"es_ES\" \/>\n<meta property=\"og:type\" content=\"article\" \/>\n<meta property=\"og:title\" content=\"Inauguraci\u00f3n de la sala de formaci\u00f3n I\u00f1aki Mendiluce - Urola K.E.\" \/>\n<meta property=\"og:description\" content=\"Tras la obras acometidas este verano, el estadio de Argixao cuenta con una aula de formaci\u00f3n que llevar\u00e1 el nombre de I\u00f1aki Mendiluce y que ofrecer\u00e1 servicio no solo a la Sociedad Deportiva Urola, sino tambi\u00e9n al resto de clubes deportivos de Zumarraga y Urretxu. Los trabajos han consistido en una renovaci\u00f3n integral del edificio [&hellip;]\" \/>\n<meta property=\"og:url\" content=\"https:\/\/urolake.eus\/es\/inaki-mendiluce-formakuntza-gelaren-inaugurazioa\/\" \/>\n<meta property=\"og:site_name\" content=\"Urola K.E.\" \/>\n<meta property=\"article:published_time\" content=\"2023-10-06T17:05:29+00:00\" \/>\n<meta property=\"article:modified_time\" content=\"2024-02-16T17:31:52+00:00\" \/>\n<meta property=\"og:image\" content=\"https:\/\/urolake.eus\/wp-content\/uploads\/2024\/02\/20230930_121036-scaled.jpg\" \/>\n\t<meta property=\"og:image:width\" content=\"1920\" \/>\n\t<meta property=\"og:image:height\" content=\"2560\" \/>\n\t<meta property=\"og:image:type\" content=\"image\/jpeg\" \/>\n<meta name=\"author\" content=\"komunikazioa\" \/>\n<meta name=\"twitter:card\" content=\"summary_large_image\" \/>\n<meta name=\"twitter:label1\" content=\"Escrito por\" \/>\n\t<meta name=\"twitter:data1\" content=\"komunikazioa\" \/>\n\t<meta name=\"twitter:label2\" content=\"Tiempo de lectura\" \/>\n\t<meta name=\"twitter:data2\" content=\"1 minuto\" \/>\n<script type=\"application\/ld+json\" class=\"yoast-schema-graph\">{\"@context\":\"https:\\\/\\\/schema.org\",\"@graph\":[{\"@type\":\"Article\",\"@id\":\"https:\\\/\\\/urolake.eus\\\/es\\\/inaki-mendiluce-formakuntza-gelaren-inaugurazioa\\\/#article\",\"isPartOf\":{\"@id\":\"https:\\\/\\\/urolake.eus\\\/es\\\/inaki-mendiluce-formakuntza-gelaren-inaugurazioa\\\/\"},\"author\":{\"name\":\"komunikazioa\",\"@id\":\"https:\\\/\\\/urolake.eus\\\/es\\\/#\\\/schema\\\/person\\\/b1e8fc95ecfb6816becb7445284f9a50\"},\"headline\":\"Inauguraci\u00f3n de la sala de formaci\u00f3n I\u00f1aki Mendiluce\",\"datePublished\":\"2023-10-06T17:05:29+00:00\",\"dateModified\":\"2024-02-16T17:31:52+00:00\",\"mainEntityOfPage\":{\"@id\":\"https:\\\/\\\/urolake.eus\\\/es\\\/inaki-mendiluce-formakuntza-gelaren-inaugurazioa\\\/\"},\"wordCount\":238,\"publisher\":{\"@id\":\"https:\\\/\\\/urolake.eus\\\/es\\\/#organization\"},\"image\":{\"@id\":\"https:\\\/\\\/urolake.eus\\\/es\\\/inaki-mendiluce-formakuntza-gelaren-inaugurazioa\\\/#primaryimage\"},\"thumbnailUrl\":\"https:\\\/\\\/urolake.eus\\\/wp-content\\\/uploads\\\/2024\\\/02\\\/20230930_121036-scaled.jpg\",\"articleSection\":[\"Noticias\"],\"inLanguage\":\"es\"},{\"@type\":\"WebPage\",\"@id\":\"https:\\\/\\\/urolake.eus\\\/es\\\/inaki-mendiluce-formakuntza-gelaren-inaugurazioa\\\/\",\"url\":\"https:\\\/\\\/urolake.eus\\\/es\\\/inaki-mendiluce-formakuntza-gelaren-inaugurazioa\\\/\",\"name\":\"Inauguraci\u00f3n de la sala de formaci\u00f3n I\u00f1aki Mendiluce - Urola K.E.\",\"isPartOf\":{\"@id\":\"https:\\\/\\\/urolake.eus\\\/es\\\/#website\"},\"primaryImageOfPage\":{\"@id\":\"https:\\\/\\\/urolake.eus\\\/es\\\/inaki-mendiluce-formakuntza-gelaren-inaugurazioa\\\/#primaryimage\"},\"image\":{\"@id\":\"https:\\\/\\\/urolake.eus\\\/es\\\/inaki-mendiluce-formakuntza-gelaren-inaugurazioa\\\/#primaryimage\"},\"thumbnailUrl\":\"https:\\\/\\\/urolake.eus\\\/wp-content\\\/uploads\\\/2024\\\/02\\\/20230930_121036-scaled.jpg\",\"datePublished\":\"2023-10-06T17:05:29+00:00\",\"dateModified\":\"2024-02-16T17:31:52+00:00\",\"breadcrumb\":{\"@id\":\"https:\\\/\\\/urolake.eus\\\/es\\\/inaki-mendiluce-formakuntza-gelaren-inaugurazioa\\\/#breadcrumb\"},\"inLanguage\":\"es\",\"potentialAction\":[{\"@type\":\"ReadAction\",\"target\":[\"https:\\\/\\\/urolake.eus\\\/es\\\/inaki-mendiluce-formakuntza-gelaren-inaugurazioa\\\/\"]}]},{\"@type\":\"ImageObject\",\"inLanguage\":\"es\",\"@id\":\"https:\\\/\\\/urolake.eus\\\/es\\\/inaki-mendiluce-formakuntza-gelaren-inaugurazioa\\\/#primaryimage\",\"url\":\"https:\\\/\\\/urolake.eus\\\/wp-content\\\/uploads\\\/2024\\\/02\\\/20230930_121036-scaled.jpg\",\"contentUrl\":\"https:\\\/\\\/urolake.eus\\\/wp-content\\\/uploads\\\/2024\\\/02\\\/20230930_121036-scaled.jpg\",\"width\":1920,\"height\":2560},{\"@type\":\"BreadcrumbList\",\"@id\":\"https:\\\/\\\/urolake.eus\\\/es\\\/inaki-mendiluce-formakuntza-gelaren-inaugurazioa\\\/#breadcrumb\",\"itemListElement\":[{\"@type\":\"ListItem\",\"position\":1,\"name\":\"Inicio\",\"item\":\"https:\\\/\\\/urolake.eus\\\/es\\\/\"},{\"@type\":\"ListItem\",\"position\":2,\"name\":\"Noticias\",\"item\":\"https:\\\/\\\/urolake.eus\\\/es\\\/noticias\\\/\"},{\"@type\":\"ListItem\",\"position\":3,\"name\":\"Inauguraci\u00f3n de la sala de formaci\u00f3n I\u00f1aki Mendiluce\"}]},{\"@type\":\"WebSite\",\"@id\":\"https:\\\/\\\/urolake.eus\\\/es\\\/#website\",\"url\":\"https:\\\/\\\/urolake.eus\\\/es\\\/\",\"name\":\"Urola K.E.\",\"description\":\"\",\"publisher\":{\"@id\":\"https:\\\/\\\/urolake.eus\\\/es\\\/#organization\"},\"potentialAction\":[{\"@type\":\"SearchAction\",\"target\":{\"@type\":\"EntryPoint\",\"urlTemplate\":\"https:\\\/\\\/urolake.eus\\\/es\\\/?s={search_term_string}\"},\"query-input\":{\"@type\":\"PropertyValueSpecification\",\"valueRequired\":true,\"valueName\":\"search_term_string\"}}],\"inLanguage\":\"es\"},{\"@type\":\"Organization\",\"@id\":\"https:\\\/\\\/urolake.eus\\\/es\\\/#organization\",\"name\":\"Urola K.E.\",\"url\":\"https:\\\/\\\/urolake.eus\\\/es\\\/\",\"logo\":{\"@type\":\"ImageObject\",\"inLanguage\":\"es\",\"@id\":\"https:\\\/\\\/urolake.eus\\\/es\\\/#\\\/schema\\\/logo\\\/image\\\/\",\"url\":\"https:\\\/\\\/urolake.eus\\\/wp-content\\\/uploads\\\/2022\\\/08\\\/cropped-UrolaKEtxt2.png\",\"contentUrl\":\"https:\\\/\\\/urolake.eus\\\/wp-content\\\/uploads\\\/2022\\\/08\\\/cropped-UrolaKEtxt2.png\",\"width\":1000,\"height\":357,\"caption\":\"Urola K.E.\"},\"image\":{\"@id\":\"https:\\\/\\\/urolake.eus\\\/es\\\/#\\\/schema\\\/logo\\\/image\\\/\"}},{\"@type\":\"Person\",\"@id\":\"https:\\\/\\\/urolake.eus\\\/es\\\/#\\\/schema\\\/person\\\/b1e8fc95ecfb6816becb7445284f9a50\",\"name\":\"komunikazioa\"}]}<\/script>\n<!-- \/ Yoast SEO plugin. -->","yoast_head_json":{"title":"Inauguraci\u00f3n de la sala de formaci\u00f3n I\u00f1aki Mendiluce - Urola K.E.","robots":{"index":"index","follow":"follow","max-snippet":"max-snippet:-1","max-image-preview":"max-image-preview:large","max-video-preview":"max-video-preview:-1"},"canonical":"https:\/\/urolake.eus\/es\/inaki-mendiluce-formakuntza-gelaren-inaugurazioa\/","og_locale":"es_ES","og_type":"article","og_title":"Inauguraci\u00f3n de la sala de formaci\u00f3n I\u00f1aki Mendiluce - Urola K.E.","og_description":"Tras la obras acometidas este verano, el estadio de Argixao cuenta con una aula de formaci\u00f3n que llevar\u00e1 el nombre de I\u00f1aki Mendiluce y que ofrecer\u00e1 servicio no solo a la Sociedad Deportiva Urola, sino tambi\u00e9n al resto de clubes deportivos de Zumarraga y Urretxu. Los trabajos han consistido en una renovaci\u00f3n integral del edificio [&hellip;]","og_url":"https:\/\/urolake.eus\/es\/inaki-mendiluce-formakuntza-gelaren-inaugurazioa\/","og_site_name":"Urola K.E.","article_published_time":"2023-10-06T17:05:29+00:00","article_modified_time":"2024-02-16T17:31:52+00:00","og_image":[{"width":1920,"height":2560,"url":"https:\/\/urolake.eus\/wp-content\/uploads\/2024\/02\/20230930_121036-scaled.jpg","type":"image\/jpeg"}],"author":"komunikazioa","twitter_card":"summary_large_image","twitter_misc":{"Escrito por":"komunikazioa","Tiempo de lectura":"1 minuto"},"schema":{"@context":"https:\/\/schema.org","@graph":[{"@type":"Article","@id":"https:\/\/urolake.eus\/es\/inaki-mendiluce-formakuntza-gelaren-inaugurazioa\/#article","isPartOf":{"@id":"https:\/\/urolake.eus\/es\/inaki-mendiluce-formakuntza-gelaren-inaugurazioa\/"},"author":{"name":"komunikazioa","@id":"https:\/\/urolake.eus\/es\/#\/schema\/person\/b1e8fc95ecfb6816becb7445284f9a50"},"headline":"Inauguraci\u00f3n de la sala de formaci\u00f3n I\u00f1aki Mendiluce","datePublished":"2023-10-06T17:05:29+00:00","dateModified":"2024-02-16T17:31:52+00:00","mainEntityOfPage":{"@id":"https:\/\/urolake.eus\/es\/inaki-mendiluce-formakuntza-gelaren-inaugurazioa\/"},"wordCount":238,"publisher":{"@id":"https:\/\/urolake.eus\/es\/#organization"},"image":{"@id":"https:\/\/urolake.eus\/es\/inaki-mendiluce-formakuntza-gelaren-inaugurazioa\/#primaryimage"},"thumbnailUrl":"https:\/\/urolake.eus\/wp-content\/uploads\/2024\/02\/20230930_121036-scaled.jpg","articleSection":["Noticias"],"inLanguage":"es"},{"@type":"WebPage","@id":"https:\/\/urolake.eus\/es\/inaki-mendiluce-formakuntza-gelaren-inaugurazioa\/","url":"https:\/\/urolake.eus\/es\/inaki-mendiluce-formakuntza-gelaren-inaugurazioa\/","name":"Inauguraci\u00f3n de la sala de formaci\u00f3n I\u00f1aki Mendiluce - Urola K.E.","isPartOf":{"@id":"https:\/\/urolake.eus\/es\/#website"},"primaryImageOfPage":{"@id":"https:\/\/urolake.eus\/es\/inaki-mendiluce-formakuntza-gelaren-inaugurazioa\/#primaryimage"},"image":{"@id":"https:\/\/urolake.eus\/es\/inaki-mendiluce-formakuntza-gelaren-inaugurazioa\/#primaryimage"},"thumbnailUrl":"https:\/\/urolake.eus\/wp-content\/uploads\/2024\/02\/20230930_121036-scaled.jpg","datePublished":"2023-10-06T17:05:29+00:00","dateModified":"2024-02-16T17:31:52+00:00","breadcrumb":{"@id":"https:\/\/urolake.eus\/es\/inaki-mendiluce-formakuntza-gelaren-inaugurazioa\/#breadcrumb"},"inLanguage":"es","potentialAction":[{"@type":"ReadAction","target":["https:\/\/urolake.eus\/es\/inaki-mendiluce-formakuntza-gelaren-inaugurazioa\/"]}]},{"@type":"ImageObject","inLanguage":"es","@id":"https:\/\/urolake.eus\/es\/inaki-mendiluce-formakuntza-gelaren-inaugurazioa\/#primaryimage","url":"https:\/\/urolake.eus\/wp-content\/uploads\/2024\/02\/20230930_121036-scaled.jpg","contentUrl":"https:\/\/urolake.eus\/wp-content\/uploads\/2024\/02\/20230930_121036-scaled.jpg","width":1920,"height":2560},{"@type":"BreadcrumbList","@id":"https:\/\/urolake.eus\/es\/inaki-mendiluce-formakuntza-gelaren-inaugurazioa\/#breadcrumb","itemListElement":[{"@type":"ListItem","position":1,"name":"Inicio","item":"https:\/\/urolake.eus\/es\/"},{"@type":"ListItem","position":2,"name":"Noticias","item":"https:\/\/urolake.eus\/es\/noticias\/"},{"@type":"ListItem","position":3,"name":"Inauguraci\u00f3n de la sala de formaci\u00f3n I\u00f1aki Mendiluce"}]},{"@type":"WebSite","@id":"https:\/\/urolake.eus\/es\/#website","url":"https:\/\/urolake.eus\/es\/","name":"Urola K.E.","description":"","publisher":{"@id":"https:\/\/urolake.eus\/es\/#organization"},"potentialAction":[{"@type":"SearchAction","target":{"@type":"EntryPoint","urlTemplate":"https:\/\/urolake.eus\/es\/?s={search_term_string}"},"query-input":{"@type":"PropertyValueSpecification","valueRequired":true,"valueName":"search_term_string"}}],"inLanguage":"es"},{"@type":"Organization","@id":"https:\/\/urolake.eus\/es\/#organization","name":"Urola K.E.","url":"https:\/\/urolake.eus\/es\/","logo":{"@type":"ImageObject","inLanguage":"es","@id":"https:\/\/urolake.eus\/es\/#\/schema\/logo\/image\/","url":"https:\/\/urolake.eus\/wp-content\/uploads\/2022\/08\/cropped-UrolaKEtxt2.png","contentUrl":"https:\/\/urolake.eus\/wp-content\/uploads\/2022\/08\/cropped-UrolaKEtxt2.png","width":1000,"height":357,"caption":"Urola K.E."},"image":{"@id":"https:\/\/urolake.eus\/es\/#\/schema\/logo\/image\/"}},{"@type":"Person","@id":"https:\/\/urolake.eus\/es\/#\/schema\/person\/b1e8fc95ecfb6816becb7445284f9a50","name":"komunikazioa"}]}},"_links":{"self":[{"href":"https:\/\/urolake.eus\/es\/wp-json\/wp\/v2\/posts\/4038","targetHints":{"allow":["GET"]}}],"collection":[{"href":"https:\/\/urolake.eus\/es\/wp-json\/wp\/v2\/posts"}],"about":[{"href":"https:\/\/urolake.eus\/es\/wp-json\/wp\/v2\/types\/post"}],"author":[{"embeddable":true,"href":"https:\/\/urolake.eus\/es\/wp-json\/wp\/v2\/users\/2"}],"replies":[{"embeddable":true,"href":"https:\/\/urolake.eus\/es\/wp-json\/wp\/v2\/comments?post=4038"}],"version-history":[{"count":7,"href":"https:\/\/urolake.eus\/es\/wp-json\/wp\/v2\/posts\/4038\/revisions"}],"predecessor-version":[{"id":4059,"href":"https:\/\/urolake.eus\/es\/wp-json\/wp\/v2\/posts\/4038\/revisions\/4059"}],"wp:featuredmedia":[{"embeddable":true,"href":"https:\/\/urolake.eus\/es\/wp-json\/wp\/v2\/media\/4034"}],"wp:attachment":[{"href":"https:\/\/urolake.eus\/es\/wp-json\/wp\/v2\/media?parent=4038"}],"wp:term":[{"taxonomy":"category","embeddable":true,"href":"https:\/\/urolake.eus\/es\/wp-json\/wp\/v2\/categories?post=4038"},{"taxonomy":"post_tag","embeddable":true,"href":"https:\/\/urolake.eus\/es\/wp-json\/wp\/v2\/tags?post=4038"}],"curies":[{"name":"wp","href":"https:\/\/api.w.org\/{rel}","templated":true}]}}