{"id":4083,"date":"2024-01-03T18:08:45","date_gmt":"2024-01-03T16:08:45","guid":{"rendered":"https:\/\/urolake.eus\/urolak-bat-egin-du-irene-paredesen-omenaldiarekin\/"},"modified":"2024-02-20T18:13:28","modified_gmt":"2024-02-20T16:13:28","slug":"urolak-bat-egin-du-irene-paredesen-omenaldiarekin","status":"publish","type":"post","link":"https:\/\/urolake.eus\/es\/urolak-bat-egin-du-irene-paredesen-omenaldiarekin\/","title":{"rendered":"El Urola se suma al homenaje a Irene Paredes"},"content":{"rendered":"<p><span style=\"font-weight: 400;\">La Sociedad Deportiva Urola particip\u00f3 en el homenaje a Irene Paredes del pasado s\u00e1bado (30 de diciembre) en Legazpi. Primero se jug\u00f3 un encuentro entre las veteranas del Ilintxa y del Urola, y despu\u00e9s se midieron los primeros equipos de ambos clubes.\u00a0<\/span><\/p>\n<p><span style=\"font-weight: 400;\">En el descanso, Irene recibi\u00f3 varios obsequios, entre otros, la camiseta del Urola firmada por todas las jugadoras. Adem\u00e1s, Amaia Elgarresta, que fue entrenadora de Irene en el Urola, le regal\u00f3 a su madre un ramo de flores. Fue una jornada emotiva tanto para la homenajeada como para el resto de jugadoras. Sin duda, un hito para la historia del f\u00fatbol femenino.<\/span><\/p>\n<img loading=\"lazy\" decoding=\"async\" class=\"alignnone size-medium wp-image-4074\" src=\"https:\/\/urolake.eus\/wp-content\/uploads\/2024\/02\/IMG_20231230_165307_457-300x225.webp\" alt=\"\" width=\"300\" height=\"225\" srcset=\"https:\/\/urolake.eus\/wp-content\/uploads\/2024\/02\/IMG_20231230_165307_457-300x225.webp 300w, https:\/\/urolake.eus\/wp-content\/uploads\/2024\/02\/IMG_20231230_165307_457-1024x768.webp 1024w, https:\/\/urolake.eus\/wp-content\/uploads\/2024\/02\/IMG_20231230_165307_457-768x576.webp 768w, https:\/\/urolake.eus\/wp-content\/uploads\/2024\/02\/IMG_20231230_165307_457.webp 1440w\" sizes=\"auto, (max-width: 300px) 100vw, 300px\" \/>\u00a0 \u00a0 \u00a0 <img loading=\"lazy\" decoding=\"async\" class=\"alignnone size-medium wp-image-4076\" src=\"https:\/\/urolake.eus\/wp-content\/uploads\/2024\/02\/IMG_20231230_165307_502-300x225.webp\" alt=\"\" width=\"300\" height=\"225\" srcset=\"https:\/\/urolake.eus\/wp-content\/uploads\/2024\/02\/IMG_20231230_165307_502-300x225.webp 300w, https:\/\/urolake.eus\/wp-content\/uploads\/2024\/02\/IMG_20231230_165307_502-768x576.webp 768w, https:\/\/urolake.eus\/wp-content\/uploads\/2024\/02\/IMG_20231230_165307_502.webp 1024w\" sizes=\"auto, (max-width: 300px) 100vw, 300px\" \/>\n<p>&nbsp;<\/p>\n<img loading=\"lazy\" decoding=\"async\" class=\"alignnone size-medium wp-image-4078\" src=\"https:\/\/urolake.eus\/wp-content\/uploads\/2024\/02\/IMG_20231231_005608_575-300x225.webp\" alt=\"\" width=\"300\" height=\"225\" srcset=\"https:\/\/urolake.eus\/wp-content\/uploads\/2024\/02\/IMG_20231231_005608_575-300x225.webp 300w, https:\/\/urolake.eus\/wp-content\/uploads\/2024\/02\/IMG_20231231_005608_575-1024x768.webp 1024w, https:\/\/urolake.eus\/wp-content\/uploads\/2024\/02\/IMG_20231231_005608_575-768x576.webp 768w, https:\/\/urolake.eus\/wp-content\/uploads\/2024\/02\/IMG_20231231_005608_575.webp 1440w\" sizes=\"auto, (max-width: 300px) 100vw, 300px\" \/>\u00a0 \u00a0 \u00a0 \u00a0<img loading=\"lazy\" decoding=\"async\" class=\"alignnone size-medium wp-image-4080\" src=\"https:\/\/urolake.eus\/wp-content\/uploads\/2024\/02\/IMG_20240102_094934_545-300x225.webp\" alt=\"\" width=\"300\" height=\"225\" srcset=\"https:\/\/urolake.eus\/wp-content\/uploads\/2024\/02\/IMG_20240102_094934_545-300x225.webp 300w, https:\/\/urolake.eus\/wp-content\/uploads\/2024\/02\/IMG_20240102_094934_545-1024x768.webp 1024w, https:\/\/urolake.eus\/wp-content\/uploads\/2024\/02\/IMG_20240102_094934_545-768x576.webp 768w, https:\/\/urolake.eus\/wp-content\/uploads\/2024\/02\/IMG_20240102_094934_545.webp 1440w\" sizes=\"auto, (max-width: 300px) 100vw, 300px\" \/>\n","protected":false},"excerpt":{"rendered":"<p>La Sociedad Deportiva Urola particip\u00f3 en el homenaje a Irene Paredes del pasado s\u00e1bado (30 de diciembre) en Legazpi. Primero se jug\u00f3 un encuentro entre las veteranas del Ilintxa y del Urola, y despu\u00e9s se midieron los primeros equipos de ambos clubes.\u00a0 En el descanso, Irene recibi\u00f3 varios obsequios, entre otros, la camiseta del Urola [&hellip;]<\/p>\n","protected":false},"author":2,"featured_media":4073,"comment_status":"closed","ping_status":"closed","sticky":false,"template":"","format":"standard","meta":{"_acf_changed":false,"footnotes":""},"categories":[6],"tags":[],"class_list":["post-4083","post","type-post","status-publish","format-standard","has-post-thumbnail","hentry","category-noticias"],"acf":[],"yoast_head":"<!-- This site is optimized with the Yoast SEO plugin v27.5 - https:\/\/yoast.com\/product\/yoast-seo-wordpress\/ -->\n<title>El Urola se suma al homenaje a Irene Paredes - Urola K.E.<\/title>\n<meta name=\"robots\" content=\"index, follow, max-snippet:-1, max-image-preview:large, max-video-preview:-1\" \/>\n<link rel=\"canonical\" href=\"https:\/\/urolake.eus\/es\/urolak-bat-egin-du-irene-paredesen-omenaldiarekin\/\" \/>\n<meta property=\"og:locale\" content=\"es_ES\" \/>\n<meta property=\"og:type\" content=\"article\" \/>\n<meta property=\"og:title\" content=\"El Urola se suma al homenaje a Irene Paredes - Urola K.E.\" \/>\n<meta property=\"og:description\" content=\"La Sociedad Deportiva Urola particip\u00f3 en el homenaje a Irene Paredes del pasado s\u00e1bado (30 de diciembre) en Legazpi. Primero se jug\u00f3 un encuentro entre las veteranas del Ilintxa y del Urola, y despu\u00e9s se midieron los primeros equipos de ambos clubes.\u00a0 En el descanso, Irene recibi\u00f3 varios obsequios, entre otros, la camiseta del Urola [&hellip;]\" \/>\n<meta property=\"og:url\" content=\"https:\/\/urolake.eus\/es\/urolak-bat-egin-du-irene-paredesen-omenaldiarekin\/\" \/>\n<meta property=\"og:site_name\" content=\"Urola K.E.\" \/>\n<meta property=\"article:published_time\" content=\"2024-01-03T16:08:45+00:00\" \/>\n<meta property=\"article:modified_time\" content=\"2024-02-20T16:13:28+00:00\" \/>\n<meta property=\"og:image\" content=\"https:\/\/urolake.eus\/wp-content\/uploads\/2024\/02\/IMG_20231230_165307_392.webp\" \/>\n\t<meta property=\"og:image:width\" content=\"1440\" \/>\n\t<meta property=\"og:image:height\" content=\"1080\" \/>\n\t<meta property=\"og:image:type\" content=\"image\/webp\" \/>\n<meta name=\"author\" content=\"komunikazioa\" \/>\n<meta name=\"twitter:card\" content=\"summary_large_image\" \/>\n<meta name=\"twitter:label1\" content=\"Escrito por\" \/>\n\t<meta name=\"twitter:data1\" content=\"komunikazioa\" \/>\n\t<meta name=\"twitter:label2\" content=\"Tiempo de lectura\" \/>\n\t<meta name=\"twitter:data2\" content=\"1 minuto\" \/>\n<script type=\"application\/ld+json\" class=\"yoast-schema-graph\">{\"@context\":\"https:\\\/\\\/schema.org\",\"@graph\":[{\"@type\":\"Article\",\"@id\":\"https:\\\/\\\/urolake.eus\\\/es\\\/urolak-bat-egin-du-irene-paredesen-omenaldiarekin\\\/#article\",\"isPartOf\":{\"@id\":\"https:\\\/\\\/urolake.eus\\\/es\\\/urolak-bat-egin-du-irene-paredesen-omenaldiarekin\\\/\"},\"author\":{\"name\":\"komunikazioa\",\"@id\":\"https:\\\/\\\/urolake.eus\\\/es\\\/#\\\/schema\\\/person\\\/b1e8fc95ecfb6816becb7445284f9a50\"},\"headline\":\"El Urola se suma al homenaje a Irene Paredes\",\"datePublished\":\"2024-01-03T16:08:45+00:00\",\"dateModified\":\"2024-02-20T16:13:28+00:00\",\"mainEntityOfPage\":{\"@id\":\"https:\\\/\\\/urolake.eus\\\/es\\\/urolak-bat-egin-du-irene-paredesen-omenaldiarekin\\\/\"},\"wordCount\":117,\"publisher\":{\"@id\":\"https:\\\/\\\/urolake.eus\\\/es\\\/#organization\"},\"image\":{\"@id\":\"https:\\\/\\\/urolake.eus\\\/es\\\/urolak-bat-egin-du-irene-paredesen-omenaldiarekin\\\/#primaryimage\"},\"thumbnailUrl\":\"https:\\\/\\\/urolake.eus\\\/wp-content\\\/uploads\\\/2024\\\/02\\\/IMG_20231230_165307_392.webp\",\"articleSection\":[\"Noticias\"],\"inLanguage\":\"es\"},{\"@type\":\"WebPage\",\"@id\":\"https:\\\/\\\/urolake.eus\\\/es\\\/urolak-bat-egin-du-irene-paredesen-omenaldiarekin\\\/\",\"url\":\"https:\\\/\\\/urolake.eus\\\/es\\\/urolak-bat-egin-du-irene-paredesen-omenaldiarekin\\\/\",\"name\":\"El Urola se suma al homenaje a Irene Paredes - Urola K.E.\",\"isPartOf\":{\"@id\":\"https:\\\/\\\/urolake.eus\\\/es\\\/#website\"},\"primaryImageOfPage\":{\"@id\":\"https:\\\/\\\/urolake.eus\\\/es\\\/urolak-bat-egin-du-irene-paredesen-omenaldiarekin\\\/#primaryimage\"},\"image\":{\"@id\":\"https:\\\/\\\/urolake.eus\\\/es\\\/urolak-bat-egin-du-irene-paredesen-omenaldiarekin\\\/#primaryimage\"},\"thumbnailUrl\":\"https:\\\/\\\/urolake.eus\\\/wp-content\\\/uploads\\\/2024\\\/02\\\/IMG_20231230_165307_392.webp\",\"datePublished\":\"2024-01-03T16:08:45+00:00\",\"dateModified\":\"2024-02-20T16:13:28+00:00\",\"breadcrumb\":{\"@id\":\"https:\\\/\\\/urolake.eus\\\/es\\\/urolak-bat-egin-du-irene-paredesen-omenaldiarekin\\\/#breadcrumb\"},\"inLanguage\":\"es\",\"potentialAction\":[{\"@type\":\"ReadAction\",\"target\":[\"https:\\\/\\\/urolake.eus\\\/es\\\/urolak-bat-egin-du-irene-paredesen-omenaldiarekin\\\/\"]}]},{\"@type\":\"ImageObject\",\"inLanguage\":\"es\",\"@id\":\"https:\\\/\\\/urolake.eus\\\/es\\\/urolak-bat-egin-du-irene-paredesen-omenaldiarekin\\\/#primaryimage\",\"url\":\"https:\\\/\\\/urolake.eus\\\/wp-content\\\/uploads\\\/2024\\\/02\\\/IMG_20231230_165307_392.webp\",\"contentUrl\":\"https:\\\/\\\/urolake.eus\\\/wp-content\\\/uploads\\\/2024\\\/02\\\/IMG_20231230_165307_392.webp\",\"width\":1440,\"height\":1080},{\"@type\":\"BreadcrumbList\",\"@id\":\"https:\\\/\\\/urolake.eus\\\/es\\\/urolak-bat-egin-du-irene-paredesen-omenaldiarekin\\\/#breadcrumb\",\"itemListElement\":[{\"@type\":\"ListItem\",\"position\":1,\"name\":\"Inicio\",\"item\":\"https:\\\/\\\/urolake.eus\\\/es\\\/\"},{\"@type\":\"ListItem\",\"position\":2,\"name\":\"Noticias\",\"item\":\"https:\\\/\\\/urolake.eus\\\/es\\\/noticias\\\/\"},{\"@type\":\"ListItem\",\"position\":3,\"name\":\"El Urola se suma al homenaje a Irene Paredes\"}]},{\"@type\":\"WebSite\",\"@id\":\"https:\\\/\\\/urolake.eus\\\/es\\\/#website\",\"url\":\"https:\\\/\\\/urolake.eus\\\/es\\\/\",\"name\":\"Urola K.E.\",\"description\":\"\",\"publisher\":{\"@id\":\"https:\\\/\\\/urolake.eus\\\/es\\\/#organization\"},\"potentialAction\":[{\"@type\":\"SearchAction\",\"target\":{\"@type\":\"EntryPoint\",\"urlTemplate\":\"https:\\\/\\\/urolake.eus\\\/es\\\/?s={search_term_string}\"},\"query-input\":{\"@type\":\"PropertyValueSpecification\",\"valueRequired\":true,\"valueName\":\"search_term_string\"}}],\"inLanguage\":\"es\"},{\"@type\":\"Organization\",\"@id\":\"https:\\\/\\\/urolake.eus\\\/es\\\/#organization\",\"name\":\"Urola K.E.\",\"url\":\"https:\\\/\\\/urolake.eus\\\/es\\\/\",\"logo\":{\"@type\":\"ImageObject\",\"inLanguage\":\"es\",\"@id\":\"https:\\\/\\\/urolake.eus\\\/es\\\/#\\\/schema\\\/logo\\\/image\\\/\",\"url\":\"https:\\\/\\\/urolake.eus\\\/wp-content\\\/uploads\\\/2022\\\/08\\\/cropped-UrolaKEtxt2.png\",\"contentUrl\":\"https:\\\/\\\/urolake.eus\\\/wp-content\\\/uploads\\\/2022\\\/08\\\/cropped-UrolaKEtxt2.png\",\"width\":1000,\"height\":357,\"caption\":\"Urola K.E.\"},\"image\":{\"@id\":\"https:\\\/\\\/urolake.eus\\\/es\\\/#\\\/schema\\\/logo\\\/image\\\/\"}},{\"@type\":\"Person\",\"@id\":\"https:\\\/\\\/urolake.eus\\\/es\\\/#\\\/schema\\\/person\\\/b1e8fc95ecfb6816becb7445284f9a50\",\"name\":\"komunikazioa\"}]}<\/script>\n<!-- \/ Yoast SEO plugin. -->","yoast_head_json":{"title":"El Urola se suma al homenaje a Irene Paredes - Urola K.E.","robots":{"index":"index","follow":"follow","max-snippet":"max-snippet:-1","max-image-preview":"max-image-preview:large","max-video-preview":"max-video-preview:-1"},"canonical":"https:\/\/urolake.eus\/es\/urolak-bat-egin-du-irene-paredesen-omenaldiarekin\/","og_locale":"es_ES","og_type":"article","og_title":"El Urola se suma al homenaje a Irene Paredes - Urola K.E.","og_description":"La Sociedad Deportiva Urola particip\u00f3 en el homenaje a Irene Paredes del pasado s\u00e1bado (30 de diciembre) en Legazpi. Primero se jug\u00f3 un encuentro entre las veteranas del Ilintxa y del Urola, y despu\u00e9s se midieron los primeros equipos de ambos clubes.\u00a0 En el descanso, Irene recibi\u00f3 varios obsequios, entre otros, la camiseta del Urola [&hellip;]","og_url":"https:\/\/urolake.eus\/es\/urolak-bat-egin-du-irene-paredesen-omenaldiarekin\/","og_site_name":"Urola K.E.","article_published_time":"2024-01-03T16:08:45+00:00","article_modified_time":"2024-02-20T16:13:28+00:00","og_image":[{"width":1440,"height":1080,"url":"https:\/\/urolake.eus\/wp-content\/uploads\/2024\/02\/IMG_20231230_165307_392.webp","type":"image\/webp"}],"author":"komunikazioa","twitter_card":"summary_large_image","twitter_misc":{"Escrito por":"komunikazioa","Tiempo de lectura":"1 minuto"},"schema":{"@context":"https:\/\/schema.org","@graph":[{"@type":"Article","@id":"https:\/\/urolake.eus\/es\/urolak-bat-egin-du-irene-paredesen-omenaldiarekin\/#article","isPartOf":{"@id":"https:\/\/urolake.eus\/es\/urolak-bat-egin-du-irene-paredesen-omenaldiarekin\/"},"author":{"name":"komunikazioa","@id":"https:\/\/urolake.eus\/es\/#\/schema\/person\/b1e8fc95ecfb6816becb7445284f9a50"},"headline":"El Urola se suma al homenaje a Irene Paredes","datePublished":"2024-01-03T16:08:45+00:00","dateModified":"2024-02-20T16:13:28+00:00","mainEntityOfPage":{"@id":"https:\/\/urolake.eus\/es\/urolak-bat-egin-du-irene-paredesen-omenaldiarekin\/"},"wordCount":117,"publisher":{"@id":"https:\/\/urolake.eus\/es\/#organization"},"image":{"@id":"https:\/\/urolake.eus\/es\/urolak-bat-egin-du-irene-paredesen-omenaldiarekin\/#primaryimage"},"thumbnailUrl":"https:\/\/urolake.eus\/wp-content\/uploads\/2024\/02\/IMG_20231230_165307_392.webp","articleSection":["Noticias"],"inLanguage":"es"},{"@type":"WebPage","@id":"https:\/\/urolake.eus\/es\/urolak-bat-egin-du-irene-paredesen-omenaldiarekin\/","url":"https:\/\/urolake.eus\/es\/urolak-bat-egin-du-irene-paredesen-omenaldiarekin\/","name":"El Urola se suma al homenaje a Irene Paredes - Urola K.E.","isPartOf":{"@id":"https:\/\/urolake.eus\/es\/#website"},"primaryImageOfPage":{"@id":"https:\/\/urolake.eus\/es\/urolak-bat-egin-du-irene-paredesen-omenaldiarekin\/#primaryimage"},"image":{"@id":"https:\/\/urolake.eus\/es\/urolak-bat-egin-du-irene-paredesen-omenaldiarekin\/#primaryimage"},"thumbnailUrl":"https:\/\/urolake.eus\/wp-content\/uploads\/2024\/02\/IMG_20231230_165307_392.webp","datePublished":"2024-01-03T16:08:45+00:00","dateModified":"2024-02-20T16:13:28+00:00","breadcrumb":{"@id":"https:\/\/urolake.eus\/es\/urolak-bat-egin-du-irene-paredesen-omenaldiarekin\/#breadcrumb"},"inLanguage":"es","potentialAction":[{"@type":"ReadAction","target":["https:\/\/urolake.eus\/es\/urolak-bat-egin-du-irene-paredesen-omenaldiarekin\/"]}]},{"@type":"ImageObject","inLanguage":"es","@id":"https:\/\/urolake.eus\/es\/urolak-bat-egin-du-irene-paredesen-omenaldiarekin\/#primaryimage","url":"https:\/\/urolake.eus\/wp-content\/uploads\/2024\/02\/IMG_20231230_165307_392.webp","contentUrl":"https:\/\/urolake.eus\/wp-content\/uploads\/2024\/02\/IMG_20231230_165307_392.webp","width":1440,"height":1080},{"@type":"BreadcrumbList","@id":"https:\/\/urolake.eus\/es\/urolak-bat-egin-du-irene-paredesen-omenaldiarekin\/#breadcrumb","itemListElement":[{"@type":"ListItem","position":1,"name":"Inicio","item":"https:\/\/urolake.eus\/es\/"},{"@type":"ListItem","position":2,"name":"Noticias","item":"https:\/\/urolake.eus\/es\/noticias\/"},{"@type":"ListItem","position":3,"name":"El Urola se suma al homenaje a Irene Paredes"}]},{"@type":"WebSite","@id":"https:\/\/urolake.eus\/es\/#website","url":"https:\/\/urolake.eus\/es\/","name":"Urola K.E.","description":"","publisher":{"@id":"https:\/\/urolake.eus\/es\/#organization"},"potentialAction":[{"@type":"SearchAction","target":{"@type":"EntryPoint","urlTemplate":"https:\/\/urolake.eus\/es\/?s={search_term_string}"},"query-input":{"@type":"PropertyValueSpecification","valueRequired":true,"valueName":"search_term_string"}}],"inLanguage":"es"},{"@type":"Organization","@id":"https:\/\/urolake.eus\/es\/#organization","name":"Urola K.E.","url":"https:\/\/urolake.eus\/es\/","logo":{"@type":"ImageObject","inLanguage":"es","@id":"https:\/\/urolake.eus\/es\/#\/schema\/logo\/image\/","url":"https:\/\/urolake.eus\/wp-content\/uploads\/2022\/08\/cropped-UrolaKEtxt2.png","contentUrl":"https:\/\/urolake.eus\/wp-content\/uploads\/2022\/08\/cropped-UrolaKEtxt2.png","width":1000,"height":357,"caption":"Urola K.E."},"image":{"@id":"https:\/\/urolake.eus\/es\/#\/schema\/logo\/image\/"}},{"@type":"Person","@id":"https:\/\/urolake.eus\/es\/#\/schema\/person\/b1e8fc95ecfb6816becb7445284f9a50","name":"komunikazioa"}]}},"_links":{"self":[{"href":"https:\/\/urolake.eus\/es\/wp-json\/wp\/v2\/posts\/4083","targetHints":{"allow":["GET"]}}],"collection":[{"href":"https:\/\/urolake.eus\/es\/wp-json\/wp\/v2\/posts"}],"about":[{"href":"https:\/\/urolake.eus\/es\/wp-json\/wp\/v2\/types\/post"}],"author":[{"embeddable":true,"href":"https:\/\/urolake.eus\/es\/wp-json\/wp\/v2\/users\/2"}],"replies":[{"embeddable":true,"href":"https:\/\/urolake.eus\/es\/wp-json\/wp\/v2\/comments?post=4083"}],"version-history":[{"count":3,"href":"https:\/\/urolake.eus\/es\/wp-json\/wp\/v2\/posts\/4083\/revisions"}],"predecessor-version":[{"id":4087,"href":"https:\/\/urolake.eus\/es\/wp-json\/wp\/v2\/posts\/4083\/revisions\/4087"}],"wp:featuredmedia":[{"embeddable":true,"href":"https:\/\/urolake.eus\/es\/wp-json\/wp\/v2\/media\/4073"}],"wp:attachment":[{"href":"https:\/\/urolake.eus\/es\/wp-json\/wp\/v2\/media?parent=4083"}],"wp:term":[{"taxonomy":"category","embeddable":true,"href":"https:\/\/urolake.eus\/es\/wp-json\/wp\/v2\/categories?post=4083"},{"taxonomy":"post_tag","embeddable":true,"href":"https:\/\/urolake.eus\/es\/wp-json\/wp\/v2\/tags?post=4083"}],"curies":[{"name":"wp","href":"https:\/\/api.w.org\/{rel}","templated":true}]}}