{"id":5384,"date":"2024-09-03T12:46:27","date_gmt":"2024-09-03T10:46:27","guid":{"rendered":"https:\/\/urolake.eus\/?p=5384"},"modified":"2024-09-03T12:56:09","modified_gmt":"2024-09-03T10:56:09","slug":"torneo-zumarraga-urretxu-y-ofrenda-floral-para-arrancar-la-nueva-temporada","status":"publish","type":"post","link":"https:\/\/urolake.eus\/es\/torneo-zumarraga-urretxu-y-ofrenda-floral-para-arrancar-la-nueva-temporada\/","title":{"rendered":"Torneo Zumarraga-Urretxu y ofrenda floral para arrancar la nueva temporada"},"content":{"rendered":"<p class=\"western\" align=\"left\">El 7 de septiembre se disputar\u00e1 en Argixao el campeonato Zumarraga-Urretxu, <span style=\"color: #000000;\"><span style=\"font-size: medium;\"><span lang=\"eu-ES\">y<\/span><\/span><\/span> se realizar\u00e1 una ofrenda floral a Antioko Ama, como preludio de la temporada 2024-25 que los dos equipos principales de Urola Kirol Elkartea iniciar\u00e1n en las pr\u00f3ximas semanas.<\/p>\n<p align=\"left\"><!--more--><\/p>\n<p class=\"western\" align=\"left\">El primer partido del campeonato lo disputar\u00e1n las f\u00e9minas, a las 10:30 horas. El Urola se enfrentar\u00e1 al Bergara.<\/p>\n<p class=\"western\" align=\"left\">Posteriormente, a las 13:15, se realizar\u00e1 una ofrenda floral a la Virgen de la Antigua. Adem\u00e1s de los jugadores de los dos equipos principales, participar\u00e1n en el acto directivos del club y representantes del Ayuntamiento de Zumarraga.<\/p>\n<p class=\"western\" align=\"left\">El torneo Urretxu-Zumarraga tendr\u00e1 su continuidad por la tarde, con partidos masculinos. A las 16:30 horas se disputar\u00e1 el partido Ilintxa-Anaitasuna, a las 17:30 horas el Urola-Anaitasuna, y a las 18:30 horas el Urola-Ilintxa.<\/p>\n<p align=\"left\"><img loading=\"lazy\" decoding=\"async\" class=\"aligncenter wp-image-5385\" src=\"https:\/\/urolake.eus\/wp-content\/uploads\/2024\/09\/zumarraga-urretxu-tx.-2024.jpeg\" alt=\"\" width=\"600\" height=\"849\" srcset=\"https:\/\/urolake.eus\/wp-content\/uploads\/2024\/09\/zumarraga-urretxu-tx.-2024.jpeg 1131w, https:\/\/urolake.eus\/wp-content\/uploads\/2024\/09\/zumarraga-urretxu-tx.-2024-212x300.jpeg 212w, https:\/\/urolake.eus\/wp-content\/uploads\/2024\/09\/zumarraga-urretxu-tx.-2024-724x1024.jpeg 724w, https:\/\/urolake.eus\/wp-content\/uploads\/2024\/09\/zumarraga-urretxu-tx.-2024-768x1086.jpeg 768w, https:\/\/urolake.eus\/wp-content\/uploads\/2024\/09\/zumarraga-urretxu-tx.-2024-1086x1536.jpeg 1086w\" sizes=\"auto, (max-width: 600px) 100vw, 600px\" \/><\/p>\n<p class=\"western\" align=\"left\"><b>Inicio de temporada<\/b><\/p>\n<p class=\"western\" align=\"left\">El equipo de Divisi\u00f3n de Honor Regional Masculino comenzar\u00e1 la temporada 2024\/25 el 15 de septiembre en Argixao ante el Alo\u00f1a Mendi de O\u00f1ati. Mikel Imaz, Gorka Imaz y Jon Urzelay ser\u00e1n los entrenadores.<\/p>\n<p class=\"western\" align=\"left\">Una semana despu\u00e9s arrancar\u00e1 la temporada el equipo de Divisi\u00f3n de Honor Regional Femenino. El 22 de septiembre el Urola recibir\u00e1 en Argixao al Beti Gazte de Lesaka. El equipo estar\u00e1 dirigido esta temporada por Aitor Irizar y Juanlu Elizondo.<\/p>\n<p class=\"western\" align=\"left\">Ambos equipos comenzaron las sesiones de entrenamiento en agosto, y el resto de equipos que conforman Urola Kirol Elkartea <span style=\"color: #000000;\"><span style=\"font-size: medium;\"><span lang=\"eu-ES\">tambi\u00e9n<\/span><\/span><\/span> est\u00e1n en marcha. En la nueva temporada el Urola contar\u00e1 con 20 equipos federados \u2013 14 masculinos y 6 femeninos \u2013, adem\u00e1s de la <span style=\"color: #000000;\"><span style=\"font-size: medium;\"><span lang=\"eu-ES\">Kirol Eskola<\/span><\/span><\/span>. Nuestro <span style=\"color: #000000;\"><span style=\"font-size: medium;\"><span lang=\"eu-ES\">club<\/span><\/span><\/span> est\u00e1 formado por cerca de 550 futbolistas y 70 entrenadores.<\/p>\n<p class=\"western\" align=\"left\"><b>La nueva direcci\u00f3n, presidida por Felipe Elgarresta<\/b><\/p>\n<p class=\"western\" align=\"left\">La <span style=\"color: #000000;\"><span style=\"font-size: medium;\"><span lang=\"eu-ES\">directiva<\/span><\/span><\/span> del periodo 2024-2028 estar\u00e1 formada por Felipe Elgarresta Kortaberria (presidente), Karmele Segura Azkarate (vicepresidente primero), Ant\u00f3n Arratibel Mendizabal (vicepresidente segundo), Richard Rodr\u00edguez Nuevo (tesorero), Pablo \u00c1lvarez Busca (secretario), Josu Aiastui Olazabal, Juanjo Landa Alvarez, Mikel Mesonero de Miguel, Karmele Plazaola Urizabal, Goratz Pozueta Zaldua, Maider Sudupe Rodr\u00edguez, Jon Torner Zabala y Jon Urbizu Etxabarri.<\/p>\n<p>Felipe Elgarresta, presidente del club, ha explicado que la primera tarea ser\u00e1 \u00abhacer nuestros los diferentes <span style=\"color: #000000;\"><span style=\"font-size: medium;\"><span lang=\"eu-ES\">cargos<\/span><\/span><\/span> y funciones, y <span style=\"color: #000000;\"><span style=\"font-size: medium;\"><span lang=\"eu-ES\">ponernos en<\/span><\/span><\/span> marcha\u00bb. Los objetivos de cara al futuro son, entre otros, que los 600 miembros que <span style=\"color: #000000;\"><span style=\"font-size: medium;\"><span lang=\"eu-ES\">son<\/span><\/span><\/span> parte del club sigan disfrutando del f\u00fatbol, y que se profundice en la formaci\u00f3n de los entrenadores, <span style=\"color: #000000;\"><span style=\"font-size: medium;\"><span lang=\"eu-ES\">realizando las <\/span><\/span><\/span>inversiones que se crean oportunas. \u00ab\u00c9sto lo consideramos imprescindible para mejorar los resultados de nuestros equipos a medio plazo\u00bb, dice Elgarresta. \u00abDeber\u00edamos empezar a ver ese crecimiento de rendimiento en cadetes, juveniles y senior dentro de un tiempo\u00bb.<\/p>\n<p class=\"western\" align=\"left\">Asimismo, el nuevo grupo de trabajo pretende renovar los contratos de los patrocinadores e incrementar su n\u00famero, as\u00ed como ampliar la presencia del club a trav\u00e9s de las redes sociales y otras acciones.<\/p>\n","protected":false},"excerpt":{"rendered":"<p>El 7 de septiembre se disputar\u00e1 en Argixao el campeonato Zumarraga-Urretxu, y se realizar\u00e1 una ofrenda floral a Antioko Ama, como preludio de la temporada 2024-25 que los dos equipos principales de Urola Kirol Elkartea iniciar\u00e1n en las pr\u00f3ximas semanas.<\/p>\n","protected":false},"author":2,"featured_media":5391,"comment_status":"closed","ping_status":"closed","sticky":false,"template":"","format":"standard","meta":{"_acf_changed":false,"footnotes":""},"categories":[6],"tags":[],"class_list":["post-5384","post","type-post","status-publish","format-standard","has-post-thumbnail","hentry","category-noticias"],"acf":[],"yoast_head":"<!-- This site is optimized with the Yoast SEO plugin v27.5 - https:\/\/yoast.com\/product\/yoast-seo-wordpress\/ -->\n<title>Torneo Zumarraga-Urretxu y ofrenda floral para arrancar la nueva temporada - Urola K.E.<\/title>\n<meta name=\"robots\" content=\"index, follow, max-snippet:-1, max-image-preview:large, max-video-preview:-1\" \/>\n<link rel=\"canonical\" href=\"https:\/\/urolake.eus\/es\/torneo-zumarraga-urretxu-y-ofrenda-floral-para-arrancar-la-nueva-temporada\/\" \/>\n<meta property=\"og:locale\" content=\"es_ES\" \/>\n<meta property=\"og:type\" content=\"article\" \/>\n<meta property=\"og:title\" content=\"Torneo Zumarraga-Urretxu y ofrenda floral para arrancar la nueva temporada - Urola K.E.\" \/>\n<meta property=\"og:description\" content=\"El 7 de septiembre se disputar\u00e1 en Argixao el campeonato Zumarraga-Urretxu, y se realizar\u00e1 una ofrenda floral a Antioko Ama, como preludio de la temporada 2024-25 que los dos equipos principales de Urola Kirol Elkartea iniciar\u00e1n en las pr\u00f3ximas semanas.\" \/>\n<meta property=\"og:url\" content=\"https:\/\/urolake.eus\/es\/torneo-zumarraga-urretxu-y-ofrenda-floral-para-arrancar-la-nueva-temporada\/\" \/>\n<meta property=\"og:site_name\" content=\"Urola K.E.\" \/>\n<meta property=\"article:published_time\" content=\"2024-09-03T10:46:27+00:00\" \/>\n<meta property=\"article:modified_time\" content=\"2024-09-03T10:56:09+00:00\" \/>\n<meta property=\"og:image\" content=\"https:\/\/urolake.eus\/wp-content\/uploads\/2024\/09\/kartela-moztuta.jpg\" \/>\n\t<meta property=\"og:image:width\" content=\"1131\" \/>\n\t<meta property=\"og:image:height\" content=\"636\" \/>\n\t<meta property=\"og:image:type\" content=\"image\/jpeg\" \/>\n<meta name=\"author\" content=\"komunikazioa\" \/>\n<meta name=\"twitter:card\" content=\"summary_large_image\" \/>\n<meta name=\"twitter:label1\" content=\"Escrito por\" \/>\n\t<meta name=\"twitter:data1\" content=\"komunikazioa\" \/>\n\t<meta name=\"twitter:label2\" content=\"Tiempo de lectura\" \/>\n\t<meta name=\"twitter:data2\" content=\"3 minutos\" \/>\n<script type=\"application\/ld+json\" class=\"yoast-schema-graph\">{\"@context\":\"https:\\\/\\\/schema.org\",\"@graph\":[{\"@type\":\"Article\",\"@id\":\"https:\\\/\\\/urolake.eus\\\/es\\\/torneo-zumarraga-urretxu-y-ofrenda-floral-para-arrancar-la-nueva-temporada\\\/#article\",\"isPartOf\":{\"@id\":\"https:\\\/\\\/urolake.eus\\\/es\\\/torneo-zumarraga-urretxu-y-ofrenda-floral-para-arrancar-la-nueva-temporada\\\/\"},\"author\":{\"name\":\"komunikazioa\",\"@id\":\"https:\\\/\\\/urolake.eus\\\/es\\\/#\\\/schema\\\/person\\\/b1e8fc95ecfb6816becb7445284f9a50\"},\"headline\":\"Torneo Zumarraga-Urretxu y ofrenda floral para arrancar la nueva temporada\",\"datePublished\":\"2024-09-03T10:46:27+00:00\",\"dateModified\":\"2024-09-03T10:56:09+00:00\",\"mainEntityOfPage\":{\"@id\":\"https:\\\/\\\/urolake.eus\\\/es\\\/torneo-zumarraga-urretxu-y-ofrenda-floral-para-arrancar-la-nueva-temporada\\\/\"},\"wordCount\":473,\"publisher\":{\"@id\":\"https:\\\/\\\/urolake.eus\\\/es\\\/#organization\"},\"image\":{\"@id\":\"https:\\\/\\\/urolake.eus\\\/es\\\/torneo-zumarraga-urretxu-y-ofrenda-floral-para-arrancar-la-nueva-temporada\\\/#primaryimage\"},\"thumbnailUrl\":\"https:\\\/\\\/urolake.eus\\\/wp-content\\\/uploads\\\/2024\\\/09\\\/kartela-moztuta.jpg\",\"articleSection\":[\"Noticias\"],\"inLanguage\":\"es\"},{\"@type\":\"WebPage\",\"@id\":\"https:\\\/\\\/urolake.eus\\\/es\\\/torneo-zumarraga-urretxu-y-ofrenda-floral-para-arrancar-la-nueva-temporada\\\/\",\"url\":\"https:\\\/\\\/urolake.eus\\\/es\\\/torneo-zumarraga-urretxu-y-ofrenda-floral-para-arrancar-la-nueva-temporada\\\/\",\"name\":\"Torneo Zumarraga-Urretxu y ofrenda floral para arrancar la nueva temporada - Urola K.E.\",\"isPartOf\":{\"@id\":\"https:\\\/\\\/urolake.eus\\\/es\\\/#website\"},\"primaryImageOfPage\":{\"@id\":\"https:\\\/\\\/urolake.eus\\\/es\\\/torneo-zumarraga-urretxu-y-ofrenda-floral-para-arrancar-la-nueva-temporada\\\/#primaryimage\"},\"image\":{\"@id\":\"https:\\\/\\\/urolake.eus\\\/es\\\/torneo-zumarraga-urretxu-y-ofrenda-floral-para-arrancar-la-nueva-temporada\\\/#primaryimage\"},\"thumbnailUrl\":\"https:\\\/\\\/urolake.eus\\\/wp-content\\\/uploads\\\/2024\\\/09\\\/kartela-moztuta.jpg\",\"datePublished\":\"2024-09-03T10:46:27+00:00\",\"dateModified\":\"2024-09-03T10:56:09+00:00\",\"breadcrumb\":{\"@id\":\"https:\\\/\\\/urolake.eus\\\/es\\\/torneo-zumarraga-urretxu-y-ofrenda-floral-para-arrancar-la-nueva-temporada\\\/#breadcrumb\"},\"inLanguage\":\"es\",\"potentialAction\":[{\"@type\":\"ReadAction\",\"target\":[\"https:\\\/\\\/urolake.eus\\\/es\\\/torneo-zumarraga-urretxu-y-ofrenda-floral-para-arrancar-la-nueva-temporada\\\/\"]}]},{\"@type\":\"ImageObject\",\"inLanguage\":\"es\",\"@id\":\"https:\\\/\\\/urolake.eus\\\/es\\\/torneo-zumarraga-urretxu-y-ofrenda-floral-para-arrancar-la-nueva-temporada\\\/#primaryimage\",\"url\":\"https:\\\/\\\/urolake.eus\\\/wp-content\\\/uploads\\\/2024\\\/09\\\/kartela-moztuta.jpg\",\"contentUrl\":\"https:\\\/\\\/urolake.eus\\\/wp-content\\\/uploads\\\/2024\\\/09\\\/kartela-moztuta.jpg\",\"width\":1131,\"height\":636},{\"@type\":\"BreadcrumbList\",\"@id\":\"https:\\\/\\\/urolake.eus\\\/es\\\/torneo-zumarraga-urretxu-y-ofrenda-floral-para-arrancar-la-nueva-temporada\\\/#breadcrumb\",\"itemListElement\":[{\"@type\":\"ListItem\",\"position\":1,\"name\":\"Inicio\",\"item\":\"https:\\\/\\\/urolake.eus\\\/es\\\/\"},{\"@type\":\"ListItem\",\"position\":2,\"name\":\"Noticias\",\"item\":\"https:\\\/\\\/urolake.eus\\\/es\\\/noticias\\\/\"},{\"@type\":\"ListItem\",\"position\":3,\"name\":\"Torneo Zumarraga-Urretxu y ofrenda floral para arrancar la nueva temporada\"}]},{\"@type\":\"WebSite\",\"@id\":\"https:\\\/\\\/urolake.eus\\\/es\\\/#website\",\"url\":\"https:\\\/\\\/urolake.eus\\\/es\\\/\",\"name\":\"Urola K.E.\",\"description\":\"\",\"publisher\":{\"@id\":\"https:\\\/\\\/urolake.eus\\\/es\\\/#organization\"},\"potentialAction\":[{\"@type\":\"SearchAction\",\"target\":{\"@type\":\"EntryPoint\",\"urlTemplate\":\"https:\\\/\\\/urolake.eus\\\/es\\\/?s={search_term_string}\"},\"query-input\":{\"@type\":\"PropertyValueSpecification\",\"valueRequired\":true,\"valueName\":\"search_term_string\"}}],\"inLanguage\":\"es\"},{\"@type\":\"Organization\",\"@id\":\"https:\\\/\\\/urolake.eus\\\/es\\\/#organization\",\"name\":\"Urola K.E.\",\"url\":\"https:\\\/\\\/urolake.eus\\\/es\\\/\",\"logo\":{\"@type\":\"ImageObject\",\"inLanguage\":\"es\",\"@id\":\"https:\\\/\\\/urolake.eus\\\/es\\\/#\\\/schema\\\/logo\\\/image\\\/\",\"url\":\"https:\\\/\\\/urolake.eus\\\/wp-content\\\/uploads\\\/2022\\\/08\\\/cropped-UrolaKEtxt2.png\",\"contentUrl\":\"https:\\\/\\\/urolake.eus\\\/wp-content\\\/uploads\\\/2022\\\/08\\\/cropped-UrolaKEtxt2.png\",\"width\":1000,\"height\":357,\"caption\":\"Urola K.E.\"},\"image\":{\"@id\":\"https:\\\/\\\/urolake.eus\\\/es\\\/#\\\/schema\\\/logo\\\/image\\\/\"}},{\"@type\":\"Person\",\"@id\":\"https:\\\/\\\/urolake.eus\\\/es\\\/#\\\/schema\\\/person\\\/b1e8fc95ecfb6816becb7445284f9a50\",\"name\":\"komunikazioa\"}]}<\/script>\n<!-- \/ Yoast SEO plugin. -->","yoast_head_json":{"title":"Torneo Zumarraga-Urretxu y ofrenda floral para arrancar la nueva temporada - Urola K.E.","robots":{"index":"index","follow":"follow","max-snippet":"max-snippet:-1","max-image-preview":"max-image-preview:large","max-video-preview":"max-video-preview:-1"},"canonical":"https:\/\/urolake.eus\/es\/torneo-zumarraga-urretxu-y-ofrenda-floral-para-arrancar-la-nueva-temporada\/","og_locale":"es_ES","og_type":"article","og_title":"Torneo Zumarraga-Urretxu y ofrenda floral para arrancar la nueva temporada - Urola K.E.","og_description":"El 7 de septiembre se disputar\u00e1 en Argixao el campeonato Zumarraga-Urretxu, y se realizar\u00e1 una ofrenda floral a Antioko Ama, como preludio de la temporada 2024-25 que los dos equipos principales de Urola Kirol Elkartea iniciar\u00e1n en las pr\u00f3ximas semanas.","og_url":"https:\/\/urolake.eus\/es\/torneo-zumarraga-urretxu-y-ofrenda-floral-para-arrancar-la-nueva-temporada\/","og_site_name":"Urola K.E.","article_published_time":"2024-09-03T10:46:27+00:00","article_modified_time":"2024-09-03T10:56:09+00:00","og_image":[{"width":1131,"height":636,"url":"https:\/\/urolake.eus\/wp-content\/uploads\/2024\/09\/kartela-moztuta.jpg","type":"image\/jpeg"}],"author":"komunikazioa","twitter_card":"summary_large_image","twitter_misc":{"Escrito por":"komunikazioa","Tiempo de lectura":"3 minutos"},"schema":{"@context":"https:\/\/schema.org","@graph":[{"@type":"Article","@id":"https:\/\/urolake.eus\/es\/torneo-zumarraga-urretxu-y-ofrenda-floral-para-arrancar-la-nueva-temporada\/#article","isPartOf":{"@id":"https:\/\/urolake.eus\/es\/torneo-zumarraga-urretxu-y-ofrenda-floral-para-arrancar-la-nueva-temporada\/"},"author":{"name":"komunikazioa","@id":"https:\/\/urolake.eus\/es\/#\/schema\/person\/b1e8fc95ecfb6816becb7445284f9a50"},"headline":"Torneo Zumarraga-Urretxu y ofrenda floral para arrancar la nueva temporada","datePublished":"2024-09-03T10:46:27+00:00","dateModified":"2024-09-03T10:56:09+00:00","mainEntityOfPage":{"@id":"https:\/\/urolake.eus\/es\/torneo-zumarraga-urretxu-y-ofrenda-floral-para-arrancar-la-nueva-temporada\/"},"wordCount":473,"publisher":{"@id":"https:\/\/urolake.eus\/es\/#organization"},"image":{"@id":"https:\/\/urolake.eus\/es\/torneo-zumarraga-urretxu-y-ofrenda-floral-para-arrancar-la-nueva-temporada\/#primaryimage"},"thumbnailUrl":"https:\/\/urolake.eus\/wp-content\/uploads\/2024\/09\/kartela-moztuta.jpg","articleSection":["Noticias"],"inLanguage":"es"},{"@type":"WebPage","@id":"https:\/\/urolake.eus\/es\/torneo-zumarraga-urretxu-y-ofrenda-floral-para-arrancar-la-nueva-temporada\/","url":"https:\/\/urolake.eus\/es\/torneo-zumarraga-urretxu-y-ofrenda-floral-para-arrancar-la-nueva-temporada\/","name":"Torneo Zumarraga-Urretxu y ofrenda floral para arrancar la nueva temporada - Urola K.E.","isPartOf":{"@id":"https:\/\/urolake.eus\/es\/#website"},"primaryImageOfPage":{"@id":"https:\/\/urolake.eus\/es\/torneo-zumarraga-urretxu-y-ofrenda-floral-para-arrancar-la-nueva-temporada\/#primaryimage"},"image":{"@id":"https:\/\/urolake.eus\/es\/torneo-zumarraga-urretxu-y-ofrenda-floral-para-arrancar-la-nueva-temporada\/#primaryimage"},"thumbnailUrl":"https:\/\/urolake.eus\/wp-content\/uploads\/2024\/09\/kartela-moztuta.jpg","datePublished":"2024-09-03T10:46:27+00:00","dateModified":"2024-09-03T10:56:09+00:00","breadcrumb":{"@id":"https:\/\/urolake.eus\/es\/torneo-zumarraga-urretxu-y-ofrenda-floral-para-arrancar-la-nueva-temporada\/#breadcrumb"},"inLanguage":"es","potentialAction":[{"@type":"ReadAction","target":["https:\/\/urolake.eus\/es\/torneo-zumarraga-urretxu-y-ofrenda-floral-para-arrancar-la-nueva-temporada\/"]}]},{"@type":"ImageObject","inLanguage":"es","@id":"https:\/\/urolake.eus\/es\/torneo-zumarraga-urretxu-y-ofrenda-floral-para-arrancar-la-nueva-temporada\/#primaryimage","url":"https:\/\/urolake.eus\/wp-content\/uploads\/2024\/09\/kartela-moztuta.jpg","contentUrl":"https:\/\/urolake.eus\/wp-content\/uploads\/2024\/09\/kartela-moztuta.jpg","width":1131,"height":636},{"@type":"BreadcrumbList","@id":"https:\/\/urolake.eus\/es\/torneo-zumarraga-urretxu-y-ofrenda-floral-para-arrancar-la-nueva-temporada\/#breadcrumb","itemListElement":[{"@type":"ListItem","position":1,"name":"Inicio","item":"https:\/\/urolake.eus\/es\/"},{"@type":"ListItem","position":2,"name":"Noticias","item":"https:\/\/urolake.eus\/es\/noticias\/"},{"@type":"ListItem","position":3,"name":"Torneo Zumarraga-Urretxu y ofrenda floral para arrancar la nueva temporada"}]},{"@type":"WebSite","@id":"https:\/\/urolake.eus\/es\/#website","url":"https:\/\/urolake.eus\/es\/","name":"Urola K.E.","description":"","publisher":{"@id":"https:\/\/urolake.eus\/es\/#organization"},"potentialAction":[{"@type":"SearchAction","target":{"@type":"EntryPoint","urlTemplate":"https:\/\/urolake.eus\/es\/?s={search_term_string}"},"query-input":{"@type":"PropertyValueSpecification","valueRequired":true,"valueName":"search_term_string"}}],"inLanguage":"es"},{"@type":"Organization","@id":"https:\/\/urolake.eus\/es\/#organization","name":"Urola K.E.","url":"https:\/\/urolake.eus\/es\/","logo":{"@type":"ImageObject","inLanguage":"es","@id":"https:\/\/urolake.eus\/es\/#\/schema\/logo\/image\/","url":"https:\/\/urolake.eus\/wp-content\/uploads\/2022\/08\/cropped-UrolaKEtxt2.png","contentUrl":"https:\/\/urolake.eus\/wp-content\/uploads\/2022\/08\/cropped-UrolaKEtxt2.png","width":1000,"height":357,"caption":"Urola K.E."},"image":{"@id":"https:\/\/urolake.eus\/es\/#\/schema\/logo\/image\/"}},{"@type":"Person","@id":"https:\/\/urolake.eus\/es\/#\/schema\/person\/b1e8fc95ecfb6816becb7445284f9a50","name":"komunikazioa"}]}},"_links":{"self":[{"href":"https:\/\/urolake.eus\/es\/wp-json\/wp\/v2\/posts\/5384","targetHints":{"allow":["GET"]}}],"collection":[{"href":"https:\/\/urolake.eus\/es\/wp-json\/wp\/v2\/posts"}],"about":[{"href":"https:\/\/urolake.eus\/es\/wp-json\/wp\/v2\/types\/post"}],"author":[{"embeddable":true,"href":"https:\/\/urolake.eus\/es\/wp-json\/wp\/v2\/users\/2"}],"replies":[{"embeddable":true,"href":"https:\/\/urolake.eus\/es\/wp-json\/wp\/v2\/comments?post=5384"}],"version-history":[{"count":5,"href":"https:\/\/urolake.eus\/es\/wp-json\/wp\/v2\/posts\/5384\/revisions"}],"predecessor-version":[{"id":5393,"href":"https:\/\/urolake.eus\/es\/wp-json\/wp\/v2\/posts\/5384\/revisions\/5393"}],"wp:featuredmedia":[{"embeddable":true,"href":"https:\/\/urolake.eus\/es\/wp-json\/wp\/v2\/media\/5391"}],"wp:attachment":[{"href":"https:\/\/urolake.eus\/es\/wp-json\/wp\/v2\/media?parent=5384"}],"wp:term":[{"taxonomy":"category","embeddable":true,"href":"https:\/\/urolake.eus\/es\/wp-json\/wp\/v2\/categories?post=5384"},{"taxonomy":"post_tag","embeddable":true,"href":"https:\/\/urolake.eus\/es\/wp-json\/wp\/v2\/tags?post=5384"}],"curies":[{"name":"wp","href":"https:\/\/api.w.org\/{rel}","templated":true}]}}