{"id":5594,"date":"2024-10-16T18:55:11","date_gmt":"2024-10-16T16:55:11","guid":{"rendered":"https:\/\/urolake.eus\/?p=5594"},"modified":"2024-10-16T18:56:31","modified_gmt":"2024-10-16T16:56:31","slug":"encuentro-de-futbol-inclusivo-el-dia-20-en-argixao","status":"publish","type":"post","link":"https:\/\/urolake.eus\/es\/encuentro-de-futbol-inclusivo-el-dia-20-en-argixao\/","title":{"rendered":"Encuentro de F\u00fatbol Inclusivo, el d\u00eda 20 en Argixao"},"content":{"rendered":"<p>El Encuentro de F\u00fatbol Inclusivo est\u00e1 organizado por la Federaci\u00f3n Guipuzcoana, en colaboraci\u00f3n con el Urola, con el objetivo de dotar a los ni\u00f1os y j\u00f3venes con discapacidad de un espacio para la pr\u00e1ctica del f\u00fatbol. El encuentro, que comenzar\u00e1 a las 12:00 en el campo Luis Urdangarin, contar\u00e1 tambi\u00e9n con la participaci\u00f3n de los jugadores del Infantil del Urola.<\/p>\n<p>El primer encuentro tuvo lugar hace tres o cuatro a\u00f1os y desde entonces se ha desarrollado en una treintena de localidades. Con este programa de formaci\u00f3n y sensibilizaci\u00f3n, la federaci\u00f3n de f\u00fatbol pretende extender la mirada en torno al f\u00fatbol y fomentar los valores de convivencia. Asimismo, se trata de facilitar las posibilidades de practicar deporte a personas con necesidades especiales.<\/p>\n<p>De cara al futuro, la federaci\u00f3n pretende crear un espacio para personas con necesidades especiales que participen de forma estable en el f\u00fatbol adaptado o inclusivo. El programa Bidelagun cuenta con numerosos clubes de f\u00fatbol guipuzcoanos, entre ellos el Urola; as\u00ed, en el encuentro de Argixao participar\u00e1n varios j\u00f3venes de la cantera.<\/p>\n<p>\u00abQueremos que se diviertan y trabajen los valores, y para ello, es importante trabajar la inclusi\u00f3n\u00bb, se\u00f1alan desde la Federaci\u00f3n. Las personas con necesidades especiales \u00abtienen derecho a practicar deporte y muchas veces faltan este tipo de eventos. Normalmente no tienen muchas posibilidades de practicar deporte, por lo que a menudo se quedan fuera de la sociedad. Tenemos que concienciar a la sociedad, y este tipo de eventos son importantes para ello \u00ab. El presidente de la federaci\u00f3n, Manu D\u00edaz de Marcos, ha afirmado que hay que aprovechar \u00abla influencia del f\u00fatbol en la sociedad guipuzcoana\u00bb para llevar a cabo este tipo de proyectos.<\/p>\n<p>Recordad que para participar en el encuentro es necesario inscribirse escribiendo a <a href=\"mailto:futbolegokitua@fgf-gff.org\">futbolegokitua@gipuzkoafutbola.eus<\/a>\u00a0o llamando al 747 426 823.<\/p>\n","protected":false},"excerpt":{"rendered":"<p>El Encuentro de F\u00fatbol Inclusivo est\u00e1 organizado por la Federaci\u00f3n Guipuzcoana, en colaboraci\u00f3n con el Urola, con el objetivo de dotar a los ni\u00f1os y j\u00f3venes con discapacidad de un espacio para la pr\u00e1ctica del f\u00fatbol. El encuentro, que comenzar\u00e1 a las 12:00 en el campo Luis Urdangarin, contar\u00e1 tambi\u00e9n con la participaci\u00f3n de los [&hellip;]<\/p>\n","protected":false},"author":2,"featured_media":5595,"comment_status":"closed","ping_status":"closed","sticky":false,"template":"","format":"standard","meta":{"_acf_changed":false,"footnotes":""},"categories":[6],"tags":[],"class_list":["post-5594","post","type-post","status-publish","format-standard","has-post-thumbnail","hentry","category-noticias"],"acf":[],"yoast_head":"<!-- This site is optimized with the Yoast SEO plugin v27.5 - https:\/\/yoast.com\/product\/yoast-seo-wordpress\/ -->\n<title>Encuentro de F\u00fatbol Inclusivo, el d\u00eda 20 en Argixao - Urola K.E.<\/title>\n<meta name=\"robots\" content=\"index, follow, max-snippet:-1, max-image-preview:large, max-video-preview:-1\" \/>\n<link rel=\"canonical\" href=\"https:\/\/urolake.eus\/es\/encuentro-de-futbol-inclusivo-el-dia-20-en-argixao\/\" \/>\n<meta property=\"og:locale\" content=\"es_ES\" \/>\n<meta property=\"og:type\" content=\"article\" \/>\n<meta property=\"og:title\" content=\"Encuentro de F\u00fatbol Inclusivo, el d\u00eda 20 en Argixao - Urola K.E.\" \/>\n<meta property=\"og:description\" content=\"El Encuentro de F\u00fatbol Inclusivo est\u00e1 organizado por la Federaci\u00f3n Guipuzcoana, en colaboraci\u00f3n con el Urola, con el objetivo de dotar a los ni\u00f1os y j\u00f3venes con discapacidad de un espacio para la pr\u00e1ctica del f\u00fatbol. El encuentro, que comenzar\u00e1 a las 12:00 en el campo Luis Urdangarin, contar\u00e1 tambi\u00e9n con la participaci\u00f3n de los [&hellip;]\" \/>\n<meta property=\"og:url\" content=\"https:\/\/urolake.eus\/es\/encuentro-de-futbol-inclusivo-el-dia-20-en-argixao\/\" \/>\n<meta property=\"og:site_name\" content=\"Urola K.E.\" \/>\n<meta property=\"article:published_time\" content=\"2024-10-16T16:55:11+00:00\" \/>\n<meta property=\"article:modified_time\" content=\"2024-10-16T16:56:31+00:00\" \/>\n<meta property=\"og:image\" content=\"https:\/\/urolake.eus\/wp-content\/uploads\/2024\/10\/futbol-inklusiboa-1.jpeg\" \/>\n\t<meta property=\"og:image:width\" content=\"1137\" \/>\n\t<meta property=\"og:image:height\" content=\"1600\" \/>\n\t<meta property=\"og:image:type\" content=\"image\/jpeg\" \/>\n<meta name=\"author\" content=\"komunikazioa\" \/>\n<meta name=\"twitter:card\" content=\"summary_large_image\" \/>\n<meta name=\"twitter:label1\" content=\"Escrito por\" \/>\n\t<meta name=\"twitter:data1\" content=\"komunikazioa\" \/>\n\t<meta name=\"twitter:label2\" content=\"Tiempo de lectura\" \/>\n\t<meta name=\"twitter:data2\" content=\"2 minutos\" \/>\n<script type=\"application\/ld+json\" class=\"yoast-schema-graph\">{\"@context\":\"https:\\\/\\\/schema.org\",\"@graph\":[{\"@type\":\"Article\",\"@id\":\"https:\\\/\\\/urolake.eus\\\/es\\\/encuentro-de-futbol-inclusivo-el-dia-20-en-argixao\\\/#article\",\"isPartOf\":{\"@id\":\"https:\\\/\\\/urolake.eus\\\/es\\\/encuentro-de-futbol-inclusivo-el-dia-20-en-argixao\\\/\"},\"author\":{\"name\":\"komunikazioa\",\"@id\":\"https:\\\/\\\/urolake.eus\\\/es\\\/#\\\/schema\\\/person\\\/b1e8fc95ecfb6816becb7445284f9a50\"},\"headline\":\"Encuentro de F\u00fatbol Inclusivo, el d\u00eda 20 en Argixao\",\"datePublished\":\"2024-10-16T16:55:11+00:00\",\"dateModified\":\"2024-10-16T16:56:31+00:00\",\"mainEntityOfPage\":{\"@id\":\"https:\\\/\\\/urolake.eus\\\/es\\\/encuentro-de-futbol-inclusivo-el-dia-20-en-argixao\\\/\"},\"wordCount\":329,\"publisher\":{\"@id\":\"https:\\\/\\\/urolake.eus\\\/es\\\/#organization\"},\"image\":{\"@id\":\"https:\\\/\\\/urolake.eus\\\/es\\\/encuentro-de-futbol-inclusivo-el-dia-20-en-argixao\\\/#primaryimage\"},\"thumbnailUrl\":\"https:\\\/\\\/urolake.eus\\\/wp-content\\\/uploads\\\/2024\\\/10\\\/futbol-inklusiboa-1.jpeg\",\"articleSection\":[\"Noticias\"],\"inLanguage\":\"es\"},{\"@type\":\"WebPage\",\"@id\":\"https:\\\/\\\/urolake.eus\\\/es\\\/encuentro-de-futbol-inclusivo-el-dia-20-en-argixao\\\/\",\"url\":\"https:\\\/\\\/urolake.eus\\\/es\\\/encuentro-de-futbol-inclusivo-el-dia-20-en-argixao\\\/\",\"name\":\"Encuentro de F\u00fatbol Inclusivo, el d\u00eda 20 en Argixao - Urola K.E.\",\"isPartOf\":{\"@id\":\"https:\\\/\\\/urolake.eus\\\/es\\\/#website\"},\"primaryImageOfPage\":{\"@id\":\"https:\\\/\\\/urolake.eus\\\/es\\\/encuentro-de-futbol-inclusivo-el-dia-20-en-argixao\\\/#primaryimage\"},\"image\":{\"@id\":\"https:\\\/\\\/urolake.eus\\\/es\\\/encuentro-de-futbol-inclusivo-el-dia-20-en-argixao\\\/#primaryimage\"},\"thumbnailUrl\":\"https:\\\/\\\/urolake.eus\\\/wp-content\\\/uploads\\\/2024\\\/10\\\/futbol-inklusiboa-1.jpeg\",\"datePublished\":\"2024-10-16T16:55:11+00:00\",\"dateModified\":\"2024-10-16T16:56:31+00:00\",\"breadcrumb\":{\"@id\":\"https:\\\/\\\/urolake.eus\\\/es\\\/encuentro-de-futbol-inclusivo-el-dia-20-en-argixao\\\/#breadcrumb\"},\"inLanguage\":\"es\",\"potentialAction\":[{\"@type\":\"ReadAction\",\"target\":[\"https:\\\/\\\/urolake.eus\\\/es\\\/encuentro-de-futbol-inclusivo-el-dia-20-en-argixao\\\/\"]}]},{\"@type\":\"ImageObject\",\"inLanguage\":\"es\",\"@id\":\"https:\\\/\\\/urolake.eus\\\/es\\\/encuentro-de-futbol-inclusivo-el-dia-20-en-argixao\\\/#primaryimage\",\"url\":\"https:\\\/\\\/urolake.eus\\\/wp-content\\\/uploads\\\/2024\\\/10\\\/futbol-inklusiboa-1.jpeg\",\"contentUrl\":\"https:\\\/\\\/urolake.eus\\\/wp-content\\\/uploads\\\/2024\\\/10\\\/futbol-inklusiboa-1.jpeg\",\"width\":1137,\"height\":1600},{\"@type\":\"BreadcrumbList\",\"@id\":\"https:\\\/\\\/urolake.eus\\\/es\\\/encuentro-de-futbol-inclusivo-el-dia-20-en-argixao\\\/#breadcrumb\",\"itemListElement\":[{\"@type\":\"ListItem\",\"position\":1,\"name\":\"Inicio\",\"item\":\"https:\\\/\\\/urolake.eus\\\/es\\\/\"},{\"@type\":\"ListItem\",\"position\":2,\"name\":\"Noticias\",\"item\":\"https:\\\/\\\/urolake.eus\\\/es\\\/noticias\\\/\"},{\"@type\":\"ListItem\",\"position\":3,\"name\":\"Encuentro de F\u00fatbol Inclusivo, el d\u00eda 20 en Argixao\"}]},{\"@type\":\"WebSite\",\"@id\":\"https:\\\/\\\/urolake.eus\\\/es\\\/#website\",\"url\":\"https:\\\/\\\/urolake.eus\\\/es\\\/\",\"name\":\"Urola K.E.\",\"description\":\"\",\"publisher\":{\"@id\":\"https:\\\/\\\/urolake.eus\\\/es\\\/#organization\"},\"potentialAction\":[{\"@type\":\"SearchAction\",\"target\":{\"@type\":\"EntryPoint\",\"urlTemplate\":\"https:\\\/\\\/urolake.eus\\\/es\\\/?s={search_term_string}\"},\"query-input\":{\"@type\":\"PropertyValueSpecification\",\"valueRequired\":true,\"valueName\":\"search_term_string\"}}],\"inLanguage\":\"es\"},{\"@type\":\"Organization\",\"@id\":\"https:\\\/\\\/urolake.eus\\\/es\\\/#organization\",\"name\":\"Urola K.E.\",\"url\":\"https:\\\/\\\/urolake.eus\\\/es\\\/\",\"logo\":{\"@type\":\"ImageObject\",\"inLanguage\":\"es\",\"@id\":\"https:\\\/\\\/urolake.eus\\\/es\\\/#\\\/schema\\\/logo\\\/image\\\/\",\"url\":\"https:\\\/\\\/urolake.eus\\\/wp-content\\\/uploads\\\/2022\\\/08\\\/cropped-UrolaKEtxt2.png\",\"contentUrl\":\"https:\\\/\\\/urolake.eus\\\/wp-content\\\/uploads\\\/2022\\\/08\\\/cropped-UrolaKEtxt2.png\",\"width\":1000,\"height\":357,\"caption\":\"Urola K.E.\"},\"image\":{\"@id\":\"https:\\\/\\\/urolake.eus\\\/es\\\/#\\\/schema\\\/logo\\\/image\\\/\"}},{\"@type\":\"Person\",\"@id\":\"https:\\\/\\\/urolake.eus\\\/es\\\/#\\\/schema\\\/person\\\/b1e8fc95ecfb6816becb7445284f9a50\",\"name\":\"komunikazioa\"}]}<\/script>\n<!-- \/ Yoast SEO plugin. -->","yoast_head_json":{"title":"Encuentro de F\u00fatbol Inclusivo, el d\u00eda 20 en Argixao - Urola K.E.","robots":{"index":"index","follow":"follow","max-snippet":"max-snippet:-1","max-image-preview":"max-image-preview:large","max-video-preview":"max-video-preview:-1"},"canonical":"https:\/\/urolake.eus\/es\/encuentro-de-futbol-inclusivo-el-dia-20-en-argixao\/","og_locale":"es_ES","og_type":"article","og_title":"Encuentro de F\u00fatbol Inclusivo, el d\u00eda 20 en Argixao - Urola K.E.","og_description":"El Encuentro de F\u00fatbol Inclusivo est\u00e1 organizado por la Federaci\u00f3n Guipuzcoana, en colaboraci\u00f3n con el Urola, con el objetivo de dotar a los ni\u00f1os y j\u00f3venes con discapacidad de un espacio para la pr\u00e1ctica del f\u00fatbol. El encuentro, que comenzar\u00e1 a las 12:00 en el campo Luis Urdangarin, contar\u00e1 tambi\u00e9n con la participaci\u00f3n de los [&hellip;]","og_url":"https:\/\/urolake.eus\/es\/encuentro-de-futbol-inclusivo-el-dia-20-en-argixao\/","og_site_name":"Urola K.E.","article_published_time":"2024-10-16T16:55:11+00:00","article_modified_time":"2024-10-16T16:56:31+00:00","og_image":[{"width":1137,"height":1600,"url":"https:\/\/urolake.eus\/wp-content\/uploads\/2024\/10\/futbol-inklusiboa-1.jpeg","type":"image\/jpeg"}],"author":"komunikazioa","twitter_card":"summary_large_image","twitter_misc":{"Escrito por":"komunikazioa","Tiempo de lectura":"2 minutos"},"schema":{"@context":"https:\/\/schema.org","@graph":[{"@type":"Article","@id":"https:\/\/urolake.eus\/es\/encuentro-de-futbol-inclusivo-el-dia-20-en-argixao\/#article","isPartOf":{"@id":"https:\/\/urolake.eus\/es\/encuentro-de-futbol-inclusivo-el-dia-20-en-argixao\/"},"author":{"name":"komunikazioa","@id":"https:\/\/urolake.eus\/es\/#\/schema\/person\/b1e8fc95ecfb6816becb7445284f9a50"},"headline":"Encuentro de F\u00fatbol Inclusivo, el d\u00eda 20 en Argixao","datePublished":"2024-10-16T16:55:11+00:00","dateModified":"2024-10-16T16:56:31+00:00","mainEntityOfPage":{"@id":"https:\/\/urolake.eus\/es\/encuentro-de-futbol-inclusivo-el-dia-20-en-argixao\/"},"wordCount":329,"publisher":{"@id":"https:\/\/urolake.eus\/es\/#organization"},"image":{"@id":"https:\/\/urolake.eus\/es\/encuentro-de-futbol-inclusivo-el-dia-20-en-argixao\/#primaryimage"},"thumbnailUrl":"https:\/\/urolake.eus\/wp-content\/uploads\/2024\/10\/futbol-inklusiboa-1.jpeg","articleSection":["Noticias"],"inLanguage":"es"},{"@type":"WebPage","@id":"https:\/\/urolake.eus\/es\/encuentro-de-futbol-inclusivo-el-dia-20-en-argixao\/","url":"https:\/\/urolake.eus\/es\/encuentro-de-futbol-inclusivo-el-dia-20-en-argixao\/","name":"Encuentro de F\u00fatbol Inclusivo, el d\u00eda 20 en Argixao - Urola K.E.","isPartOf":{"@id":"https:\/\/urolake.eus\/es\/#website"},"primaryImageOfPage":{"@id":"https:\/\/urolake.eus\/es\/encuentro-de-futbol-inclusivo-el-dia-20-en-argixao\/#primaryimage"},"image":{"@id":"https:\/\/urolake.eus\/es\/encuentro-de-futbol-inclusivo-el-dia-20-en-argixao\/#primaryimage"},"thumbnailUrl":"https:\/\/urolake.eus\/wp-content\/uploads\/2024\/10\/futbol-inklusiboa-1.jpeg","datePublished":"2024-10-16T16:55:11+00:00","dateModified":"2024-10-16T16:56:31+00:00","breadcrumb":{"@id":"https:\/\/urolake.eus\/es\/encuentro-de-futbol-inclusivo-el-dia-20-en-argixao\/#breadcrumb"},"inLanguage":"es","potentialAction":[{"@type":"ReadAction","target":["https:\/\/urolake.eus\/es\/encuentro-de-futbol-inclusivo-el-dia-20-en-argixao\/"]}]},{"@type":"ImageObject","inLanguage":"es","@id":"https:\/\/urolake.eus\/es\/encuentro-de-futbol-inclusivo-el-dia-20-en-argixao\/#primaryimage","url":"https:\/\/urolake.eus\/wp-content\/uploads\/2024\/10\/futbol-inklusiboa-1.jpeg","contentUrl":"https:\/\/urolake.eus\/wp-content\/uploads\/2024\/10\/futbol-inklusiboa-1.jpeg","width":1137,"height":1600},{"@type":"BreadcrumbList","@id":"https:\/\/urolake.eus\/es\/encuentro-de-futbol-inclusivo-el-dia-20-en-argixao\/#breadcrumb","itemListElement":[{"@type":"ListItem","position":1,"name":"Inicio","item":"https:\/\/urolake.eus\/es\/"},{"@type":"ListItem","position":2,"name":"Noticias","item":"https:\/\/urolake.eus\/es\/noticias\/"},{"@type":"ListItem","position":3,"name":"Encuentro de F\u00fatbol Inclusivo, el d\u00eda 20 en Argixao"}]},{"@type":"WebSite","@id":"https:\/\/urolake.eus\/es\/#website","url":"https:\/\/urolake.eus\/es\/","name":"Urola K.E.","description":"","publisher":{"@id":"https:\/\/urolake.eus\/es\/#organization"},"potentialAction":[{"@type":"SearchAction","target":{"@type":"EntryPoint","urlTemplate":"https:\/\/urolake.eus\/es\/?s={search_term_string}"},"query-input":{"@type":"PropertyValueSpecification","valueRequired":true,"valueName":"search_term_string"}}],"inLanguage":"es"},{"@type":"Organization","@id":"https:\/\/urolake.eus\/es\/#organization","name":"Urola K.E.","url":"https:\/\/urolake.eus\/es\/","logo":{"@type":"ImageObject","inLanguage":"es","@id":"https:\/\/urolake.eus\/es\/#\/schema\/logo\/image\/","url":"https:\/\/urolake.eus\/wp-content\/uploads\/2022\/08\/cropped-UrolaKEtxt2.png","contentUrl":"https:\/\/urolake.eus\/wp-content\/uploads\/2022\/08\/cropped-UrolaKEtxt2.png","width":1000,"height":357,"caption":"Urola K.E."},"image":{"@id":"https:\/\/urolake.eus\/es\/#\/schema\/logo\/image\/"}},{"@type":"Person","@id":"https:\/\/urolake.eus\/es\/#\/schema\/person\/b1e8fc95ecfb6816becb7445284f9a50","name":"komunikazioa"}]}},"_links":{"self":[{"href":"https:\/\/urolake.eus\/es\/wp-json\/wp\/v2\/posts\/5594","targetHints":{"allow":["GET"]}}],"collection":[{"href":"https:\/\/urolake.eus\/es\/wp-json\/wp\/v2\/posts"}],"about":[{"href":"https:\/\/urolake.eus\/es\/wp-json\/wp\/v2\/types\/post"}],"author":[{"embeddable":true,"href":"https:\/\/urolake.eus\/es\/wp-json\/wp\/v2\/users\/2"}],"replies":[{"embeddable":true,"href":"https:\/\/urolake.eus\/es\/wp-json\/wp\/v2\/comments?post=5594"}],"version-history":[{"count":5,"href":"https:\/\/urolake.eus\/es\/wp-json\/wp\/v2\/posts\/5594\/revisions"}],"predecessor-version":[{"id":5606,"href":"https:\/\/urolake.eus\/es\/wp-json\/wp\/v2\/posts\/5594\/revisions\/5606"}],"wp:featuredmedia":[{"embeddable":true,"href":"https:\/\/urolake.eus\/es\/wp-json\/wp\/v2\/media\/5595"}],"wp:attachment":[{"href":"https:\/\/urolake.eus\/es\/wp-json\/wp\/v2\/media?parent=5594"}],"wp:term":[{"taxonomy":"category","embeddable":true,"href":"https:\/\/urolake.eus\/es\/wp-json\/wp\/v2\/categories?post=5594"},{"taxonomy":"post_tag","embeddable":true,"href":"https:\/\/urolake.eus\/es\/wp-json\/wp\/v2\/tags?post=5594"}],"curies":[{"name":"wp","href":"https:\/\/api.w.org\/{rel}","templated":true}]}}