{"id":6649,"date":"2026-05-02T09:23:41","date_gmt":"2026-05-02T07:23:41","guid":{"rendered":"https:\/\/urolake.eus\/?p=6649"},"modified":"2026-05-02T09:23:41","modified_gmt":"2026-05-02T07:23:41","slug":"campus-de-verano-el-plazo-para-inscribirse-finaliza-el-24-de-mayo","status":"publish","type":"post","link":"https:\/\/urolake.eus\/es\/campus-de-verano-el-plazo-para-inscribirse-finaliza-el-24-de-mayo\/","title":{"rendered":"Campus de Verano: el plazo para inscribirse finaliza el 24 de mayo"},"content":{"rendered":"<p><span id=\"translation_box\" class=\"form-control-text textarea\" role=\"textbox\">El Urola volver\u00e1 a organizar un a\u00f1o m\u00e1s su Campus de Verano. Dirigido a ni\u00f1os y ni\u00f1as nacidos en los a\u00f1os 2012-2017, se desarrollar\u00e1 durante tres semanas, desde las 10:00 a la 13:00 de la ma\u00f1ana. Entre los d\u00edas 6-10, 13-17 y 20-24 de julio, la estancia podr\u00e1 cumplirse completa o semanalmente.<\/p>\n<p>El coste total del campus (3 semanas) ser\u00e1 de 230 \u20ac, la estancia de dos semanas de 180 \u20ac, y la de una semana de 100 \u20ac.<\/p>\n<p>El plazo de inscripci\u00f3n finaliza el 24 de mayo.<\/p>\n<p>Para inscribirse pinche <a href=\"https:\/\/docs.google.com\/forms\/d\/e\/1FAIpQLSdLej_TDPO0cGM9B9cr1OWUs1vgi8YDxcPEZkocKRexqVeZ2Q\/viewform\">AQU\u00cd<\/a>. <\/span><\/p>\n","protected":false},"excerpt":{"rendered":"<p>El Urola volver\u00e1 a organizar un a\u00f1o m\u00e1s su Campus de Verano. Dirigido a ni\u00f1os y ni\u00f1as nacidos en los a\u00f1os 2012-2017, se desarrollar\u00e1 durante tres semanas, desde las 10:00 a la 13:00 de la ma\u00f1ana. Entre los d\u00edas 6-10, 13-17 y 20-24 de julio, la estancia podr\u00e1 cumplirse completa o semanalmente. El coste total [&hellip;]<\/p>\n","protected":false},"author":2,"featured_media":6646,"comment_status":"closed","ping_status":"closed","sticky":false,"template":"","format":"standard","meta":{"_acf_changed":false,"footnotes":""},"categories":[1],"tags":[69],"class_list":["post-6649","post","type-post","status-publish","format-standard","has-post-thumbnail","hentry","category-albisteak","tag-campus"],"acf":[],"yoast_head":"<!-- This site is optimized with the Yoast SEO plugin v27.5 - https:\/\/yoast.com\/product\/yoast-seo-wordpress\/ -->\n<title>Campus de Verano: el plazo para inscribirse finaliza el 24 de mayo - Urola K.E.<\/title>\n<meta name=\"robots\" content=\"index, follow, max-snippet:-1, max-image-preview:large, max-video-preview:-1\" \/>\n<link rel=\"canonical\" href=\"https:\/\/urolake.eus\/es\/campus-de-verano-el-plazo-para-inscribirse-finaliza-el-24-de-mayo\/\" \/>\n<meta property=\"og:locale\" content=\"es_ES\" \/>\n<meta property=\"og:type\" content=\"article\" \/>\n<meta property=\"og:title\" content=\"Campus de Verano: el plazo para inscribirse finaliza el 24 de mayo - Urola K.E.\" \/>\n<meta property=\"og:description\" content=\"El Urola volver\u00e1 a organizar un a\u00f1o m\u00e1s su Campus de Verano. Dirigido a ni\u00f1os y ni\u00f1as nacidos en los a\u00f1os 2012-2017, se desarrollar\u00e1 durante tres semanas, desde las 10:00 a la 13:00 de la ma\u00f1ana. Entre los d\u00edas 6-10, 13-17 y 20-24 de julio, la estancia podr\u00e1 cumplirse completa o semanalmente. El coste total [&hellip;]\" \/>\n<meta property=\"og:url\" content=\"https:\/\/urolake.eus\/es\/campus-de-verano-el-plazo-para-inscribirse-finaliza-el-24-de-mayo\/\" \/>\n<meta property=\"og:site_name\" content=\"Urola K.E.\" \/>\n<meta property=\"article:published_time\" content=\"2026-05-02T07:23:41+00:00\" \/>\n<meta property=\"og:image\" content=\"https:\/\/urolake.eus\/wp-content\/uploads\/2026\/05\/kartela_udako-campusa-2026-e1777706106207.png\" \/>\n\t<meta property=\"og:image:width\" content=\"2000\" \/>\n\t<meta property=\"og:image:height\" content=\"1414\" \/>\n\t<meta property=\"og:image:type\" content=\"image\/png\" \/>\n<meta name=\"author\" content=\"komunikazioa\" \/>\n<meta name=\"twitter:card\" content=\"summary_large_image\" \/>\n<meta name=\"twitter:label1\" content=\"Escrito por\" \/>\n\t<meta name=\"twitter:data1\" content=\"komunikazioa\" \/>\n\t<meta name=\"twitter:label2\" content=\"Tiempo de lectura\" \/>\n\t<meta name=\"twitter:data2\" content=\"1 minuto\" \/>\n<script type=\"application\/ld+json\" class=\"yoast-schema-graph\">{\"@context\":\"https:\\\/\\\/schema.org\",\"@graph\":[{\"@type\":\"Article\",\"@id\":\"https:\\\/\\\/urolake.eus\\\/es\\\/campus-de-verano-el-plazo-para-inscribirse-finaliza-el-24-de-mayo\\\/#article\",\"isPartOf\":{\"@id\":\"https:\\\/\\\/urolake.eus\\\/es\\\/campus-de-verano-el-plazo-para-inscribirse-finaliza-el-24-de-mayo\\\/\"},\"author\":{\"name\":\"komunikazioa\",\"@id\":\"https:\\\/\\\/urolake.eus\\\/es\\\/#\\\/schema\\\/person\\\/b1e8fc95ecfb6816becb7445284f9a50\"},\"headline\":\"Campus de Verano: el plazo para inscribirse finaliza el 24 de mayo\",\"datePublished\":\"2026-05-02T07:23:41+00:00\",\"mainEntityOfPage\":{\"@id\":\"https:\\\/\\\/urolake.eus\\\/es\\\/campus-de-verano-el-plazo-para-inscribirse-finaliza-el-24-de-mayo\\\/\"},\"wordCount\":101,\"publisher\":{\"@id\":\"https:\\\/\\\/urolake.eus\\\/es\\\/#organization\"},\"image\":{\"@id\":\"https:\\\/\\\/urolake.eus\\\/es\\\/campus-de-verano-el-plazo-para-inscribirse-finaliza-el-24-de-mayo\\\/#primaryimage\"},\"thumbnailUrl\":\"https:\\\/\\\/urolake.eus\\\/wp-content\\\/uploads\\\/2026\\\/05\\\/kartela_udako-campusa-2026-e1777706106207.png\",\"keywords\":[\"Campus\"],\"articleSection\":[\"Albisteak\"],\"inLanguage\":\"es\"},{\"@type\":\"WebPage\",\"@id\":\"https:\\\/\\\/urolake.eus\\\/es\\\/campus-de-verano-el-plazo-para-inscribirse-finaliza-el-24-de-mayo\\\/\",\"url\":\"https:\\\/\\\/urolake.eus\\\/es\\\/campus-de-verano-el-plazo-para-inscribirse-finaliza-el-24-de-mayo\\\/\",\"name\":\"Campus de Verano: el plazo para inscribirse finaliza el 24 de mayo - Urola K.E.\",\"isPartOf\":{\"@id\":\"https:\\\/\\\/urolake.eus\\\/es\\\/#website\"},\"primaryImageOfPage\":{\"@id\":\"https:\\\/\\\/urolake.eus\\\/es\\\/campus-de-verano-el-plazo-para-inscribirse-finaliza-el-24-de-mayo\\\/#primaryimage\"},\"image\":{\"@id\":\"https:\\\/\\\/urolake.eus\\\/es\\\/campus-de-verano-el-plazo-para-inscribirse-finaliza-el-24-de-mayo\\\/#primaryimage\"},\"thumbnailUrl\":\"https:\\\/\\\/urolake.eus\\\/wp-content\\\/uploads\\\/2026\\\/05\\\/kartela_udako-campusa-2026-e1777706106207.png\",\"datePublished\":\"2026-05-02T07:23:41+00:00\",\"breadcrumb\":{\"@id\":\"https:\\\/\\\/urolake.eus\\\/es\\\/campus-de-verano-el-plazo-para-inscribirse-finaliza-el-24-de-mayo\\\/#breadcrumb\"},\"inLanguage\":\"es\",\"potentialAction\":[{\"@type\":\"ReadAction\",\"target\":[\"https:\\\/\\\/urolake.eus\\\/es\\\/campus-de-verano-el-plazo-para-inscribirse-finaliza-el-24-de-mayo\\\/\"]}]},{\"@type\":\"ImageObject\",\"inLanguage\":\"es\",\"@id\":\"https:\\\/\\\/urolake.eus\\\/es\\\/campus-de-verano-el-plazo-para-inscribirse-finaliza-el-24-de-mayo\\\/#primaryimage\",\"url\":\"https:\\\/\\\/urolake.eus\\\/wp-content\\\/uploads\\\/2026\\\/05\\\/kartela_udako-campusa-2026-e1777706106207.png\",\"contentUrl\":\"https:\\\/\\\/urolake.eus\\\/wp-content\\\/uploads\\\/2026\\\/05\\\/kartela_udako-campusa-2026-e1777706106207.png\",\"width\":2000,\"height\":1414},{\"@type\":\"BreadcrumbList\",\"@id\":\"https:\\\/\\\/urolake.eus\\\/es\\\/campus-de-verano-el-plazo-para-inscribirse-finaliza-el-24-de-mayo\\\/#breadcrumb\",\"itemListElement\":[{\"@type\":\"ListItem\",\"position\":1,\"name\":\"Inicio\",\"item\":\"https:\\\/\\\/urolake.eus\\\/es\\\/\"},{\"@type\":\"ListItem\",\"position\":2,\"name\":\"Noticias\",\"item\":\"https:\\\/\\\/urolake.eus\\\/es\\\/noticias\\\/\"},{\"@type\":\"ListItem\",\"position\":3,\"name\":\"Campus de Verano: el plazo para inscribirse finaliza el 24 de mayo\"}]},{\"@type\":\"WebSite\",\"@id\":\"https:\\\/\\\/urolake.eus\\\/es\\\/#website\",\"url\":\"https:\\\/\\\/urolake.eus\\\/es\\\/\",\"name\":\"Urola K.E.\",\"description\":\"\",\"publisher\":{\"@id\":\"https:\\\/\\\/urolake.eus\\\/es\\\/#organization\"},\"potentialAction\":[{\"@type\":\"SearchAction\",\"target\":{\"@type\":\"EntryPoint\",\"urlTemplate\":\"https:\\\/\\\/urolake.eus\\\/es\\\/?s={search_term_string}\"},\"query-input\":{\"@type\":\"PropertyValueSpecification\",\"valueRequired\":true,\"valueName\":\"search_term_string\"}}],\"inLanguage\":\"es\"},{\"@type\":\"Organization\",\"@id\":\"https:\\\/\\\/urolake.eus\\\/es\\\/#organization\",\"name\":\"Urola K.E.\",\"url\":\"https:\\\/\\\/urolake.eus\\\/es\\\/\",\"logo\":{\"@type\":\"ImageObject\",\"inLanguage\":\"es\",\"@id\":\"https:\\\/\\\/urolake.eus\\\/es\\\/#\\\/schema\\\/logo\\\/image\\\/\",\"url\":\"https:\\\/\\\/urolake.eus\\\/wp-content\\\/uploads\\\/2022\\\/08\\\/cropped-UrolaKEtxt2.png\",\"contentUrl\":\"https:\\\/\\\/urolake.eus\\\/wp-content\\\/uploads\\\/2022\\\/08\\\/cropped-UrolaKEtxt2.png\",\"width\":1000,\"height\":357,\"caption\":\"Urola K.E.\"},\"image\":{\"@id\":\"https:\\\/\\\/urolake.eus\\\/es\\\/#\\\/schema\\\/logo\\\/image\\\/\"}},{\"@type\":\"Person\",\"@id\":\"https:\\\/\\\/urolake.eus\\\/es\\\/#\\\/schema\\\/person\\\/b1e8fc95ecfb6816becb7445284f9a50\",\"name\":\"komunikazioa\"}]}<\/script>\n<!-- \/ Yoast SEO plugin. -->","yoast_head_json":{"title":"Campus de Verano: el plazo para inscribirse finaliza el 24 de mayo - Urola K.E.","robots":{"index":"index","follow":"follow","max-snippet":"max-snippet:-1","max-image-preview":"max-image-preview:large","max-video-preview":"max-video-preview:-1"},"canonical":"https:\/\/urolake.eus\/es\/campus-de-verano-el-plazo-para-inscribirse-finaliza-el-24-de-mayo\/","og_locale":"es_ES","og_type":"article","og_title":"Campus de Verano: el plazo para inscribirse finaliza el 24 de mayo - Urola K.E.","og_description":"El Urola volver\u00e1 a organizar un a\u00f1o m\u00e1s su Campus de Verano. Dirigido a ni\u00f1os y ni\u00f1as nacidos en los a\u00f1os 2012-2017, se desarrollar\u00e1 durante tres semanas, desde las 10:00 a la 13:00 de la ma\u00f1ana. Entre los d\u00edas 6-10, 13-17 y 20-24 de julio, la estancia podr\u00e1 cumplirse completa o semanalmente. El coste total [&hellip;]","og_url":"https:\/\/urolake.eus\/es\/campus-de-verano-el-plazo-para-inscribirse-finaliza-el-24-de-mayo\/","og_site_name":"Urola K.E.","article_published_time":"2026-05-02T07:23:41+00:00","og_image":[{"width":2000,"height":1414,"url":"https:\/\/urolake.eus\/wp-content\/uploads\/2026\/05\/kartela_udako-campusa-2026-e1777706106207.png","type":"image\/png"}],"author":"komunikazioa","twitter_card":"summary_large_image","twitter_misc":{"Escrito por":"komunikazioa","Tiempo de lectura":"1 minuto"},"schema":{"@context":"https:\/\/schema.org","@graph":[{"@type":"Article","@id":"https:\/\/urolake.eus\/es\/campus-de-verano-el-plazo-para-inscribirse-finaliza-el-24-de-mayo\/#article","isPartOf":{"@id":"https:\/\/urolake.eus\/es\/campus-de-verano-el-plazo-para-inscribirse-finaliza-el-24-de-mayo\/"},"author":{"name":"komunikazioa","@id":"https:\/\/urolake.eus\/es\/#\/schema\/person\/b1e8fc95ecfb6816becb7445284f9a50"},"headline":"Campus de Verano: el plazo para inscribirse finaliza el 24 de mayo","datePublished":"2026-05-02T07:23:41+00:00","mainEntityOfPage":{"@id":"https:\/\/urolake.eus\/es\/campus-de-verano-el-plazo-para-inscribirse-finaliza-el-24-de-mayo\/"},"wordCount":101,"publisher":{"@id":"https:\/\/urolake.eus\/es\/#organization"},"image":{"@id":"https:\/\/urolake.eus\/es\/campus-de-verano-el-plazo-para-inscribirse-finaliza-el-24-de-mayo\/#primaryimage"},"thumbnailUrl":"https:\/\/urolake.eus\/wp-content\/uploads\/2026\/05\/kartela_udako-campusa-2026-e1777706106207.png","keywords":["Campus"],"articleSection":["Albisteak"],"inLanguage":"es"},{"@type":"WebPage","@id":"https:\/\/urolake.eus\/es\/campus-de-verano-el-plazo-para-inscribirse-finaliza-el-24-de-mayo\/","url":"https:\/\/urolake.eus\/es\/campus-de-verano-el-plazo-para-inscribirse-finaliza-el-24-de-mayo\/","name":"Campus de Verano: el plazo para inscribirse finaliza el 24 de mayo - Urola K.E.","isPartOf":{"@id":"https:\/\/urolake.eus\/es\/#website"},"primaryImageOfPage":{"@id":"https:\/\/urolake.eus\/es\/campus-de-verano-el-plazo-para-inscribirse-finaliza-el-24-de-mayo\/#primaryimage"},"image":{"@id":"https:\/\/urolake.eus\/es\/campus-de-verano-el-plazo-para-inscribirse-finaliza-el-24-de-mayo\/#primaryimage"},"thumbnailUrl":"https:\/\/urolake.eus\/wp-content\/uploads\/2026\/05\/kartela_udako-campusa-2026-e1777706106207.png","datePublished":"2026-05-02T07:23:41+00:00","breadcrumb":{"@id":"https:\/\/urolake.eus\/es\/campus-de-verano-el-plazo-para-inscribirse-finaliza-el-24-de-mayo\/#breadcrumb"},"inLanguage":"es","potentialAction":[{"@type":"ReadAction","target":["https:\/\/urolake.eus\/es\/campus-de-verano-el-plazo-para-inscribirse-finaliza-el-24-de-mayo\/"]}]},{"@type":"ImageObject","inLanguage":"es","@id":"https:\/\/urolake.eus\/es\/campus-de-verano-el-plazo-para-inscribirse-finaliza-el-24-de-mayo\/#primaryimage","url":"https:\/\/urolake.eus\/wp-content\/uploads\/2026\/05\/kartela_udako-campusa-2026-e1777706106207.png","contentUrl":"https:\/\/urolake.eus\/wp-content\/uploads\/2026\/05\/kartela_udako-campusa-2026-e1777706106207.png","width":2000,"height":1414},{"@type":"BreadcrumbList","@id":"https:\/\/urolake.eus\/es\/campus-de-verano-el-plazo-para-inscribirse-finaliza-el-24-de-mayo\/#breadcrumb","itemListElement":[{"@type":"ListItem","position":1,"name":"Inicio","item":"https:\/\/urolake.eus\/es\/"},{"@type":"ListItem","position":2,"name":"Noticias","item":"https:\/\/urolake.eus\/es\/noticias\/"},{"@type":"ListItem","position":3,"name":"Campus de Verano: el plazo para inscribirse finaliza el 24 de mayo"}]},{"@type":"WebSite","@id":"https:\/\/urolake.eus\/es\/#website","url":"https:\/\/urolake.eus\/es\/","name":"Urola K.E.","description":"","publisher":{"@id":"https:\/\/urolake.eus\/es\/#organization"},"potentialAction":[{"@type":"SearchAction","target":{"@type":"EntryPoint","urlTemplate":"https:\/\/urolake.eus\/es\/?s={search_term_string}"},"query-input":{"@type":"PropertyValueSpecification","valueRequired":true,"valueName":"search_term_string"}}],"inLanguage":"es"},{"@type":"Organization","@id":"https:\/\/urolake.eus\/es\/#organization","name":"Urola K.E.","url":"https:\/\/urolake.eus\/es\/","logo":{"@type":"ImageObject","inLanguage":"es","@id":"https:\/\/urolake.eus\/es\/#\/schema\/logo\/image\/","url":"https:\/\/urolake.eus\/wp-content\/uploads\/2022\/08\/cropped-UrolaKEtxt2.png","contentUrl":"https:\/\/urolake.eus\/wp-content\/uploads\/2022\/08\/cropped-UrolaKEtxt2.png","width":1000,"height":357,"caption":"Urola K.E."},"image":{"@id":"https:\/\/urolake.eus\/es\/#\/schema\/logo\/image\/"}},{"@type":"Person","@id":"https:\/\/urolake.eus\/es\/#\/schema\/person\/b1e8fc95ecfb6816becb7445284f9a50","name":"komunikazioa"}]}},"_links":{"self":[{"href":"https:\/\/urolake.eus\/es\/wp-json\/wp\/v2\/posts\/6649","targetHints":{"allow":["GET"]}}],"collection":[{"href":"https:\/\/urolake.eus\/es\/wp-json\/wp\/v2\/posts"}],"about":[{"href":"https:\/\/urolake.eus\/es\/wp-json\/wp\/v2\/types\/post"}],"author":[{"embeddable":true,"href":"https:\/\/urolake.eus\/es\/wp-json\/wp\/v2\/users\/2"}],"replies":[{"embeddable":true,"href":"https:\/\/urolake.eus\/es\/wp-json\/wp\/v2\/comments?post=6649"}],"version-history":[{"count":1,"href":"https:\/\/urolake.eus\/es\/wp-json\/wp\/v2\/posts\/6649\/revisions"}],"predecessor-version":[{"id":6650,"href":"https:\/\/urolake.eus\/es\/wp-json\/wp\/v2\/posts\/6649\/revisions\/6650"}],"wp:featuredmedia":[{"embeddable":true,"href":"https:\/\/urolake.eus\/es\/wp-json\/wp\/v2\/media\/6646"}],"wp:attachment":[{"href":"https:\/\/urolake.eus\/es\/wp-json\/wp\/v2\/media?parent=6649"}],"wp:term":[{"taxonomy":"category","embeddable":true,"href":"https:\/\/urolake.eus\/es\/wp-json\/wp\/v2\/categories?post=6649"},{"taxonomy":"post_tag","embeddable":true,"href":"https:\/\/urolake.eus\/es\/wp-json\/wp\/v2\/tags?post=6649"}],"curies":[{"name":"wp","href":"https:\/\/api.w.org\/{rel}","templated":true}]}}