{"id":6714,"date":"2026-09-01T22:06:28","date_gmt":"2026-09-01T20:06:28","guid":{"rendered":"https:\/\/urolake.eus\/?p=6714"},"modified":"2026-09-01T22:08:52","modified_gmt":"2026-09-01T20:08:52","slug":"pistoletazo-de-salida-a-la-temporada-2026-27-con-ofrenda-floral-y-torneo-zumarraga-urretxu","status":"publish","type":"post","link":"https:\/\/urolake.eus\/es\/pistoletazo-de-salida-a-la-temporada-2026-27-con-ofrenda-floral-y-torneo-zumarraga-urretxu\/","title":{"rendered":"Pistoletazo de salida a la temporada 2026\/27 con ofrenda floral y Torneo Zumarraga-Urretxu"},"content":{"rendered":"<p><span style=\"font-weight: 400;\">El pr\u00f3ximo <\/span><b>5 de septiembre se disputar\u00e1 en Argixao el Torneo Zumarraga-Urretxu<\/b><span style=\"font-weight: 400;\">, una cita que servir\u00e1 como preludio a la temporada 2026\/27 del Urola Kirol Elkartea. La jornada incluir\u00e1 tambi\u00e9n la tradicional <\/span><b>ofrenda floral a la Virgen de Antigua<\/b><span style=\"font-weight: 400;\">, como acto simb\u00f3lico de inicio de la nueva temporada.<\/span><\/p>\n<p><span style=\"font-weight: 400;\">El primer partido del torneo ser\u00e1 el femenino, a las <\/span><b>15:30 horas<\/b><span style=\"font-weight: 400;\">, con el Urola K.E. enfrent\u00e1ndose al equipo de <\/span><b>Debagoiena Bailara<\/b><span style=\"font-weight: 400;\">. Posteriormente, a las <\/span><b>17:30 horas<\/b><span style=\"font-weight: 400;\">, ser\u00e1 el turno del equipo masculino, que se medir\u00e1 al <\/span><b>Ilintxa<\/b><span style=\"font-weight: 400;\">.<\/span><\/p>\n<p><span style=\"font-weight: 400;\">Antes de los encuentros, a las <\/span><b>13:00 horas<\/b><span style=\"font-weight: 400;\">, el Urola K.E. realizar\u00e1 la <strong>ofrenda floral<\/strong> a la Virgen de Antigua. En el acto participar\u00e1n, adem\u00e1s de las jugadoras y jugadores de los dos primeros equipos, miembros de la Junta Directiva y representantes del Ayuntamiento de Zumarraga.<\/span><\/p>\n<p>&nbsp;<\/p>\n<p><b>La nueva temporada, a punto de comenzar<\/b><\/p>\n<p><strong>El equipo masculino de Regional Preferente comenzar\u00e1 la temporada 2026\/27 el 13 de septiembre, en Ondartza, frente al Hondarribia<\/strong>. Esta temporada, Valen Tena asumir\u00e1 la responsabilidad de dirigir al primer equipo masculino, acompa\u00f1ado por Markel Babarro, Julio Pastrian y Aitor Moreno.<\/p>\n<p><strong>Una semana despu\u00e9s, comenzar\u00e1 la competici\u00f3n para el equipo femenino de Regional Preferente. El Urola se enfrentar\u00e1 al Elgoibar en Mintxeta<\/strong>. Un a\u00f1o m\u00e1s, Aitor Irizar, Juanlu Elizondo y Mikel Irizar estar\u00e1n al frente del equipo.<\/p>\n<p>Los dos primeros equipos comenzaron los entrenamientos en agosto y el resto de equipos que forman parte del Urola Kirol Elkartea tambi\u00e9n est\u00e1n ya en marcha. En la nueva temporada, <strong>el Urola contar\u00e1 con 20 equipos federados \u201414 masculinos y 6 femeninos\u2014, adem\u00e1s de la Escuela de F\u00fatbol. En total, el club estar\u00e1 formado por alrededor de 490 futbolistas y 67 entrenador@s.<\/strong><\/p>\n<p>&nbsp;<\/p>\n<p><b>Temporada 2026\/27: de la consolidaci\u00f3n a la mejora<\/b><\/p>\n<p><span style=\"font-weight: 400;\">De cara a la temporada 2026\/27, la Junta Directiva del Urola K.E. se marca como objetivo <\/span><b>consolidar el proyecto actual y seguir dando nuevos pasos adelante<\/b><span style=\"font-weight: 400;\">.<\/span><\/p>\n<p><span style=\"font-weight: 400;\">En el <\/span><b>\u00e1mbito deportivo<\/b><span style=\"font-weight: 400;\">, uno de los principales retos ser\u00e1 aumentar la competitividad del equipo femenino de Regional Preferente. En el equipo masculino, por su parte, se seguir\u00e1 construyendo un proyecto de futuro con un nuevo staff t\u00e9cnico. En las categor\u00edas juvenil y cadete, la prioridad ser\u00e1 mantener la categor\u00eda.<\/span><\/p>\n<p><span style=\"font-weight: 400;\">El club tambi\u00e9n reforzar\u00e1 diferentes medidas destinadas a mejorar la gesti\u00f3n diaria, entre ellas el <\/span><b>protocolo Joko OK<\/b><span style=\"font-weight: 400;\">, unos criterios unificados para el retorno de jugadores, la <\/span><b>metodolog\u00eda Urola-Real<\/b><span style=\"font-weight: 400;\"> y la estructura de entrenadores.<\/span><\/p>\n<p><span style=\"font-weight: 400;\">M\u00e1s all\u00e1 de los objetivos deportivos, <\/span><b>reforzar la solidez y la identidad del club de cara al futuro<\/b><span style=\"font-weight: 400;\"> ser\u00e1 uno de los principales ejes de trabajo de la Junta Directiva. En el \u00e1mbito econ\u00f3mico, se mantendr\u00e1 el control del gasto y una gesti\u00f3n responsable de los recursos, al tiempo que se trabajar\u00e1 para atraer nuevos patrocinadores y fortalecer las alianzas existentes.<\/span><\/p>\n<p><span style=\"font-weight: 400;\">Asimismo, a partir de la temporada 2026\/27, los jugadores y jugadoras de las categor\u00edas <\/span><b>infantil y superiores deber\u00e1n utilizar la equipaci\u00f3n oficial de calle del Urola K.E. para acudir y regresar de los partidos<\/b><span style=\"font-weight: 400;\">, con el objetivo de reforzar la imagen conjunta del club y el sentimiento de pertenencia al equipo.<\/span><\/p>\n<p><span style=\"font-weight: 400;\">En el \u00e1mbito de la comunicaci\u00f3n, el club seguir\u00e1 avanzando con una mayor presencia en redes sociales, impulsando a los equipos senior como referentes del club y aumentando la presencia del euskera en la comunicaci\u00f3n.<\/span><\/p>\n<p>&nbsp;<\/p>\n<p><b>El euskera, uno de los ejes estrat\u00e9gicos<\/b><\/p>\n<p><b>El euskera ser\u00e1 tambi\u00e9n uno de los pilares de la estrategia del club.<\/b><span style=\"font-weight: 400;\"> En el marco del Plan de Euskera 2025-2028, el Urola seguir\u00e1 dando pasos para pasar del diagn\u00f3stico a la acci\u00f3n, fomentando el uso del euskera en los entrenamientos, en la comunicaci\u00f3n interna y externa y en la propia imagen del club.<\/span><\/p>\n<p><span style=\"font-weight: 400;\">El objetivo es claro: <\/span><b>seguir siendo un club de f\u00fatbol que lleva al campo el bal\u00f3n y los valores en euskera.<\/b><\/p>\n<p><span style=\"font-weight: 400;\">Para afrontar todos estos retos, la Junta Directiva considera imprescindible <\/span><b>la colaboraci\u00f3n entre todas las personas que forman parte del club<\/b><span style=\"font-weight: 400;\">. Por ello, agradece el compromiso de socios, familias, jugador@s, entrenador@s, voluntarios y patrocinadores, y anima a toda la familia del Urola a seguir trabajando conjuntamente en esta nueva temporada.<\/span><\/p>\n","protected":false},"excerpt":{"rendered":"<p>El pr\u00f3ximo 5 de septiembre se disputar\u00e1 en Argixao el Torneo Zumarraga-Urretxu, una cita que servir\u00e1 como preludio a la temporada 2026\/27 del Urola Kirol Elkartea. La jornada incluir\u00e1 tambi\u00e9n la tradicional ofrenda floral a la Virgen de Antigua, como acto simb\u00f3lico de inicio de la nueva temporada. El primer partido del torneo ser\u00e1 el [&hellip;]<\/p>\n","protected":false},"author":2,"featured_media":6711,"comment_status":"closed","ping_status":"closed","sticky":false,"template":"","format":"standard","meta":{"_acf_changed":false,"footnotes":""},"categories":[6],"tags":[],"class_list":["post-6714","post","type-post","status-publish","format-standard","has-post-thumbnail","hentry","category-noticias"],"acf":[],"yoast_head":"<!-- This site is optimized with the Yoast SEO plugin v28.0 - https:\/\/yoast.com\/product\/yoast-seo-wordpress\/ -->\n<title>Pistoletazo de salida a la temporada 2026\/27 con ofrenda floral y Torneo Zumarraga-Urretxu - Urola K.E.<\/title>\n<meta name=\"robots\" content=\"index, follow, max-snippet:-1, max-image-preview:large, max-video-preview:-1\" \/>\n<link rel=\"canonical\" href=\"https:\/\/urolake.eus\/es\/pistoletazo-de-salida-a-la-temporada-2026-27-con-ofrenda-floral-y-torneo-zumarraga-urretxu\/\" \/>\n<meta property=\"og:locale\" content=\"es_ES\" \/>\n<meta property=\"og:type\" content=\"article\" \/>\n<meta property=\"og:title\" content=\"Pistoletazo de salida a la temporada 2026\/27 con ofrenda floral y Torneo Zumarraga-Urretxu - Urola K.E.\" \/>\n<meta property=\"og:description\" content=\"El pr\u00f3ximo 5 de septiembre se disputar\u00e1 en Argixao el Torneo Zumarraga-Urretxu, una cita que servir\u00e1 como preludio a la temporada 2026\/27 del Urola Kirol Elkartea. La jornada incluir\u00e1 tambi\u00e9n la tradicional ofrenda floral a la Virgen de Antigua, como acto simb\u00f3lico de inicio de la nueva temporada. El primer partido del torneo ser\u00e1 el [&hellip;]\" \/>\n<meta property=\"og:url\" content=\"https:\/\/urolake.eus\/es\/pistoletazo-de-salida-a-la-temporada-2026-27-con-ofrenda-floral-y-torneo-zumarraga-urretxu\/\" \/>\n<meta property=\"og:site_name\" content=\"Urola K.E.\" \/>\n<meta property=\"article:published_time\" content=\"2026-09-01T20:06:28+00:00\" \/>\n<meta property=\"article:modified_time\" content=\"2026-09-01T20:08:52+00:00\" \/>\n<meta property=\"og:image\" content=\"https:\/\/urolake.eus\/wp-content\/uploads\/2026\/08\/Kartela-Zum.-Urr.-txapelketa-2026-1.jpg\" \/>\n\t<meta property=\"og:image:width\" content=\"1587\" \/>\n\t<meta property=\"og:image:height\" content=\"2245\" \/>\n\t<meta property=\"og:image:type\" content=\"image\/jpeg\" \/>\n<meta name=\"author\" content=\"komunikazioa\" \/>\n<meta name=\"twitter:card\" content=\"summary_large_image\" \/>\n<meta name=\"twitter:label1\" content=\"Escrito por\" \/>\n\t<meta name=\"twitter:data1\" content=\"komunikazioa\" \/>\n\t<meta name=\"twitter:label2\" content=\"Tiempo de lectura\" \/>\n\t<meta name=\"twitter:data2\" content=\"4 minutos\" \/>\n<script type=\"application\/ld+json\" class=\"yoast-schema-graph\">{\"@context\":\"https:\\\/\\\/schema.org\",\"@graph\":[{\"@type\":\"Article\",\"@id\":\"https:\\\/\\\/urolake.eus\\\/es\\\/pistoletazo-de-salida-a-la-temporada-2026-27-con-ofrenda-floral-y-torneo-zumarraga-urretxu\\\/#article\",\"isPartOf\":{\"@id\":\"https:\\\/\\\/urolake.eus\\\/es\\\/pistoletazo-de-salida-a-la-temporada-2026-27-con-ofrenda-floral-y-torneo-zumarraga-urretxu\\\/\"},\"author\":{\"name\":\"komunikazioa\",\"@id\":\"https:\\\/\\\/urolake.eus\\\/es\\\/#\\\/schema\\\/person\\\/b1e8fc95ecfb6816becb7445284f9a50\"},\"headline\":\"Pistoletazo de salida a la temporada 2026\\\/27 con ofrenda floral y Torneo Zumarraga-Urretxu\",\"datePublished\":\"2026-09-01T20:06:28+00:00\",\"dateModified\":\"2026-09-01T20:08:52+00:00\",\"mainEntityOfPage\":{\"@id\":\"https:\\\/\\\/urolake.eus\\\/es\\\/pistoletazo-de-salida-a-la-temporada-2026-27-con-ofrenda-floral-y-torneo-zumarraga-urretxu\\\/\"},\"wordCount\":721,\"publisher\":{\"@id\":\"https:\\\/\\\/urolake.eus\\\/es\\\/#organization\"},\"image\":{\"@id\":\"https:\\\/\\\/urolake.eus\\\/es\\\/pistoletazo-de-salida-a-la-temporada-2026-27-con-ofrenda-floral-y-torneo-zumarraga-urretxu\\\/#primaryimage\"},\"thumbnailUrl\":\"https:\\\/\\\/urolake.eus\\\/wp-content\\\/uploads\\\/2026\\\/08\\\/Kartela-Zum.-Urr.-txapelketa-2026-1.jpg\",\"articleSection\":[\"Noticias\"],\"inLanguage\":\"es\"},{\"@type\":\"WebPage\",\"@id\":\"https:\\\/\\\/urolake.eus\\\/es\\\/pistoletazo-de-salida-a-la-temporada-2026-27-con-ofrenda-floral-y-torneo-zumarraga-urretxu\\\/\",\"url\":\"https:\\\/\\\/urolake.eus\\\/es\\\/pistoletazo-de-salida-a-la-temporada-2026-27-con-ofrenda-floral-y-torneo-zumarraga-urretxu\\\/\",\"name\":\"Pistoletazo de salida a la temporada 2026\\\/27 con ofrenda floral y Torneo Zumarraga-Urretxu - Urola K.E.\",\"isPartOf\":{\"@id\":\"https:\\\/\\\/urolake.eus\\\/es\\\/#website\"},\"primaryImageOfPage\":{\"@id\":\"https:\\\/\\\/urolake.eus\\\/es\\\/pistoletazo-de-salida-a-la-temporada-2026-27-con-ofrenda-floral-y-torneo-zumarraga-urretxu\\\/#primaryimage\"},\"image\":{\"@id\":\"https:\\\/\\\/urolake.eus\\\/es\\\/pistoletazo-de-salida-a-la-temporada-2026-27-con-ofrenda-floral-y-torneo-zumarraga-urretxu\\\/#primaryimage\"},\"thumbnailUrl\":\"https:\\\/\\\/urolake.eus\\\/wp-content\\\/uploads\\\/2026\\\/08\\\/Kartela-Zum.-Urr.-txapelketa-2026-1.jpg\",\"datePublished\":\"2026-09-01T20:06:28+00:00\",\"dateModified\":\"2026-09-01T20:08:52+00:00\",\"breadcrumb\":{\"@id\":\"https:\\\/\\\/urolake.eus\\\/es\\\/pistoletazo-de-salida-a-la-temporada-2026-27-con-ofrenda-floral-y-torneo-zumarraga-urretxu\\\/#breadcrumb\"},\"inLanguage\":\"es\",\"potentialAction\":[{\"@type\":\"ReadAction\",\"target\":[\"https:\\\/\\\/urolake.eus\\\/es\\\/pistoletazo-de-salida-a-la-temporada-2026-27-con-ofrenda-floral-y-torneo-zumarraga-urretxu\\\/\"]}]},{\"@type\":\"ImageObject\",\"inLanguage\":\"es\",\"@id\":\"https:\\\/\\\/urolake.eus\\\/es\\\/pistoletazo-de-salida-a-la-temporada-2026-27-con-ofrenda-floral-y-torneo-zumarraga-urretxu\\\/#primaryimage\",\"url\":\"https:\\\/\\\/urolake.eus\\\/wp-content\\\/uploads\\\/2026\\\/08\\\/Kartela-Zum.-Urr.-txapelketa-2026-1.jpg\",\"contentUrl\":\"https:\\\/\\\/urolake.eus\\\/wp-content\\\/uploads\\\/2026\\\/08\\\/Kartela-Zum.-Urr.-txapelketa-2026-1.jpg\",\"width\":1587,\"height\":2245},{\"@type\":\"BreadcrumbList\",\"@id\":\"https:\\\/\\\/urolake.eus\\\/es\\\/pistoletazo-de-salida-a-la-temporada-2026-27-con-ofrenda-floral-y-torneo-zumarraga-urretxu\\\/#breadcrumb\",\"itemListElement\":[{\"@type\":\"ListItem\",\"position\":1,\"name\":\"Inicio\",\"item\":\"https:\\\/\\\/urolake.eus\\\/es\\\/\"},{\"@type\":\"ListItem\",\"position\":2,\"name\":\"Noticias\",\"item\":\"https:\\\/\\\/urolake.eus\\\/es\\\/noticias\\\/\"},{\"@type\":\"ListItem\",\"position\":3,\"name\":\"Pistoletazo de salida a la temporada 2026\\\/27 con ofrenda floral y Torneo Zumarraga-Urretxu\"}]},{\"@type\":\"WebSite\",\"@id\":\"https:\\\/\\\/urolake.eus\\\/es\\\/#website\",\"url\":\"https:\\\/\\\/urolake.eus\\\/es\\\/\",\"name\":\"Urola K.E.\",\"description\":\"\",\"publisher\":{\"@id\":\"https:\\\/\\\/urolake.eus\\\/es\\\/#organization\"},\"potentialAction\":[{\"@type\":\"SearchAction\",\"target\":{\"@type\":\"EntryPoint\",\"urlTemplate\":\"https:\\\/\\\/urolake.eus\\\/es\\\/?s={search_term_string}\"},\"query-input\":{\"@type\":\"PropertyValueSpecification\",\"valueRequired\":true,\"valueName\":\"search_term_string\"}}],\"inLanguage\":\"es\"},{\"@type\":\"Organization\",\"@id\":\"https:\\\/\\\/urolake.eus\\\/es\\\/#organization\",\"name\":\"Urola K.E.\",\"url\":\"https:\\\/\\\/urolake.eus\\\/es\\\/\",\"logo\":{\"@type\":\"ImageObject\",\"inLanguage\":\"es\",\"@id\":\"https:\\\/\\\/urolake.eus\\\/es\\\/#\\\/schema\\\/logo\\\/image\\\/\",\"url\":\"https:\\\/\\\/urolake.eus\\\/wp-content\\\/uploads\\\/2022\\\/08\\\/cropped-UrolaKEtxt2.png\",\"contentUrl\":\"https:\\\/\\\/urolake.eus\\\/wp-content\\\/uploads\\\/2022\\\/08\\\/cropped-UrolaKEtxt2.png\",\"width\":1000,\"height\":357,\"caption\":\"Urola K.E.\"},\"image\":{\"@id\":\"https:\\\/\\\/urolake.eus\\\/es\\\/#\\\/schema\\\/logo\\\/image\\\/\"}},{\"@type\":\"Person\",\"@id\":\"https:\\\/\\\/urolake.eus\\\/es\\\/#\\\/schema\\\/person\\\/b1e8fc95ecfb6816becb7445284f9a50\",\"name\":\"komunikazioa\"}]}<\/script>\n<!-- \/ Yoast SEO plugin. -->","yoast_head_json":{"title":"Pistoletazo de salida a la temporada 2026\/27 con ofrenda floral y Torneo Zumarraga-Urretxu - Urola K.E.","robots":{"index":"index","follow":"follow","max-snippet":"max-snippet:-1","max-image-preview":"max-image-preview:large","max-video-preview":"max-video-preview:-1"},"canonical":"https:\/\/urolake.eus\/es\/pistoletazo-de-salida-a-la-temporada-2026-27-con-ofrenda-floral-y-torneo-zumarraga-urretxu\/","og_locale":"es_ES","og_type":"article","og_title":"Pistoletazo de salida a la temporada 2026\/27 con ofrenda floral y Torneo Zumarraga-Urretxu - Urola K.E.","og_description":"El pr\u00f3ximo 5 de septiembre se disputar\u00e1 en Argixao el Torneo Zumarraga-Urretxu, una cita que servir\u00e1 como preludio a la temporada 2026\/27 del Urola Kirol Elkartea. La jornada incluir\u00e1 tambi\u00e9n la tradicional ofrenda floral a la Virgen de Antigua, como acto simb\u00f3lico de inicio de la nueva temporada. El primer partido del torneo ser\u00e1 el [&hellip;]","og_url":"https:\/\/urolake.eus\/es\/pistoletazo-de-salida-a-la-temporada-2026-27-con-ofrenda-floral-y-torneo-zumarraga-urretxu\/","og_site_name":"Urola K.E.","article_published_time":"2026-09-01T20:06:28+00:00","article_modified_time":"2026-09-01T20:08:52+00:00","og_image":[{"width":1587,"height":2245,"url":"https:\/\/urolake.eus\/wp-content\/uploads\/2026\/08\/Kartela-Zum.-Urr.-txapelketa-2026-1.jpg","type":"image\/jpeg"}],"author":"komunikazioa","twitter_card":"summary_large_image","twitter_misc":{"Escrito por":"komunikazioa","Tiempo de lectura":"4 minutos"},"schema":{"@context":"https:\/\/schema.org","@graph":[{"@type":"Article","@id":"https:\/\/urolake.eus\/es\/pistoletazo-de-salida-a-la-temporada-2026-27-con-ofrenda-floral-y-torneo-zumarraga-urretxu\/#article","isPartOf":{"@id":"https:\/\/urolake.eus\/es\/pistoletazo-de-salida-a-la-temporada-2026-27-con-ofrenda-floral-y-torneo-zumarraga-urretxu\/"},"author":{"name":"komunikazioa","@id":"https:\/\/urolake.eus\/es\/#\/schema\/person\/b1e8fc95ecfb6816becb7445284f9a50"},"headline":"Pistoletazo de salida a la temporada 2026\/27 con ofrenda floral y Torneo Zumarraga-Urretxu","datePublished":"2026-09-01T20:06:28+00:00","dateModified":"2026-09-01T20:08:52+00:00","mainEntityOfPage":{"@id":"https:\/\/urolake.eus\/es\/pistoletazo-de-salida-a-la-temporada-2026-27-con-ofrenda-floral-y-torneo-zumarraga-urretxu\/"},"wordCount":721,"publisher":{"@id":"https:\/\/urolake.eus\/es\/#organization"},"image":{"@id":"https:\/\/urolake.eus\/es\/pistoletazo-de-salida-a-la-temporada-2026-27-con-ofrenda-floral-y-torneo-zumarraga-urretxu\/#primaryimage"},"thumbnailUrl":"https:\/\/urolake.eus\/wp-content\/uploads\/2026\/08\/Kartela-Zum.-Urr.-txapelketa-2026-1.jpg","articleSection":["Noticias"],"inLanguage":"es"},{"@type":"WebPage","@id":"https:\/\/urolake.eus\/es\/pistoletazo-de-salida-a-la-temporada-2026-27-con-ofrenda-floral-y-torneo-zumarraga-urretxu\/","url":"https:\/\/urolake.eus\/es\/pistoletazo-de-salida-a-la-temporada-2026-27-con-ofrenda-floral-y-torneo-zumarraga-urretxu\/","name":"Pistoletazo de salida a la temporada 2026\/27 con ofrenda floral y Torneo Zumarraga-Urretxu - Urola K.E.","isPartOf":{"@id":"https:\/\/urolake.eus\/es\/#website"},"primaryImageOfPage":{"@id":"https:\/\/urolake.eus\/es\/pistoletazo-de-salida-a-la-temporada-2026-27-con-ofrenda-floral-y-torneo-zumarraga-urretxu\/#primaryimage"},"image":{"@id":"https:\/\/urolake.eus\/es\/pistoletazo-de-salida-a-la-temporada-2026-27-con-ofrenda-floral-y-torneo-zumarraga-urretxu\/#primaryimage"},"thumbnailUrl":"https:\/\/urolake.eus\/wp-content\/uploads\/2026\/08\/Kartela-Zum.-Urr.-txapelketa-2026-1.jpg","datePublished":"2026-09-01T20:06:28+00:00","dateModified":"2026-09-01T20:08:52+00:00","breadcrumb":{"@id":"https:\/\/urolake.eus\/es\/pistoletazo-de-salida-a-la-temporada-2026-27-con-ofrenda-floral-y-torneo-zumarraga-urretxu\/#breadcrumb"},"inLanguage":"es","potentialAction":[{"@type":"ReadAction","target":["https:\/\/urolake.eus\/es\/pistoletazo-de-salida-a-la-temporada-2026-27-con-ofrenda-floral-y-torneo-zumarraga-urretxu\/"]}]},{"@type":"ImageObject","inLanguage":"es","@id":"https:\/\/urolake.eus\/es\/pistoletazo-de-salida-a-la-temporada-2026-27-con-ofrenda-floral-y-torneo-zumarraga-urretxu\/#primaryimage","url":"https:\/\/urolake.eus\/wp-content\/uploads\/2026\/08\/Kartela-Zum.-Urr.-txapelketa-2026-1.jpg","contentUrl":"https:\/\/urolake.eus\/wp-content\/uploads\/2026\/08\/Kartela-Zum.-Urr.-txapelketa-2026-1.jpg","width":1587,"height":2245},{"@type":"BreadcrumbList","@id":"https:\/\/urolake.eus\/es\/pistoletazo-de-salida-a-la-temporada-2026-27-con-ofrenda-floral-y-torneo-zumarraga-urretxu\/#breadcrumb","itemListElement":[{"@type":"ListItem","position":1,"name":"Inicio","item":"https:\/\/urolake.eus\/es\/"},{"@type":"ListItem","position":2,"name":"Noticias","item":"https:\/\/urolake.eus\/es\/noticias\/"},{"@type":"ListItem","position":3,"name":"Pistoletazo de salida a la temporada 2026\/27 con ofrenda floral y Torneo Zumarraga-Urretxu"}]},{"@type":"WebSite","@id":"https:\/\/urolake.eus\/es\/#website","url":"https:\/\/urolake.eus\/es\/","name":"Urola K.E.","description":"","publisher":{"@id":"https:\/\/urolake.eus\/es\/#organization"},"potentialAction":[{"@type":"SearchAction","target":{"@type":"EntryPoint","urlTemplate":"https:\/\/urolake.eus\/es\/?s={search_term_string}"},"query-input":{"@type":"PropertyValueSpecification","valueRequired":true,"valueName":"search_term_string"}}],"inLanguage":"es"},{"@type":"Organization","@id":"https:\/\/urolake.eus\/es\/#organization","name":"Urola K.E.","url":"https:\/\/urolake.eus\/es\/","logo":{"@type":"ImageObject","inLanguage":"es","@id":"https:\/\/urolake.eus\/es\/#\/schema\/logo\/image\/","url":"https:\/\/urolake.eus\/wp-content\/uploads\/2022\/08\/cropped-UrolaKEtxt2.png","contentUrl":"https:\/\/urolake.eus\/wp-content\/uploads\/2022\/08\/cropped-UrolaKEtxt2.png","width":1000,"height":357,"caption":"Urola K.E."},"image":{"@id":"https:\/\/urolake.eus\/es\/#\/schema\/logo\/image\/"}},{"@type":"Person","@id":"https:\/\/urolake.eus\/es\/#\/schema\/person\/b1e8fc95ecfb6816becb7445284f9a50","name":"komunikazioa"}]}},"_links":{"self":[{"href":"https:\/\/urolake.eus\/es\/wp-json\/wp\/v2\/posts\/6714","targetHints":{"allow":["GET"]}}],"collection":[{"href":"https:\/\/urolake.eus\/es\/wp-json\/wp\/v2\/posts"}],"about":[{"href":"https:\/\/urolake.eus\/es\/wp-json\/wp\/v2\/types\/post"}],"author":[{"embeddable":true,"href":"https:\/\/urolake.eus\/es\/wp-json\/wp\/v2\/users\/2"}],"replies":[{"embeddable":true,"href":"https:\/\/urolake.eus\/es\/wp-json\/wp\/v2\/comments?post=6714"}],"version-history":[{"count":4,"href":"https:\/\/urolake.eus\/es\/wp-json\/wp\/v2\/posts\/6714\/revisions"}],"predecessor-version":[{"id":6718,"href":"https:\/\/urolake.eus\/es\/wp-json\/wp\/v2\/posts\/6714\/revisions\/6718"}],"wp:featuredmedia":[{"embeddable":true,"href":"https:\/\/urolake.eus\/es\/wp-json\/wp\/v2\/media\/6711"}],"wp:attachment":[{"href":"https:\/\/urolake.eus\/es\/wp-json\/wp\/v2\/media?parent=6714"}],"wp:term":[{"taxonomy":"category","embeddable":true,"href":"https:\/\/urolake.eus\/es\/wp-json\/wp\/v2\/categories?post=6714"},{"taxonomy":"post_tag","embeddable":true,"href":"https:\/\/urolake.eus\/es\/wp-json\/wp\/v2\/tags?post=6714"}],"curies":[{"name":"wp","href":"https:\/\/api.w.org\/{rel}","templated":true}]}}